{"id":299816,"date":"2025-08-06T07:04:13","date_gmt":"2025-08-06T07:04:13","guid":{"rendered":"https:\/\/www.europesays.com\/fr\/299816\/"},"modified":"2025-08-06T07:04:13","modified_gmt":"2025-08-06T07:04:13","slug":"recherche-pour-meurtre-au-royaume-uni-il-est-interpelle-dans-les-deux-sevres","status":"publish","type":"post","link":"https:\/\/www.europesays.com\/fr\/299816\/","title":{"rendered":"Recherch\u00e9 pour meurtre au Royaume-Uni, il est interpell\u00e9 dans les Deux-S\u00e8vres"},"content":{"rendered":"<p>Un homme recherch\u00e9 notamment meurtre au Royaume-Uni a \u00e9t\u00e9 interpell\u00e9 le 30 juillet 2025 \u00e0 Niort dans les Deux-S\u00e8vres. Ce mardi 5 ao\u00fbt, la chambre de l&rsquo;instruction de la cour d&rsquo;appel de Poitiers a autoris\u00e9 sa remise aux autorit\u00e9s britanniques.<\/p>\n<p>Un homme recherch\u00e9 notamment pour meurtre, homicide involontaire et tentative de meurtre\u00a0au Royaume-Uni a \u00e9t\u00e9 interpell\u00e9 le 30 juillet 2025 \u00e0 Niort, dans les Deux-S\u00e8vres. Il \u00e9tait en possession de faux papiers. <strong>Un mandat d&rsquo;arr\u00eat avait \u00e9t\u00e9 \u00e9mis contre lui.<\/strong> Il est aussi soup\u00e7onn\u00e9 de blessures corporelles graves, d\u00e9tention d\u2019une arme offensive et d\u2019un objet tranchant.<\/p>\n<p>\u00c0\u00a0la suite de son interpellation, l&rsquo;individu est pass\u00e9 ce mardi 5 ao\u00fbt devant la chambre de l&rsquo;instruction de la cour d&rsquo;appel de Poitiers, qui a autoris\u00e9 sa remise aux autorit\u00e9s britanniques. Une\u00a0information de nos confr\u00e8res de <a target=\"_blank\" rel=\"nofollow noopener noreferrer\" class=\"IciLink ici-link IciArticleLink g-ici-body-regular-1 underline brand svelte-lu7k6w\" href=\"https:\/\/www.lanouvellerepublique.fr\/niort\/poursuivi-pour-meurtre-un-jeune-anglais-interpelle-a-niort-sera-remis-aux-autorites-britanniques-1754403659\">La Nouvelle R\u00e9publique<\/a>, confirm\u00e9e \u00e0 ICI Poitou par la cour d&rsquo;appel.\u00a0Cet homme qui \u00e9tait en fuite vivait clandestinement. Il est incarc\u00e9r\u00e9 \u00e0 la prison de Vivonne en attendant son extradition.<\/p>\n","protected":false},"excerpt":{"rendered":"Un homme recherch\u00e9 notamment meurtre au Royaume-Uni a \u00e9t\u00e9 interpell\u00e9 le 30 juillet 2025 \u00e0 Niort dans les&hellip;\n","protected":false},"author":2,"featured_media":299817,"comment_status":"","ping_status":"","sticky":false,"template":"","format":"standard","meta":{"footnotes":""},"categories":[1588],"tags":[11,1777,674,12,473,1853,1851,1850,1852],"class_list":{"0":"post-299816","1":"post","2":"type-post","3":"status-publish","4":"format-standard","5":"has-post-thumbnail","7":"category-royaume-uni","8":"tag-actualites","9":"tag-eu","10":"tag-europe","11":"tag-news","12":"tag-royaume-uni","13":"tag-royaume-uni-de-grande-bretagne-et-dirlande-du-nord","14":"tag-uk","15":"tag-united-kingdom","16":"tag-united-kingdom-of-great-britain-and-northern-ireland"},"share_on_mastodon":{"url":"https:\/\/pubeurope.com\/@fr\/114980550382000462","error":""},"_links":{"self":[{"href":"https:\/\/www.europesays.com\/fr\/wp-json\/wp\/v2\/posts\/299816","targetHints":{"allow":["GET"]}}],"collection":[{"href":"https:\/\/www.europesays.com\/fr\/wp-json\/wp\/v2\/posts"}],"about":[{"href":"https:\/\/www.europesays.com\/fr\/wp-json\/wp\/v2\/types\/post"}],"author":[{"embeddable":true,"href":"https:\/\/www.europesays.com\/fr\/wp-json\/wp\/v2\/users\/2"}],"replies":[{"embeddable":true,"href":"https:\/\/www.europesays.com\/fr\/wp-json\/wp\/v2\/comments?post=299816"}],"version-history":[{"count":0,"href":"https:\/\/www.europesays.com\/fr\/wp-json\/wp\/v2\/posts\/299816\/revisions"}],"wp:featuredmedia":[{"embeddable":true,"href":"https:\/\/www.europesays.com\/fr\/wp-json\/wp\/v2\/media\/299817"}],"wp:attachment":[{"href":"https:\/\/www.europesays.com\/fr\/wp-json\/wp\/v2\/media?parent=299816"}],"wp:term":[{"taxonomy":"category","embeddable":true,"href":"https:\/\/www.europesays.com\/fr\/wp-json\/wp\/v2\/categories?post=299816"},{"taxonomy":"post_tag","embeddable":true,"href":"https:\/\/www.europesays.com\/fr\/wp-json\/wp\/v2\/tags?post=299816"}],"curies":[{"name":"wp","href":"https:\/\/api.w.org\/{rel}","templated":true}]}}