{"id":299818,"date":"2025-08-06T07:05:11","date_gmt":"2025-08-06T07:05:11","guid":{"rendered":"https:\/\/www.europesays.com\/fr\/299818\/"},"modified":"2025-08-06T07:05:11","modified_gmt":"2025-08-06T07:05:11","slug":"scandale-en-allemagne-lextreme-droite-tente-de-sassocier-a-dortmund-le-club-contre-attaque","status":"publish","type":"post","link":"https:\/\/www.europesays.com\/fr\/299818\/","title":{"rendered":"Scandale en Allemagne : L\u2019extr\u00eame droite tente de s\u2019associer \u00e0 Dortmund, le club contre-attaque !"},"content":{"rendered":"<p><strong>Le <a href=\"https:\/\/onefootball.com\/pt-br\/time\/borussia-dortmund-155\" rel=\"nofollow noopener\" target=\"_blank\">BVB<\/a> a r\u00e9agi fermement pour emp\u00eacher toute r\u00e9cup\u00e9ration politique de son image par le parti d\u2019extr\u00eame droite Alternative f\u00fcr Deutschland (AfD), \u00e0 l\u2019approche des \u00e9lections locales.<\/strong><\/p>\n<p>Le <a href=\"https:\/\/onefootball.com\/pt-br\/time\/borussia-dortmund-155\" rel=\"nofollow noopener\" target=\"_blank\">Borussia Dortmund<\/a> a formellement interdit \u00e0 l\u2019AfD d\u2019utiliser ses couleurs embl\u00e9matiques noir et jaune ainsi qu\u2019un slogan d\u00e9tourn\u00e9 dans une campagne de communication, comme l\u2019a r\u00e9v\u00e9l\u00e9 NRZ. Le club a envoy\u00e9 une lettre de mise en demeure ce lundi pour emp\u00eacher la diffusion d\u2019autocollants de propagande qui associeraient visuellement le <a href=\"https:\/\/onefootball.com\/pt-br\/time\/borussia-dortmund-155\" rel=\"nofollow noopener\" target=\"_blank\">BVB<\/a> \u00e0 ce parti.<\/p>\n<p>L\u2019AfD, parti d\u2019extr\u00eame droite r\u00e9put\u00e9 pour sa rh\u00e9torique anti-migrants, pr\u00e9voyait de lancer une campagne de stickers \u00e0 l\u2019approche des \u00e9lections municipales pr\u00e9vues le dimanche 10 ao\u00fbt. Le visuel comportait le slogan suivant : <strong>\u00ab Schwarz-Gelb f\u00fcr Fu\u00dfball \u2013 Blau am Sonntag \u00bb<\/strong> (\u00ab Noir et jaune pour le football \u2013 bleu le dimanche \u00bb), un message laissant entendre qu\u2019un supporter du <a href=\"https:\/\/onefootball.com\/pt-br\/time\/borussia-dortmund-155\" rel=\"nofollow noopener\" target=\"_blank\">BVB<\/a> pourrait ou devrait voter AfD, dont la couleur est le bleu.<\/p>\n<p>Le <a href=\"https:\/\/onefootball.com\/pt-br\/time\/borussia-dortmund-155\" rel=\"nofollow noopener\" target=\"_blank\">Borussia Dortmund<\/a> a imm\u00e9diatement r\u00e9agi. Un porte-parole du club a d\u00e9clar\u00e9 \u00e0 l\u2019agence dpa :<strong>\u00ab \u00c0 nos yeux, il s\u2019agit d\u2019une tentative ill\u00e9gale de cr\u00e9er un lien entre le <a href=\"https:\/\/onefootball.com\/pt-br\/time\/borussia-dortmund-155\" rel=\"nofollow noopener\" target=\"_blank\">BVB<\/a> et une prise de position politique ou un comportement \u00e9lectoral, laissant entendre qu\u2019un fan du Borussia voterait ou devrait voter pour l\u2019AfD. Nous ne voulons en aucun cas permettre cette interpr\u00e9tation, car elle va \u00e0 l\u2019encontre des valeurs fondamentales de <a href=\"https:\/\/onefootball.com\/pt-br\/time\/borussia-dortmund-155\" rel=\"nofollow noopener\" target=\"_blank\">Borussia Dortmund<\/a>. \u00bb<\/strong><\/p>\n<p>Le club pr\u00e9cise qu\u2019il se r\u00e9serve le droit d\u2019engager des actions suppl\u00e9mentaires en cas de non-respect de l\u2019interdiction.<\/p>\n<p>Ce n\u2019est pas la premi\u00e8re fois que le <a href=\"https:\/\/onefootball.com\/pt-br\/time\/borussia-dortmund-155\" rel=\"nofollow noopener\" target=\"_blank\">BVB<\/a> s\u2019oppose publiquement \u00e0 l\u2019extr\u00eame droite. Le club s\u2019investit r\u00e9guli\u00e8rement dans des initiatives contre le racisme, la haine et la x\u00e9nophobie. Il affiche depuis des ann\u00e9es une ligne claire : le Signal Iduna Park est un espace inclusif, o\u00f9 toutes les formes d\u2019exclusion sont combattues.<\/p>\n<p>L\u2019AfD, de son c\u00f4t\u00e9, a souvent \u00e9t\u00e9 accus\u00e9e de reprendre des \u00e9l\u00e9ments de langage proches de la propagande des ann\u00e9es 1930, ce qui rend encore plus inacceptable l\u2019id\u00e9e d\u2019une quelconque association avec un club aussi expos\u00e9 que le <a href=\"https:\/\/onefootball.com\/pt-br\/time\/borussia-dortmund-155\" rel=\"nofollow noopener\" target=\"_blank\">Borussia Dortmund<\/a>.<\/p>\n<p><strong>Pour ne rien rater du football Allemand, rendez-vous sur nos r\u00e9seaux sociaux ainsi que notre site :\u00a0<a href=\"https:\/\/lefussball.com\/\" target=\"_blank\" rel=\"noreferrer nofollow noopener\">www.lefussball.com<\/a>\u00a0!<\/strong><\/p>\n","protected":false},"excerpt":{"rendered":"Le BVB a r\u00e9agi fermement pour emp\u00eacher toute r\u00e9cup\u00e9ration politique de son image par le parti d\u2019extr\u00eame droite&hellip;\n","protected":false},"author":2,"featured_media":299819,"comment_status":"","ping_status":"","sticky":false,"template":"","format":"standard","meta":{"footnotes":""},"categories":[1587],"tags":[11,672,1804,1805,1803,1777,674,1801,12,1802],"class_list":{"0":"post-299818","1":"post","2":"type-post","3":"status-publish","4":"format-standard","5":"has-post-thumbnail","7":"category-allemagne","8":"tag-actualites","9":"tag-allemagne","10":"tag-bundesrepublik-deutschland","11":"tag-de","12":"tag-deutschland","13":"tag-eu","14":"tag-europe","15":"tag-germany","16":"tag-news","17":"tag-republique-federale-dallemagne"},"share_on_mastodon":{"url":"https:\/\/pubeurope.com\/@fr\/114980554684415204","error":""},"_links":{"self":[{"href":"https:\/\/www.europesays.com\/fr\/wp-json\/wp\/v2\/posts\/299818","targetHints":{"allow":["GET"]}}],"collection":[{"href":"https:\/\/www.europesays.com\/fr\/wp-json\/wp\/v2\/posts"}],"about":[{"href":"https:\/\/www.europesays.com\/fr\/wp-json\/wp\/v2\/types\/post"}],"author":[{"embeddable":true,"href":"https:\/\/www.europesays.com\/fr\/wp-json\/wp\/v2\/users\/2"}],"replies":[{"embeddable":true,"href":"https:\/\/www.europesays.com\/fr\/wp-json\/wp\/v2\/comments?post=299818"}],"version-history":[{"count":0,"href":"https:\/\/www.europesays.com\/fr\/wp-json\/wp\/v2\/posts\/299818\/revisions"}],"wp:featuredmedia":[{"embeddable":true,"href":"https:\/\/www.europesays.com\/fr\/wp-json\/wp\/v2\/media\/299819"}],"wp:attachment":[{"href":"https:\/\/www.europesays.com\/fr\/wp-json\/wp\/v2\/media?parent=299818"}],"wp:term":[{"taxonomy":"category","embeddable":true,"href":"https:\/\/www.europesays.com\/fr\/wp-json\/wp\/v2\/categories?post=299818"},{"taxonomy":"post_tag","embeddable":true,"href":"https:\/\/www.europesays.com\/fr\/wp-json\/wp\/v2\/tags?post=299818"}],"curies":[{"name":"wp","href":"https:\/\/api.w.org\/{rel}","templated":true}]}}