{"id":299820,"date":"2025-08-06T07:06:11","date_gmt":"2025-08-06T07:06:11","guid":{"rendered":"https:\/\/www.europesays.com\/fr\/299820\/"},"modified":"2025-08-06T07:06:11","modified_gmt":"2025-08-06T07:06:11","slug":"defense-nucleaire-en-pologne-pourquoi-larrivee-dun-president-pro-trump-a-de-quoi-inquieter-lelysee-lexpress","status":"publish","type":"post","link":"https:\/\/www.europesays.com\/fr\/299820\/","title":{"rendered":"D\u00e9fense, nucl\u00e9aire\u2026 En Pologne, pourquoi l\u2019arriv\u00e9e d\u2019un pr\u00e9sident pro-Trump a de quoi inqui\u00e9ter l\u2019Elys\u00e9e \u2013 L&rsquo;Express"},"content":{"rendered":"<p class=\"paragraph article-body-paragraph article__item   article-body-paragraph--first \">9 mai 2025. Ils d\u00e9filent, tout sourire, sur un tapis rouge tendu au milieu de la majestueuse place Stanislas, \u00e0 Nancy. Sous un soleil \u00e9clatant, entour\u00e9s de la Garde r\u00e9publicaine, <a href=\"https:\/\/www.lexpress.fr\/societe\/de-georges-pompidou-a-emmanuel-macron-soixante-ans-de-boules-puantes-contre-les-presidentiables-TTIFZXPIL5DXVHLU3L6727QCKM\/\" target=\"_self\" rel=\"nofollow noopener\" title=\"https:\/\/www.lexpress.fr\/societe\/de-georges-pompidou-a-emmanuel-macron-soixante-ans-de-boules-puantes-contre-les-presidentiables-TTIFZXPIL5DXVHLU3L6727QCKM\/\">Emmanuel Macron<\/a> et le Premier ministre polonais, <a href=\"https:\/\/www.lexpress.fr\/podcasts\/laloupe\/presidentielle-en-pologne-le-test-de-donald-tusk-face-aux-conservateurs-7ZRHPNE2ZJA4TFTB7PIYCHFMUI\/\" target=\"_self\" rel=\"nofollow noopener\" title=\"https:\/\/www.lexpress.fr\/podcasts\/laloupe\/presidentielle-en-pologne-le-test-de-donald-tusk-face-aux-conservateurs-7ZRHPNE2ZJA4TFTB7PIYCHFMUI\/\">Donald Tusk,<\/a> s\u2019appr\u00eatent \u00e0 signer un trait\u00e9 d\u2019amiti\u00e9 historique. Au-del\u00e0 du rapprochement symbolique, ils ouvrent la voie \u00e0 une coop\u00e9ration renforc\u00e9e.<\/p>\n<p class=\"paragraph article-body-paragraph article__item   \">Emmanuel Macron est d\u00e9sireux d\u2019accro\u00eetre l\u2019influence fran\u00e7aise<a href=\"https:\/\/www.lexpress.fr\/monde\/europe\/de-la-pologne-a-la-roumanie-le-trumpisme-a-lassaut-de-leurope-BRWQBHSTDNEPHEW6A425J2HGYI\/\" target=\"_self\" rel=\"nofollow noopener\" title=\"https:\/\/www.lexpress.fr\/monde\/europe\/de-la-pologne-a-la-roumanie-le-trumpisme-a-lassaut-de-leurope-BRWQBHSTDNEPHEW6A425J2HGYI\/\"> dans une r\u00e9gion strat\u00e9gique,<\/a> \u00e0 l\u2019heure o\u00f9 l\u2019engagement am\u00e9ricain sur le continent semble s\u2019inscrire en pointill\u00e9. Donald Tusk, revenu au pouvoir en 2023 apr\u00e8s huit ann\u00e9es de gouvernement nationaliste conservateur, esp\u00e8re quant \u00e0 lui ent\u00e9riner le retour de la Pologne parmi les puissances qui comptent en Europe.<\/p>\n<p><strong class=\"article-body-link-list__item text-gray-800 article-body-link-list__item--one-item\">LIRE AUSSI : <a class=\"article-body-link-list__item-link\" href=\"https:\/\/www.lexpress.fr\/monde\/europe\/de-la-pologne-a-la-roumanie-le-trumpisme-a-lassaut-de-leurope-BRWQBHSTDNEPHEW6A425J2HGYI\/\" target=\"_blank\" rel=\"noreferrer nofollow noopener\">De la Pologne \u00e0 la Roumanie, le trumpisme \u00e0 l\u2019assaut de l\u2019Europe<\/a><\/strong><\/p>\n<p class=\"paragraph article-body-paragraph article__item   \">Mais trois semaines plus tard, le 1er juin, c\u2019est bien <a href=\"https:\/\/www.lexpress.fr\/monde\/europe\/pologne-le-nationaliste-karol-nawrocki-remporte-lelection-presidentielle-AX6FMXWIPBGKHGRNHCUACC4RMA\/\" target=\"_self\" rel=\"nofollow noopener\" title=\"https:\/\/www.lexpress.fr\/monde\/europe\/pologne-le-nationaliste-karol-nawrocki-remporte-lelection-presidentielle-AX6FMXWIPBGKHGRNHCUACC4RMA\/\">le souverainiste Karol Nawrocki <\/a>qui remporte le scrutin pr\u00e9sidentiel polonais. Pour le camp pro-europ\u00e9en de Donald Tusk, c\u2019est la douche froide. A l\u2019aube de l\u2019investiture du nouveau pr\u00e9sident, qui se tiendra le 6 ao\u00fbt, les sp\u00e9culations vont bon train. On redoute une cohabitation houleuse, la paralysie du gouvernement, voire sa chute pr\u00e9matur\u00e9e.<\/p>\n<p class=\"paragraph article-body-paragraph article__item   \">A l\u2019international, malgr\u00e9 ses pouvoirs limit\u00e9s, le pr\u00e9sident polonais pourrait \u00eatre un partenaire difficile : critique \u00e0 l\u2019\u00e9gard de l\u2019int\u00e9gration europ\u00e9enne, Karol Nawrocki s\u2019est surtout attel\u00e9 \u00e0 d\u00e9velopper des liens privil\u00e9gi\u00e9s avec la Maison-Blanche. D\u00e9but mai, alors simple candidat, il a \u00e9t\u00e9 re\u00e7u par <a href=\"https:\/\/www.lexpress.fr\/economie\/politique-economique\/personne-ne-sait-comment-appliquer-les-accords-le-casse-tete-de-lindustrie-europeenne-des-semi-MSFHJJ7W2RHUVKYXFTG7QDWDJ4\/\" target=\"_self\" rel=\"nofollow noopener\" title=\"https:\/\/www.lexpress.fr\/economie\/politique-economique\/personne-ne-sait-comment-appliquer-les-accords-le-casse-tete-de-lindustrie-europeenne-des-semi-MSFHJJ7W2RHUVKYXFTG7QDWDJ4\/\">Donald Trump<\/a> dans le bureau Ovale, puis, quelques jours plus tard, Kristi Noem, secr\u00e9taire \u00e0 la S\u00e9curit\u00e9 int\u00e9rieure des Etats-Unis, l\u2019a encens\u00e9 publiquement lors d\u2019une visite en Pologne. \u00ab\u00a0Ce sera un formidable pr\u00e9sident\u00a0\u00bb s\u2019est enthousiasm\u00e9 Donald Trump sur sa plateforme Truth Social, le 24 juillet.<\/p>\n<p>La relation a plut\u00f4t mal d\u00e9marr\u00e9<\/p>\n<p class=\"paragraph article-body-paragraph article__item   \">A l\u2019inverse,<a href=\"https:\/\/www.lexpress.fr\/politique\/emmanuel-macron-ma-trahi-entre-le-president-et-francois-bayrou-le-jour-ou-la-haine-sest-installee-PLPZM5GHOZGU7HPRSFWZAWAPT4\/\" target=\"_self\" rel=\"nofollow noopener\" title=\"https:\/\/www.lexpress.fr\/politique\/emmanuel-macron-ma-trahi-entre-le-president-et-francois-bayrou-le-jour-ou-la-haine-sest-installee-PLPZM5GHOZGU7HPRSFWZAWAPT4\/\"> Emmanuel Macron<\/a>, au moment de transmettre ses f\u00e9licitations, a appel\u00e9 Nawrocki \u00e0 \u00ab\u00a0b\u00e2tir une Europe [\u2026] respectueuse de l\u2019Etat de droit\u00a0\u00bb. Une allusion directe \u00e0 l\u2019\u00e9rosion de l\u2019ind\u00e9pendance de la justice pendant les huit ann\u00e9es de domination du parti conservateur, Droit et Justice (PiS), principal soutien de Nawrocki. Le message n\u2019est pas pass\u00e9 inaper\u00e7u de ce c\u00f4t\u00e9-l\u00e0 du spectre politique. \u00ab\u00a0Cette idiotie ne va pas aider \u00e0 instaurer une bonne atmosph\u00e8re\u00a0\u00bb, ass\u00e8ne, amer, le d\u00e9put\u00e9 PiS Konrad Plazynski, qui conna\u00eet bien le nouveau locataire du palais pr\u00e9sidentiel. \u00ab\u00a0L\u2019Elys\u00e9e devrait plut\u00f4t insister sur notre histoire commune, Nawrocki est un historien de formation\u00a0\u00bb, glisse-t-il.<\/p>\n<p><strong class=\"article-body-link-list__item text-gray-800 article-body-link-list__item--one-item\">LIRE AUSSI : <a class=\"article-body-link-list__item-link\" href=\"https:\/\/www.lexpress.fr\/monde\/europe\/pologne-le-revisionnisme-historique-nerf-de-la-guerre-trumpiste-en-europe-3CQ4V6GTY5AABEOQGGOXVLRWJU\/\" target=\"_blank\" rel=\"noreferrer nofollow noopener\">Pologne : le r\u00e9visionnisme historique, nerf de la guerre trumpiste en Europe<\/a><\/strong><\/p>\n<p class=\"paragraph article-body-paragraph article__item   \">Un conseil qui pourrait s\u2019av\u00e9rer pr\u00e9cieux compte tenu des nombreux int\u00e9r\u00eats de la France <a href=\"https:\/\/www.lexpress.fr\/economie\/politique-economique\/pologne-les-secrets-dun-miracle-economique-dans-une-europe-en-berne-G6JKW5VRPNE2LBCAICLZ2K7SJQ\/\" target=\"_self\" rel=\"nofollow noopener\" title=\"https:\/\/www.lexpress.fr\/economie\/politique-economique\/pologne-les-secrets-dun-miracle-economique-dans-une-europe-en-berne-G6JKW5VRPNE2LBCAICLZ2K7SJQ\/\">en Pologne.<\/a> Car en signant le trait\u00e9 de Nancy, Paris renouvelle certes son engagement \u00e0 prot\u00e9ger Varsovie en cas d\u2019agression, dans le cadre des accords de d\u00e9fense <a href=\"https:\/\/www.lexpress.fr\/monde\/europe\/apres-le-sommet-de-lotan-le-plus-dur-commence-pour-les-allies-des-etats-unis-GMA5REKHERFUZHOA3LJHZRNLRM\/\" target=\"_self\" rel=\"nofollow noopener\" title=\"https:\/\/www.lexpress.fr\/monde\/europe\/apres-le-sommet-de-lotan-le-plus-dur-commence-pour-les-allies-des-etats-unis-GMA5REKHERFUZHOA3LJHZRNLRM\/\">de l\u2019Otan<\/a> et l\u2019UE, mais esp\u00e8re aussi d\u00e9crocher des contrats. L\u2019industrie de d\u00e9fense fran\u00e7aise lorgne tout particuli\u00e8rement le march\u00e9 polonais. Et pour cause, le pays consacre d\u00e9j\u00e0 4,7 % de son PIB aux d\u00e9penses militaires.<\/p>\n<p class=\"paragraph article-body-paragraph article__item   \">Jusqu\u2019ici, les commandes les plus importantes ont \u00e9t\u00e9 pass\u00e9es aupr\u00e8s de fournisseurs am\u00e9ricains et sud-cor\u00e9ens. Quitte, parfois, \u00e0 tendre la relation bilat\u00e9rale avec la France. En 2016, lorsqu\u2019il \u00e9tait tout juste arriv\u00e9 au pouvoir, le gouvernement nationaliste conservateur avait rompu un contrat de 50 h\u00e9licopt\u00e8res Caracal d\u2019Airbus, au profit de la concurrence am\u00e9ricaine. \u00ab\u00a0Des doutes sur l\u2019offre d\u2019Airbus avaient \u00e9t\u00e9 \u00e9mis d\u00e8s le d\u00e9part\u00a0\u00bb, temp\u00e8re aujourd\u2019hui le d\u00e9put\u00e9 Marcin Ociepa, qui rappelle, en contrepoint, l\u2019achat de deux satellites fran\u00e7ais en d\u00e9cembre 2022, lorsqu\u2019il \u00e9tait secr\u00e9taire d\u2019\u00c9tat au minist\u00e8re de la D\u00e9fense.<\/p>\n<p><strong class=\"article-body-link-list__item text-gray-800 article-body-link-list__item--one-item\">LIRE AUSSI : <a class=\"article-body-link-list__item-link\" href=\"https:\/\/www.lexpress.fr\/monde\/europe\/traite-de-nancy-la-relation-entre-la-france-et-la-pologne-va-changer-de-braquet-36T2PZKWNRA3BJWBDGSGH4VGCE\/\" target=\"_blank\" rel=\"noreferrer nofollow noopener\">Trait\u00e9 de Nancy : \u00ab\u00a0La relation entre la France et la Pologne va changer de braquet\u00a0\u00bb<\/a><\/strong><\/p>\n<p class=\"paragraph article-body-paragraph article__item   \">Place \u00e0 l\u2019avenir. \u00ab\u00a0Les entreprises fran\u00e7aises ont toutes leurs chances de remporter le contrat des avions ravitailleurs et restent en lice pour celui des fr\u00e9gates\u00a0\u00bb, explique Aleksander Olech, responsable de la coop\u00e9ration internationale chez Defense24, un site sp\u00e9cialis\u00e9. \u00ab\u00a0Mais pour <a href=\"https:\/\/www.lexpress.fr\/monde\/europe\/face-a-la-menace-russe-le-grand-retour-du-service-militaire-comment-leurope-se-prepare-6HUZVV6NXZFB7MZA3GNUBAN4HQ\/\" target=\"_self\" rel=\"nofollow noopener\" title=\"https:\/\/www.lexpress.fr\/monde\/europe\/face-a-la-menace-russe-le-grand-retour-du-service-militaire-comment-leurope-se-prepare-6HUZVV6NXZFB7MZA3GNUBAN4HQ\/\">les futurs besoins de nos arm\u00e9es,<\/a> notamment en mati\u00e8re de d\u00e9fense antia\u00e9rienne ou de coop\u00e9ration spatiale, le choix pourrait s\u2019orienter sur Washington\u00a0\u00bb, admet l\u2019expert. Le pr\u00e9sident polonais ne dispose pas de pr\u00e9rogatives directes en la mati\u00e8re, mais, en tant que chef supr\u00eame des forces arm\u00e9es, il peut exercer une influence sur le gouvernement.<\/p>\n<p>\u00ab\u00a0La Pologne d\u2019abord\u00a0\u00bb<\/p>\n<p class=\"paragraph article-body-paragraph article__item   \">D\u2019autant que les cercles proches de Nawrocki continuent de croire <a href=\"https:\/\/www.lexpress.fr\/economie\/droits-de-douane-pourquoi-leurope-a-accepte-les-conditions-de-donald-trump-74RPZDCQYNEJLG45EA35KW3EVI\/\" target=\"_self\" rel=\"nofollow noopener\" title=\"https:\/\/www.lexpress.fr\/economie\/droits-de-douane-pourquoi-leurope-a-accepte-les-conditions-de-donald-trump-74RPZDCQYNEJLG45EA35KW3EVI\/\">en Donald Trump : <\/a>\u00ab\u00a0Il a impos\u00e9 des sanctions contre <a href=\"https:\/\/www.lexpress.fr\/monde\/amerique\/comment-le-gazoduc-nord-stream-2-pourrait-renaitre-avec-laide-americaine-DXUNC4GAQNEHNH3IG6BRA2BGR4\/\" target=\"_self\" rel=\"nofollow noopener\" title=\"https:\/\/www.lexpress.fr\/monde\/amerique\/comment-le-gazoduc-nord-stream-2-pourrait-renaitre-avec-laide-americaine-DXUNC4GAQNEHNH3IG6BRA2BGR4\/\">le gazoduc Nord Stream<\/a> et augment\u00e9 le nombre de soldats am\u00e9ricains sur notre sol. Alors qu\u2019on disait qu\u2019il allait an\u00e9antir l\u2019Otan, il a convaincu les Alli\u00e9s de consacrer 5 % de leurs budgets \u00e0 la d\u00e9fense\u00a0\u00bb, relate le d\u00e9put\u00e9 PiS Lukasz Plazynski, qui regrette \u00ab\u00a0le rapport ambivalent longtemps entretenu par la France \u00e0 l\u2019\u00e9gard de Vladimir Poutine\u00a0\u00bb.<\/p>\n<p class=\"paragraph article-body-paragraph article__item   \">Selon le conservateur Marcin Ociepa, Nawrocki suivra sa maxime, \u00ab\u00a0la Pologne d\u2019abord\u00a0\u00bb, d\u00e9ploy\u00e9e tout au long de la campagne \u00e9lectorale. Reste \u00e0 voir ce que Paris sera en mesure d\u2019offrir, juge l\u2019\u00e9lu. \u00ab\u00a0La France devrait user de son poids \u00e0 Bruxelles pour faire cesser les menaces sur les r\u00e9formes de l\u2019Etat de droit, avance-t-il. Autre suggestion : \u00ab\u00a0Paris pourrait augmenter le contingent fran\u00e7ais sur le flanc est de l\u2019Otan, en le positionnant en Pologne\u00a0\u00bb.<\/p>\n<p><strong class=\"article-body-link-list__item text-gray-800 article-body-link-list__item--one-item\">LIRE AUSSI : <a class=\"article-body-link-list__item-link\" href=\"https:\/\/www.lexpress.fr\/monde\/europe\/face-a-la-menace-russe-le-grand-retour-du-service-militaire-comment-leurope-se-prepare-6HUZVV6NXZFB7MZA3GNUBAN4HQ\/\" target=\"_blank\" rel=\"noreferrer nofollow noopener\">Face \u00e0 la menace russe, le grand retour du service militaire ? Comment l\u2019Europe se pr\u00e9pare<\/a><\/strong><\/p>\n<p class=\"paragraph article-body-paragraph article__item   \">L\u2019autre volet crucial pour l\u2019Elys\u00e9e concerne l\u2019\u00e9nergie. La seule annexe rattach\u00e9e au trait\u00e9 de Nancy porte justement sur la coop\u00e9ration dans le nucl\u00e9aire civil. <a href=\"https:\/\/www.lexpress.fr\/monde\/europe\/france-pologne-le-traite-de-nancy-ouvre-la-possibilite-dun-parapluie-nucleaire-francais-IKKS6W5IGFGC3DAPQWS7Y3WQUU\/\" target=\"_self\" rel=\"nofollow noopener\" title=\"https:\/\/www.lexpress.fr\/monde\/europe\/france-pologne-le-traite-de-nancy-ouvre-la-possibilite-dun-parapluie-nucleaire-francais-IKKS6W5IGFGC3DAPQWS7Y3WQUU\/\">La Pologne, <\/a>qui a tourn\u00e9 la page de la d\u00e9pendance \u00e9nerg\u00e9tique russe, doit encore d\u00e9carboner son mix. En 2020, Varsovie a relanc\u00e9 son programme nucl\u00e9aire, et deux ans plus tard, le gouvernement estampill\u00e9 PiS a d\u00e9cid\u00e9, \u00e0 la suite d\u2019une proc\u00e9dure contest\u00e9e par la Commission europ\u00e9enne, de faire construire la premi\u00e8re centrale du pays par l\u2019am\u00e9ricain Westinghouse. \u00ab\u00a0Un choix g\u00e9opolitique, pour ancrer la pr\u00e9sence de Washington\u00a0\u00bb, souligne Maciej Bukowski, sp\u00e9cialiste du secteur \u00e0 la fondation Pulawski.<\/p>\n<p class=\"paragraph article-body-paragraph article__item   \">Toute l\u2019attention se porte d\u00e9sormais sur l\u2019identit\u00e9 du futur partenaire pour la construction de la deuxi\u00e8me centrale, qui sera r\u00e9v\u00e9l\u00e9 mi-2027. <a href=\"https:\/\/www.lexpress.fr\/environnement\/nucleaire-pourquoi-edf-va-mettre-son-electricite-aux-encheres-en-europe-MVHHLABAORCFJGK7CCQUEY3RQU\/\" target=\"_self\" rel=\"nofollow noopener\" title=\"https:\/\/www.lexpress.fr\/environnement\/nucleaire-pourquoi-edf-va-mettre-son-electricite-aux-encheres-en-europe-MVHHLABAORCFJGK7CCQUEY3RQU\/\">Le g\u00e9ant fran\u00e7ais EDF <\/a>esp\u00e8re \u00e9videmment que la Pologne optera pour la \u00ab\u00a0diversification\u00a0\u00bb. L\u00e0 encore, c\u2019est le gouvernement Tusk qui a la main, mais Nawrocki, qui a fait du nucl\u00e9aire une priorit\u00e9 pour la s\u00e9curit\u00e9 \u00e9nerg\u00e9tique de la Pologne, suivra le dossier de pr\u00e8s. Le pr\u00e9sident polonais sera sollicit\u00e9 par le lobbying am\u00e9ricain. Mais \u00ab\u00a0la d\u00e9cision va surtout se jouer sur la date de mise en service, les prix, la qualit\u00e9 de la technologie et la participation des entreprises locales\u00a0\u00bb estime Dominik Brodnacki, chef du d\u00e9partement Energie au cabinet d\u2019analyse Polityka Insight, optimiste sur les perspectives de coop\u00e9ration fructueuse entre le gouvernement et le palais pr\u00e9sidentiel sur ce dossier. En coulisses, certains \u00e9voquent la mise en \u0153uvre d\u00e9cevante du premier contrat am\u00e9ricain.<\/p>\n<p class=\"paragraph article-body-paragraph article__item   \">EDF, fort de son exp\u00e9rience europ\u00e9enne et de sa ma\u00eetrise des cha\u00eenes d\u2019approvisionnement, croit en ses chances. \u00ab\u00a0La bataille sera plus rude sur les petits r\u00e9acteurs modulaires (SMR), o\u00f9 les Am\u00e9ricains sont tr\u00e8s ambitieux\u00a0\u00bb, pr\u00e9dit n\u00e9anmoins Maciej Bukowski de la fondation Pulawski. C\u00f4t\u00e9 renouvelable, on craint un ralentissement des efforts en mati\u00e8re de transition. Le pr\u00e9sident Nawrocki est susceptible d\u2019utiliser son droit de veto pour retarder l\u2019adoption d\u2019une l\u00e9gislation verte, notamment sur l\u2019\u00e9olien terrestre, o\u00f9 les entreprises fran\u00e7aises sont engag\u00e9es.<\/p>\n<p class=\"paragraph article-body-paragraph article__item    article__text__endpicto\">Dans l\u2019ensemble, les synergies sont l\u00e0, r\u00e9p\u00e8tent les acteurs. Sur le nucl\u00e9aire et la d\u00e9fense, mais aussi sur l\u2019agriculture, le biogaz, les infrastructures\u2026 Et le contexte international est favorable. \u00ab\u00a0C\u2019est le meilleur moment dans l\u2019histoire du XXIe si\u00e8cle pour une coop\u00e9ration franco-polonaise\u00a0\u00bb, mart\u00e8le l\u2019analyste Alexander Olech. Avec Tusk encore au gouvernement, l\u2019Elys\u00e9e dispose d\u2019une fen\u00eatre favorable pour avancer ses pions. C\u2019est peut-\u00eatre maintenant ou jamais.<\/p>\n<p>.<\/p>\n","protected":false},"excerpt":{"rendered":"9 mai 2025. Ils d\u00e9filent, tout sourire, sur un tapis rouge tendu au milieu de la majestueuse place&hellip;\n","protected":false},"author":2,"featured_media":299821,"comment_status":"","ping_status":"","sticky":false,"template":"","format":"standard","meta":{"footnotes":""},"categories":[1586],"tags":[11,1777,674,1011,27,74,12,25],"class_list":{"0":"post-299820","1":"post","2":"type-post","3":"status-publish","4":"format-standard","5":"has-post-thumbnail","7":"category-europe","8":"tag-actualites","9":"tag-eu","10":"tag-europe","11":"tag-fr","12":"tag-france","13":"tag-monde","14":"tag-news","15":"tag-republique-francaise"},"share_on_mastodon":{"url":"https:\/\/pubeurope.com\/@fr\/114980558168792429","error":""},"_links":{"self":[{"href":"https:\/\/www.europesays.com\/fr\/wp-json\/wp\/v2\/posts\/299820","targetHints":{"allow":["GET"]}}],"collection":[{"href":"https:\/\/www.europesays.com\/fr\/wp-json\/wp\/v2\/posts"}],"about":[{"href":"https:\/\/www.europesays.com\/fr\/wp-json\/wp\/v2\/types\/post"}],"author":[{"embeddable":true,"href":"https:\/\/www.europesays.com\/fr\/wp-json\/wp\/v2\/users\/2"}],"replies":[{"embeddable":true,"href":"https:\/\/www.europesays.com\/fr\/wp-json\/wp\/v2\/comments?post=299820"}],"version-history":[{"count":0,"href":"https:\/\/www.europesays.com\/fr\/wp-json\/wp\/v2\/posts\/299820\/revisions"}],"wp:featuredmedia":[{"embeddable":true,"href":"https:\/\/www.europesays.com\/fr\/wp-json\/wp\/v2\/media\/299821"}],"wp:attachment":[{"href":"https:\/\/www.europesays.com\/fr\/wp-json\/wp\/v2\/media?parent=299820"}],"wp:term":[{"taxonomy":"category","embeddable":true,"href":"https:\/\/www.europesays.com\/fr\/wp-json\/wp\/v2\/categories?post=299820"},{"taxonomy":"post_tag","embeddable":true,"href":"https:\/\/www.europesays.com\/fr\/wp-json\/wp\/v2\/tags?post=299820"}],"curies":[{"name":"wp","href":"https:\/\/api.w.org\/{rel}","templated":true}]}}