{"id":299822,"date":"2025-08-06T07:07:15","date_gmt":"2025-08-06T07:07:15","guid":{"rendered":"https:\/\/www.europesays.com\/fr\/299822\/"},"modified":"2025-08-06T07:07:15","modified_gmt":"2025-08-06T07:07:15","slug":"les-negociations-avec-lunion-europeenne-continuent-en-coulisses","status":"publish","type":"post","link":"https:\/\/www.europesays.com\/fr\/299822\/","title":{"rendered":"les n\u00e9gociations avec l&rsquo;Union europ\u00e9enne continuent en coulisses"},"content":{"rendered":"<p class=\"c-chapo \">\n  La Commission europ\u00e9enne a annonc\u00e9 mardi suspendre jusqu\u2019\u00e0 nouvel ordre ses mesures de repr\u00e9sailles contre les taxes douani\u00e8res impos\u00e9es par Donald Trump. Les discussions se poursuivent et, outre les grands accords, il faut parfois lire entre les lignes.\n<\/p>\n<p>            lire plus tard<\/p>\n<p id=\"dialog__title\" class=\"dialog__title\">Pour sauvegarder cet article, connectez-vous ou cr\u00e9ez un compte franceinfo<\/p>\n<p class=\"dialog__description\">Sans paiement. Sans abonnement.<\/p>\n<p>        Fermer la fen\u00eatre d\u2019activation des notifications France Info<\/p>\n<p>            cr\u00e9er votre compte<\/p>\n<p>            se connecter<\/p>\n<p>        Fermer la fen\u00eatre de pr\u00e9sentation<\/p>\n<p>    <img loading=\"lazy\" decoding=\"async\" class=\"signature__image lazyload\" width=\"100\" height=\"100\" data- alt=\"\" src=\"https:\/\/www.europesays.com\/fr\/wp-content\/uploads\/2025\/08\/emmanuel-cugny-65e6021ef3340792811771.png\"\/><\/p>\n<p>    Publi\u00e9 le 06\/08\/2025 08:24<\/p>\n<p>        Temps de lecture : 3min<\/p>\n<p>    <img decoding=\"async\"  alt=\"Ursula von der Leyen, la pr\u00e9sidente de la Commission europ\u00e9enne (\u00e0 gauche) et Donald Trump, le pr\u00e9sident des \u00c9tats-Unis (\u00e0 droite). (JOHN THYS,NICHOLAS KAMM \/ AFP)\" width=\"432\" height=\"243\" src=\"https:\/\/www.europesays.com\/fr\/wp-content\/uploads\/2025\/08\/000-64z72cx-6892ef6a62d36658531623.jpg\" fetchpriority=\"high\"\/><\/p>\n<p>      Ursula von der Leyen, la pr\u00e9sidente de la Commission europ\u00e9enne (\u00e0 gauche) et Donald Trump, le pr\u00e9sident des \u00c9tats-Unis (\u00e0 droite). (JOHN THYS,NICHOLAS KAMM \/ AFP)<\/p>\n<p>Pas facile d\u2019y voir clair dans les n\u00e9gociations, alors que Bruxelles a annonc\u00e9 mardi 5 ao\u00fbt <a href=\"https:\/\/www.franceinfo.fr\/monde\/usa\/droits-de-douane\/droits-de-douane-l-union-europeenne-suspend-ses-mesures-de-riposte-apres-l-accord-commercial-noue-avec-donald-trump-fin-juillet_7419229.html\" rel=\"nofollow noopener\" target=\"_blank\">suspendre ses repr\u00e9sailles<\/a> aux droits de douane de Donald Trump, en raison de <a href=\"https:\/\/www.franceinfo.fr\/monde\/usa\/droits-de-douane\/droits-de-douane-les-etats-unis-et-l-union-europeenne-ont-conclu-un-accord-commercial-annoncent-donald-trump-et-ursula-von-der-leyen_7402498.html\" rel=\"nofollow noopener\" target=\"_blank\">l&rsquo;accord commercial nou\u00e9 entre les \u00c9tats-Unis et l&rsquo;Union europ\u00e9enne<\/a>. Le diable est dans les d\u00e9tails et chaque secteur se garde bien d\u2019en dire plus sur sa strat\u00e9gie.\u00a0<\/p>\n<p>Il ne faut livrer aucun argument \u00e0 l\u2019ennemi, ou jouer tout simplement le peu de marges de n\u00e9gociations encore envisageables avec un pr\u00e9sident Donald Trump retors et impr\u00e9visible, capable de dire tout et son contraire en l\u2019espace de quelques heures. D\u2019autant que certains secteurs sont beaucoup plus sensibles que d\u2019autres et chacun avance \u00e0 pas feutr\u00e9s.<\/p>\n<p>Si le secteur a\u00e9ronautique est \u2013 pour l\u2019instant \u2013 exempt\u00e9 de taxes sur\u00e9lev\u00e9es, les autres sont moins bien lotis. Et puis, certaines entreprises \u00e0 haute valeur ajout\u00e9e pourront jouer plus facilement sur leurs march\u00e9s pour amortir le choc des taxes sur le produit fini, vendu sur le sol am\u00e9ricain. Les rapports de force vont aussi s\u2019\u00e9tablir en fonction de la concurrence. \u00c0 produit \u00e9gal, l&rsquo;article am\u00e9ricain sera normalement favoris\u00e9 sur le produit import\u00e9 d&rsquo;Europe.<\/p>\n<p>Il est difficile de savoir comment les discussions avancent dans le secteur automobile ou les vins et spiritueux. Ces secteurs craignent les effets n\u00e9gatifs des droits de douane sur leur comp\u00e9titivit\u00e9 et l&#8217;emploi. Ils sont en train de faire leurs calculs. On sait, par exemple, que les marges de man\u0153uvre du secteur du luxe sont sup\u00e9rieures \u00e0 celle des cosm\u00e9tiques, les produits chimiques ou l\u2019outillage. Et puis rares sont les groupes qui avouent envisager d&rsquo;aller s\u2019installer directement aux \u00c9tats-Unis\u00a0pour produire sur place, afin d&rsquo;\u00e9viter de devoir supporter les droits de douane sur les produits fabriqu\u00e9s en Europe puis import\u00e9s et tax\u00e9s aux \u00c9tats-Unis. La tentation de l&rsquo;exil, c&rsquo;est aussi pour profiter de la faible fiscalit\u00e9 sur les entreprises promises par Donald Trump.<\/p>\n<p>Prenons deux cas pr\u00e9cis\u00a0: L\u2019Or\u00e9al dans les cosm\u00e9tiques et Sanofi dans les m\u00e9dicaments. L\u2019Or\u00e9al, le g\u00e9ant fran\u00e7ais r\u00e9alise pr\u00e8s de 40% de son chiffre d\u2019affaires aux \u00c9tats-Unis et son directeur g\u00e9n\u00e9ral, Nicolas Hieronimus, laisse entendre que le groupe pourrait relocaliser une partie de sa production sur le sol am\u00e9ricain. Pas plus de pr\u00e9cisions \u00e0 ce stade.<\/p>\n<p>Sanofi, les m\u00e9dicaments sont parmi les produits les plus export\u00e9s aux \u00c9tats-Unis (120\u00a0milliards d\u2019euros l\u2019ann\u00e9e derni\u00e8re, 22% du total des exportations, selon Eurostat). Le g\u00e9ant pharmaceutique fran\u00e7ais a annonc\u00e9 au mois de mai qu&rsquo;il allait <a href=\"https:\/\/www.franceinfo.fr\/economie\/entreprises\/le-groupe-pharmaceutique-francais-sanofi-compte-investir-au-moins-20-milliards-de-dollars-aux-etats-unis-d-ici-2030_7248204.html\" rel=\"nofollow noopener\" target=\"_blank\">investir 20<\/a>\u00a0<a href=\"https:\/\/www.franceinfo.fr\/economie\/entreprises\/le-groupe-pharmaceutique-francais-sanofi-compte-investir-au-moins-20-milliards-de-dollars-aux-etats-unis-d-ici-2030_7248204.html\" rel=\"nofollow noopener\" target=\"_blank\">milliards de dollars aux \u00c9tats-Unis<\/a> d\u2019ici 2030. La tentation est forte pour d\u2019autres entrepreneurs de suivre le m\u00eame chemin mais ils restent discrets pour ne pas s\u2019attirer les foudres du ministre de l\u2019\u00c9conomie et des Finances, \u00c9ric Lombard, qui ne cesse d&rsquo;invoquer le respect de la souverainet\u00e9 fran\u00e7aise et europ\u00e9enne.<\/p>\n","protected":false},"excerpt":{"rendered":"La Commission europ\u00e9enne a annonc\u00e9 mardi suspendre jusqu\u2019\u00e0 nouvel ordre ses mesures de repr\u00e9sailles contre les taxes douani\u00e8res&hellip;\n","protected":false},"author":2,"featured_media":299823,"comment_status":"","ping_status":"","sticky":false,"template":"","format":"standard","meta":{"footnotes":""},"categories":[1586],"tags":[11,1777,674,1779,1011,27,12,25,1778,364],"class_list":{"0":"post-299822","1":"post","2":"type-post","3":"status-publish","4":"format-standard","5":"has-post-thumbnail","7":"category-europe","8":"tag-actualites","9":"tag-eu","10":"tag-europe","11":"tag-european-union","12":"tag-fr","13":"tag-france","14":"tag-news","15":"tag-republique-francaise","16":"tag-ue","17":"tag-union-europeenne"},"share_on_mastodon":{"url":"https:\/\/pubeurope.com\/@fr\/114980562152289999","error":""},"_links":{"self":[{"href":"https:\/\/www.europesays.com\/fr\/wp-json\/wp\/v2\/posts\/299822","targetHints":{"allow":["GET"]}}],"collection":[{"href":"https:\/\/www.europesays.com\/fr\/wp-json\/wp\/v2\/posts"}],"about":[{"href":"https:\/\/www.europesays.com\/fr\/wp-json\/wp\/v2\/types\/post"}],"author":[{"embeddable":true,"href":"https:\/\/www.europesays.com\/fr\/wp-json\/wp\/v2\/users\/2"}],"replies":[{"embeddable":true,"href":"https:\/\/www.europesays.com\/fr\/wp-json\/wp\/v2\/comments?post=299822"}],"version-history":[{"count":0,"href":"https:\/\/www.europesays.com\/fr\/wp-json\/wp\/v2\/posts\/299822\/revisions"}],"wp:featuredmedia":[{"embeddable":true,"href":"https:\/\/www.europesays.com\/fr\/wp-json\/wp\/v2\/media\/299823"}],"wp:attachment":[{"href":"https:\/\/www.europesays.com\/fr\/wp-json\/wp\/v2\/media?parent=299822"}],"wp:term":[{"taxonomy":"category","embeddable":true,"href":"https:\/\/www.europesays.com\/fr\/wp-json\/wp\/v2\/categories?post=299822"},{"taxonomy":"post_tag","embeddable":true,"href":"https:\/\/www.europesays.com\/fr\/wp-json\/wp\/v2\/tags?post=299822"}],"curies":[{"name":"wp","href":"https:\/\/api.w.org\/{rel}","templated":true}]}}