{"id":299830,"date":"2025-08-06T07:11:17","date_gmt":"2025-08-06T07:11:17","guid":{"rendered":"https:\/\/www.europesays.com\/fr\/299830\/"},"modified":"2025-08-06T07:11:17","modified_gmt":"2025-08-06T07:11:17","slug":"max-homa-reconforte-par-son-fils-apres-sa-cruelle-desillusion-au-wyndham-championship","status":"publish","type":"post","link":"https:\/\/www.europesays.com\/fr\/299830\/","title":{"rendered":"Max Homa r\u00e9confort\u00e9 par son fils apr\u00e8s sa cruelle d\u00e9sillusion au Wyndham Championship"},"content":{"rendered":"<p>\t\t\t\t\t\t<img width=\"770\" height=\"556\" src=\"data:image\/svg+xml,%3Csvg%20xmlns=\" http:=\"\" class=\"img-responsive wp-post-image\" alt=\"\" decoding=\"async\" fetchpriority=\"high\" data-lazy- data-lazy- data-lazy-src=\"https:\/\/www.europesays.com\/fr\/wp-content\/uploads\/2025\/08\/max-homa-son-fils-cam-video-770x556.jpg\"\/>\t\t\t\t\t<\/p>\n<p>\t\t\t\t\t\t Partager cet article <\/p>\n<p class=\"screen-reader-text juiz_sps_maybe_hidden_text\">Partager la publication \u00ab\u00a0Max Homa r\u00e9confort\u00e9 par son fils apr\u00e8s sa cruelle d\u00e9sillusion au Wyndham Championship\u00a0\u00bb<\/p>\n<p><strong>Elimin\u00e9 apr\u00e8s deux tours du Wyndham Championship vendredi dernier, Max Homa ne s\u2019est pas qualifi\u00e9 pour les Playoffs de la FedEx Cup. Une d\u00e9ception pour l\u2019ancien num\u00e9ro 5 mondial apr\u00e8s un 8e cut manqu\u00e9 en 20 tournois cette saison sur le PGA Tour mais qui a fait un heureux, son fils Cam !<\/strong><\/p>\n<p>\t\t\t\t\t<a id=\"181434\" href=\"https:\/\/www.omegaeuropeanmasters.com\/fr\/tickets\/tickets\" target=\"_blank\" rel=\"sponsorised noopener\"><img decoding=\"async\" src=\"data:image\/svg+xml,%3Csvg%20xmlns=\" http:=\"\" class=\"img-responsive\" alt=\"\" data-lazy-src=\"https:\/\/www.europesays.com\/fr\/wp-content\/uploads\/2025\/08\/omegamasters-e02-billetterie-om25-1170x275-1.jpg\"\/><\/a><\/p>\n<p><strong>Max Homa<\/strong> ne devrait pas rejouer en tournoi avant plusieurs semaines et la premi\u00e8re \u00e9preuve des <strong>FedExCup Fall<\/strong> \u00e0 Napa, en Californie.<\/p>\n<p>En effet, le Californien n\u2019a pas r\u00e9ussi \u00e0 int\u00e9grer le top 70 de la <strong>FedEx Cup<\/strong> qualificatif pour les<strong> Playoffs<\/strong>\u00a0et ne fera son retour sur les fairways qu\u2019\u00e0 l\u2019occasion du <strong>Procore Championship<\/strong>, la deuxi\u00e8me semaine de septembre, un tournoi qu\u2019il a remport\u00e9 en 2021.<\/p>\n<p>Surexcit\u00e9<\/p>\n<p>Alors pour consoler son c\u00e9l\u00e8bre papa, son fils Cam, \u00e2g\u00e9 de deux ans et demi, l\u2019attendait \u00e0 l\u2019a\u00e9roport dans une excitation bien palpable et avec une pancarte sur laquelle \u00e9tait \u00e9crit \u201cBienvenue \u00e0 la maison papa !\u201d.<\/p>\n<p>La vid\u00e9o a fait le tour des r\u00e9seaux sociaux.<\/p>\n<blockquote class=\"tiktok-embed\" style=\"max-width: 605px; min-width: 325px;\" cite=\"https:\/\/www.tiktok.com\/@lacehoma\/video\/7534115898244779319\" data-video-id=\"7534115898244779319\"><p>\n<a title=\"@lacehoma\" href=\"https:\/\/www.tiktok.com\/@lacehoma?refer=embed\" target=\"_blank\" rel=\"noopener\">@lacehoma<\/a> This year on tour was filled with heart break and disappointment for my husband, but we could not be more proud of his hard work! We\u2019re always so inspired by his ability to get up and go back to the course every day and try something new. He never stops and I am so grateful Cam has an incredible father to look up to! We are so lucky he\u2019s ours! \ud83e\udd0d <a title=\"Homecoming\" href=\"https:\/\/www.tiktok.com\/tag\/Homecoming?refer=embed\" target=\"_blank\" rel=\"noopener\">#Homecoming<\/a> <a title=\"pga\" href=\"https:\/\/www.tiktok.com\/tag\/pga?refer=embed\" target=\"_blank\" rel=\"noopener\">#pga<\/a> <a title=\"surprise\" href=\"https:\/\/www.tiktok.com\/tag\/surprise?refer=embed\" target=\"_blank\" rel=\"noopener\">#surprise<\/a> <a title=\"pgatour\" href=\"https:\/\/www.tiktok.com\/tag\/pgatour?refer=embed\" target=\"_blank\" rel=\"noopener\">#pgatour<\/a> <a title=\"golf\" href=\"https:\/\/www.tiktok.com\/tag\/golf?refer=embed\" target=\"_blank\" rel=\"noopener\">#golf<\/a> <a title=\"golfer\" href=\"https:\/\/www.tiktok.com\/tag\/golfer?refer=embed\" target=\"_blank\" rel=\"noopener\">#golfer<\/a> <a title=\"golffamily\" href=\"https:\/\/www.tiktok.com\/tag\/golffamily?refer=embed\" target=\"_blank\" rel=\"noopener\">#golffamily<\/a> @Max <a title=\"\u266c Little Things - Adri\u00e1n Berenguer\" href=\"https:\/\/www.tiktok.com\/music\/Little-Things-6981828410792216577?refer=embed\" target=\"_blank\" rel=\"noopener\">\u266c Little Things \u2013 Adri\u00e1n Berenguer<\/a>\n<\/p><\/blockquote>\n<p>\t\t\t\t\t<a id=\"180479\" href=\"https:\/\/www.swing.fr\/voyage\/35-14eme-edition-des-doubles-gosset-by-beachcomber\" target=\"_blank\" rel=\"sponsorised noopener\"><img decoding=\"async\" src=\"data:image\/svg+xml,%3Csvg%20xmlns=\" http:=\"\" class=\"img-responsive\" alt=\"\" data-lazy-src=\"https:\/\/www.europesays.com\/fr\/wp-content\/uploads\/2025\/07\/beachcomber-e01-doubles-gosset-26-1170x275-1.jpg\"\/><\/a><\/p>\n<p>\u00ab Cette ann\u00e9e sur le circuit a \u00e9t\u00e9 pleine de chagrin et de d\u00e9ception pour mon mari, mais nous sommes extr\u00eamement fiers de son volont\u00e9 acharn\u00e9 de travail ! \u00bb, a expliqu\u00e9 Lacey, l\u2019\u00e9pouse du joueur qui a post\u00e9 la vid\u00e9o sur TikTok. \u00ab Sa capacit\u00e9 \u00e0 se relever et \u00e0 retourner sur le parcours chaque jour pour essayer quelque chose de nouveau nous inspire. Il ne s\u2019arr\u00eate jamais. Cam a un p\u00e8re incroyable sur qui compter ! Nous avons tellement de chance. \u00bb<\/p>\n<p>\t\t\t\t\t<a id=\"180473\" href=\"https:\/\/eu.ping.com\/fr-fr\/clubs\/irons\/idi\" target=\"_blank\" rel=\"sponsorised noopener\"><img decoding=\"async\" src=\"data:image\/svg+xml,%3Csvg%20xmlns=\" http:=\"\" class=\"img-responsive\" alt=\"\" data-lazy-src=\"https:\/\/www.europesays.com\/fr\/wp-content\/uploads\/2025\/07\/ping-e07-fers-idi-1170x275-1.jpg\"\/><\/a><br \/>\nUne famille en or<\/p>\n<p>De quoi r\u00e9conforter le sextuple vainqueur sur le <strong>PGA Tour<\/strong> dont les difficult\u00e9s cette saison co\u00efncident avec un changement de coach et d\u2019\u00e9quipementier op\u00e9r\u00e9s en fin d\u2019ann\u00e9e derni\u00e8re. Plong\u00e9 dans une spirale n\u00e9gative, l\u2019Am\u00e9ricain a m\u00eame fait <a href=\"https:\/\/www.golfplanete.com\/actualites\/en-plein-doute-max-homa-fait-un-choix-douloureux\/\" target=\"_blank\" rel=\"noopener\">le choix douloureux de se s\u00e9parer de son caddie il y a quelques mois.<\/a><\/p>\n<p>Mais rien n\u2019y a fait et au terme de la saison r\u00e9guli\u00e8re, Homa pointe d\u00e9sormais au 111e rang de la FedEx Cup et \u00e0 la 116e place du classement mondial. Ses espoirs de figurer en \u00e9quipe de <strong>Ryder Cup<\/strong> se sont envol\u00e9s depuis longtemps, alors dans ces moments-l\u00e0 on imagine que le r\u00e9confort de ses proches doit lui faire chaud au c\u0153ur.<\/p>\n<p>\t\t\t\t\t<a id=\"181426\" href=\"https:\/\/leclub-golf.com\/fr\/green-fees?online=1&amp;utm_source=golf+planete&amp;utm_medium=referral&amp;utm_campaign=green+fee+en+ligne&amp;utm_id=green+fee+en+ligne_golf+planete_referral_banner\" target=\"_blank\" rel=\"sponsorised noopener\"><img decoding=\"async\" src=\"data:image\/svg+xml,%3Csvg%20xmlns=\" http:=\"\" class=\"img-responsive\" alt=\"\" data-lazy-src=\"https:\/\/www.europesays.com\/fr\/wp-content\/uploads\/2025\/08\/leclubgolf-e09-effet-classique-1170x275png.png\"\/><\/a><\/p>\n<p>\t\t\t<script async src=\"\/\/www.tiktok.com\/embed.js\"><\/script><\/p>\n","protected":false},"excerpt":{"rendered":"Partager cet article Partager la publication \u00ab\u00a0Max Homa r\u00e9confort\u00e9 par son fils apr\u00e8s sa cruelle d\u00e9sillusion au Wyndham&hellip;\n","protected":false},"author":2,"featured_media":299831,"comment_status":"","ping_status":"","sticky":false,"template":"","format":"standard","meta":{"footnotes":""},"categories":[1418],"tags":[1011,27,1472,60],"class_list":{"0":"post-299830","1":"post","2":"type-post","3":"status-publish","4":"format-standard","5":"has-post-thumbnail","7":"category-golf","8":"tag-fr","9":"tag-france","10":"tag-golf","11":"tag-sports"},"share_on_mastodon":{"url":"https:\/\/pubeurope.com\/@fr\/114980577815000270","error":""},"_links":{"self":[{"href":"https:\/\/www.europesays.com\/fr\/wp-json\/wp\/v2\/posts\/299830","targetHints":{"allow":["GET"]}}],"collection":[{"href":"https:\/\/www.europesays.com\/fr\/wp-json\/wp\/v2\/posts"}],"about":[{"href":"https:\/\/www.europesays.com\/fr\/wp-json\/wp\/v2\/types\/post"}],"author":[{"embeddable":true,"href":"https:\/\/www.europesays.com\/fr\/wp-json\/wp\/v2\/users\/2"}],"replies":[{"embeddable":true,"href":"https:\/\/www.europesays.com\/fr\/wp-json\/wp\/v2\/comments?post=299830"}],"version-history":[{"count":0,"href":"https:\/\/www.europesays.com\/fr\/wp-json\/wp\/v2\/posts\/299830\/revisions"}],"wp:featuredmedia":[{"embeddable":true,"href":"https:\/\/www.europesays.com\/fr\/wp-json\/wp\/v2\/media\/299831"}],"wp:attachment":[{"href":"https:\/\/www.europesays.com\/fr\/wp-json\/wp\/v2\/media?parent=299830"}],"wp:term":[{"taxonomy":"category","embeddable":true,"href":"https:\/\/www.europesays.com\/fr\/wp-json\/wp\/v2\/categories?post=299830"},{"taxonomy":"post_tag","embeddable":true,"href":"https:\/\/www.europesays.com\/fr\/wp-json\/wp\/v2\/tags?post=299830"}],"curies":[{"name":"wp","href":"https:\/\/api.w.org\/{rel}","templated":true}]}}