{"id":299832,"date":"2025-08-06T07:13:11","date_gmt":"2025-08-06T07:13:11","guid":{"rendered":"https:\/\/www.europesays.com\/fr\/299832\/"},"modified":"2025-08-06T07:13:11","modified_gmt":"2025-08-06T07:13:11","slug":"la-menace-dun-circuit-prive-qui-a-accelere-la-professionnalisation-du-rugby","status":"publish","type":"post","link":"https:\/\/www.europesays.com\/fr\/299832\/","title":{"rendered":"la menace d&rsquo;un circuit priv\u00e9 qui a acc\u00e9l\u00e9r\u00e9 la professionnalisation du rugby"},"content":{"rendered":"<p>Berbizier\u00a0: \u00ab\u00a0Je n&rsquo;imaginais pas fairedu rugby mon m\u00e9tier\u00a0\u00bb<\/p>\n<p>\u00ab\u00a0J&rsquo;avais entendu parler de son projet mais je n&rsquo;ai pas \u00e9t\u00e9 contact\u00e9 par David Lord. Je ne m&rsquo;imaginais pas faire du rugby mon m\u00e9tier. J&rsquo;\u00e9tais professeur d&rsquo;EPS et conseiller technique du comit\u00e9 Midi-Pyr\u00e9n\u00e9es. Les d\u00e9fraiements et primes de match avec Agen repr\u00e9sentaient, \u00e0 cette \u00e9poque, un peu plus de trente pour cent de mes revenus. En lisant L&rsquo;\u00c9quipe, j&rsquo;ai appris qu&rsquo;il y aurait une Coupe du monde\u00a0: enfin, on allait pouvoir s&rsquo;\u00e9talonner avec toutes les autres nations\u00a0! On a commenc\u00e9 \u00e0 y penser \u00e0 l&rsquo;issue du Grand Chelem 1987, en se disant qu&rsquo;on avait des chances de bien figurer.<br \/>Comme j&rsquo;avais \u00e9chang\u00e9 avec plusieurs internationaux \u00e9trangers au sujet de l&rsquo;\u00e9volution de notre sport, mes co\u00e9quipiers du quinze de France m&rsquo;ont demand\u00e9, fin 1990, de r\u00e9diger une charte, dans l&rsquo;optique du Mondial 1991. L&rsquo;id\u00e9e consistait \u00e0 r\u00e9compenser notre participation et \u00e0 obtenir un int\u00e9ressement \u00e0 la performance. Je devais pr\u00e9senter le texte en juin 1991 mais comme j&rsquo;ai \u00e9t\u00e9 vir\u00e9 de l&rsquo;\u00e9quipe de France, je n&rsquo;en ai pas eu l&rsquo;occasion.\u00a0\u00bb<\/p>\n","protected":false},"excerpt":{"rendered":"Berbizier\u00a0: \u00ab\u00a0Je n&rsquo;imaginais pas fairedu rugby mon m\u00e9tier\u00a0\u00bb \u00ab\u00a0J&rsquo;avais entendu parler de son projet mais je n&rsquo;ai pas&hellip;\n","protected":false},"author":2,"featured_media":299833,"comment_status":"","ping_status":"","sticky":false,"template":"","format":"standard","meta":{"footnotes":""},"categories":[1416],"tags":[1011,27,479,1468,60],"class_list":{"0":"post-299832","1":"post","2":"type-post","3":"status-publish","4":"format-standard","5":"has-post-thumbnail","7":"category-rugby","8":"tag-fr","9":"tag-france","10":"tag-rugby","11":"tag-rugby-football","12":"tag-sports"},"share_on_mastodon":{"url":"https:\/\/pubeurope.com\/@fr\/114980585672278469","error":""},"_links":{"self":[{"href":"https:\/\/www.europesays.com\/fr\/wp-json\/wp\/v2\/posts\/299832","targetHints":{"allow":["GET"]}}],"collection":[{"href":"https:\/\/www.europesays.com\/fr\/wp-json\/wp\/v2\/posts"}],"about":[{"href":"https:\/\/www.europesays.com\/fr\/wp-json\/wp\/v2\/types\/post"}],"author":[{"embeddable":true,"href":"https:\/\/www.europesays.com\/fr\/wp-json\/wp\/v2\/users\/2"}],"replies":[{"embeddable":true,"href":"https:\/\/www.europesays.com\/fr\/wp-json\/wp\/v2\/comments?post=299832"}],"version-history":[{"count":0,"href":"https:\/\/www.europesays.com\/fr\/wp-json\/wp\/v2\/posts\/299832\/revisions"}],"wp:featuredmedia":[{"embeddable":true,"href":"https:\/\/www.europesays.com\/fr\/wp-json\/wp\/v2\/media\/299833"}],"wp:attachment":[{"href":"https:\/\/www.europesays.com\/fr\/wp-json\/wp\/v2\/media?parent=299832"}],"wp:term":[{"taxonomy":"category","embeddable":true,"href":"https:\/\/www.europesays.com\/fr\/wp-json\/wp\/v2\/categories?post=299832"},{"taxonomy":"post_tag","embeddable":true,"href":"https:\/\/www.europesays.com\/fr\/wp-json\/wp\/v2\/tags?post=299832"}],"curies":[{"name":"wp","href":"https:\/\/api.w.org\/{rel}","templated":true}]}}