{"id":299836,"date":"2025-08-06T07:16:17","date_gmt":"2025-08-06T07:16:17","guid":{"rendered":"https:\/\/www.europesays.com\/fr\/299836\/"},"modified":"2025-08-06T07:16:17","modified_gmt":"2025-08-06T07:16:17","slug":"motogp-emilio-alzamora-voir-les-freres-marquez-mener-la-danse-est-un-reve-devenu-realite-meme-si-je-ne-suis-plus-avec-eux","status":"publish","type":"post","link":"https:\/\/www.europesays.com\/fr\/299836\/","title":{"rendered":"MotoGP, Emilio Alzamora : \u00ab\u00a0voir les fr\u00e8res Marquez mener la danse est un r\u00eave devenu r\u00e9alit\u00e9, m\u00eame si je ne suis plus avec eux\u00a0\u00bb"},"content":{"rendered":"<p><strong>Emilio Alzamora n\u2019a pas seulement \u00e9t\u00e9 un pilote de Grand<br \/>\nPrix. Il est aussi devenu l\u2019un des d\u00e9couvreurs de talents les plus<br \/>\ninfluents de l\u2019histoire du motocyclisme moderne \u00e0 l\u2019instar des<br \/>\nfr\u00e8res Marquez. Champion du monde 125 cc en 1999 sans remporter une<br \/>\nseule course \u2014 un exploit rare \u2014, il a ensuite marqu\u00e9 une<br \/>\ng\u00e9n\u00e9ration enti\u00e8re de pilotes par son \u0153il aiguis\u00e9 et son r\u00f4le de<br \/>\nmentor.<\/strong><\/p>\n<p>Retrait\u00e9 en 2003 apr\u00e8s une derni\u00e8re saison partag\u00e9e avec deux<br \/>\nfutures l\u00e9gendes \u2014 <strong>Dani Pedrosa<\/strong> et <a href=\"https:\/\/www.paddock-gp.com\/motogp-jorge-lorenzo-se-souvient-avec-rossi-cetait-un-poulailler-sous-tension-mais-on-se-respectait\/\" rel=\"nofollow noopener\" target=\"_blank\"><br \/>\n<strong>Jorge Lorenzo<\/strong><\/a> \u2014, Alzamora confie \u00e0 Motorbike<br \/>\nMagazine son admiration pour ce dernier : \u00ab ce que je tiens \u00e0<br \/>\nsouligner chez Jorge, c\u2019est qu\u2019\u00e0 son arriv\u00e9e au Championnat du<br \/>\nmonde, j\u2019ai imm\u00e9diatement d\u00e9cel\u00e9 chez lui <strong>un talent<br \/>\nexceptionnel<\/strong>. \u00bb<\/p>\n<p>Il se souvient en particulier de la pr\u00e9cocit\u00e9 du Majorquin : \u00ab<br \/>\nJorge avait une excellente aisance en virage d\u00e8s son plus jeune<br \/>\n\u00e2ge ; c\u2019\u00e9tait son talent, son point fort<strong>. Jorge \u00e9tait donc<br \/>\nun enfant qui savait d\u00e8s le d\u00e9but qu\u2019il serait le grand champion<br \/>\nqu\u2019il est<\/strong>. \u00bb<\/p>\n<p>\u00c0 peine descendu de la moto, <strong>Alzamora<\/strong> se tourne<br \/>\nvers la d\u00e9tection et la formation de jeunes pilotes. Sa premi\u00e8re<br \/>\nr\u00e9ussite ? Le programme RACC, avec un duo de frangins aujourd\u2019hui<br \/>\nbien connus :<\/p>\n<p>\u00ab Mon premier souvenir est le projet RACC. <strong>Avec les<br \/>\nfr\u00e8res Espargar\u00f3<\/strong>, qui participaient au Championnat de<br \/>\nCatalogne, Pol et Aleix Espargar\u00f3 au Championnat d\u2019Espagne. J\u2019en<br \/>\ngarde un excellent souvenir, car ce premier projet nous a permis de<br \/>\nremporter le Championnat d\u2019Espagne et a permis \u00e0 <strong>Aleix<br \/>\nEspargar\u00f3<\/strong> de participer au Championnat du monde avec une<br \/>\nbonne \u00e9quipe. \u00bb<\/p>\n<p>C\u2019est en 2004 qu\u2019un tout jeune pilote originaire de Cervera<br \/>\nattire son attention : <strong>Marc<br \/>\nMarquez<\/strong>\u2026\u00a0\u00ab\u00a0Nous avons vu un jeune se<br \/>\nd\u00e9marquer, originaire de Cervera, <strong>et qui \u00e9tait tr\u00e8s<br \/>\npetit<\/strong>. \u00bb<\/p>\n<p>Mais ce qui frappe <strong>Alzamora<\/strong>, c\u2019est autre chose<br \/>\n: \u00ab ce qui a marqu\u00e9 Marc, c\u2019est qu\u2019il \u00e9tait un gar\u00e7on<br \/>\nextr\u00eamement mature pour son jeune \u00e2ge. <strong>Il \u00e9tait tr\u00e8s mature<br \/>\net tr\u00e8s courageux<\/strong>, mais il avait un handicap : <strong>il<br \/>\n\u00e9tait tr\u00e8s, tr\u00e8s petit<\/strong>. Du coup, piloter une 125 cc \u00e9tait<br \/>\ndifficile pour lui, <strong>et il devait \u00eatre tr\u00e8s prudent sur la<br \/>\nmoto<\/strong>. \u00bb<\/p>\n<p><img loading=\"lazy\" decoding=\"async\" class=\"aligncenter size-full wp-image-1015200\" src=\"https:\/\/www.europesays.com\/fr\/wp-content\/uploads\/2025\/08\/hermanos-marquez-alzamora-separacion.jpg\" alt=\"Emilio Alzamora\" width=\"745\" height=\"390\"  \/><\/p>\n<p><strong>\u00ab\u00a0Marc Marquez<br \/>\navait besoin de changer d\u2019air apr\u00e8s tout ce qu\u2019il avait subi depuis<br \/>\nsa blessure\u00a0\u00bb<\/strong><\/p>\n<p>Pour <strong>Alzamora<\/strong>, ce qui distingue vraiment<br \/>\n<strong>Marc Marquez<\/strong>, ce n\u2019est pas juste le talent, mais<br \/>\nl\u2019obsession du sommet :<\/p>\n<p>\u00ab On peut avoir beaucoup de talent, et certains pilotes sont<br \/>\ntr\u00e8s rapides. <strong>Mais sans l\u2019effort, le sacrifice, la<br \/>\npers\u00e9v\u00e9rance, cette force mentale qu\u2019il poss\u00e8de et ce courage,<br \/>\nsup\u00e9rieur \u00e0 la moyenne<\/strong>, c\u2019est ce qui permet \u00e0 Marc de<br \/>\nrester tel qu\u2019il est depuis vingt-cinq ans. \u00bb<\/p>\n<p>Avec Marc et son fr\u00e8re Alex, <strong>Alzamora<\/strong> a tout<br \/>\nconnu : les titres, les blessures, les triomphes. \u00ab\u00a0Marc<br \/>\net Alex ont toujours \u00e9t\u00e9 <strong>tr\u00e8s polis et humbles<\/strong>, et<br \/>\nnous n\u2019avons rencontr\u00e9 aucun probl\u00e8me majeur. \u00bb<\/p>\n<p>Mais la s\u00e9paration est venue apr\u00e8s la grave blessure de<br \/>\n<strong>Marc<\/strong> en 2020 :<\/p>\n<p>\u00ab <strong>C\u2019\u00e9tait une d\u00e9cision naturelle et<br \/>\nlogique<\/strong>. Dans la vie, chaque chose a son temps.<br \/>\nJ\u2019ai parfaitement compris ce dont ils avaient besoin, surtout Marc,<br \/>\nde changer d\u2019air apr\u00e8s tout ce qu\u2019il avait subi depuis sa<br \/>\nblessure. \u00bb<\/p>\n<p>Et malgr\u00e9 la fin de leur collaboration, le Catalan garde une<br \/>\nimmense fiert\u00e9 :<\/p>\n<p>\u00ab Le plus important, c\u2019est de le voir aujourd\u2019hui, de voir<br \/>\ncomment il r\u00e9ussit. De voir les deux fr\u00e8res mener la danse en<br \/>\nMotoGP. Pour moi, c\u2019\u00e9tait un r\u00eave devenu r\u00e9alit\u00e9, m\u00eame si je ne<br \/>\nsuis plus avec eux. <strong>Je suis tr\u00e8s heureux<\/strong> pour eux<br \/>\net je suis s\u00fbr que cette ann\u00e9e, le championnat du monde se jouera<br \/>\nentre eux. \u00bb<\/p>\n<p>Derri\u00e8re les stars qui brillent sous les projecteurs, il y a<br \/>\nceux qui ont cru en elles avant tout le monde. <a href=\"https:\/\/www.paddock-gp.com\/motogp-emilio-alzamora-revele-le-nom-du-veritable-adversaire-de-marc-marquez\/\" rel=\"nofollow noopener\" target=\"_blank\"><br \/>\n<strong>Emilio Alzamora<\/strong><\/a> est de ceux-l\u00e0. Un champion<br \/>\ndiscret, mais dont l\u2019empreinte en <a href=\"https:\/\/www.motogp.com\/en\" rel=\"nofollow noopener\" target=\"_blank\">MotoGP<\/a> est ind\u00e9l\u00e9bile.<\/p>\n<p><img loading=\"lazy\" decoding=\"async\" class=\"aligncenter wp-image-664736\" src=\"https:\/\/www.europesays.com\/fr\/wp-content\/uploads\/2025\/08\/c8e3a80d81cb4b988d526df51493efe2.jpg\" alt=\"Marquez\" width=\"749\" height=\"499\"  \/><\/p>\n<p>\u00a0<\/p>\n","protected":false},"excerpt":{"rendered":"Emilio Alzamora n\u2019a pas seulement \u00e9t\u00e9 un pilote de Grand Prix. Il est aussi devenu l\u2019un des d\u00e9couvreurs&hellip;\n","protected":false},"author":2,"featured_media":299837,"comment_status":"","ping_status":"","sticky":false,"template":"","format":"standard","meta":{"footnotes":""},"categories":[1413],"tags":[1011,27,1457,1456,60],"class_list":{"0":"post-299836","1":"post","2":"type-post","3":"status-publish","4":"format-standard","5":"has-post-thumbnail","7":"category-moto","8":"tag-fr","9":"tag-france","10":"tag-moto","11":"tag-motocycle","12":"tag-sports"},"share_on_mastodon":{"url":"https:\/\/pubeurope.com\/@fr\/114980597499942784","error":""},"_links":{"self":[{"href":"https:\/\/www.europesays.com\/fr\/wp-json\/wp\/v2\/posts\/299836","targetHints":{"allow":["GET"]}}],"collection":[{"href":"https:\/\/www.europesays.com\/fr\/wp-json\/wp\/v2\/posts"}],"about":[{"href":"https:\/\/www.europesays.com\/fr\/wp-json\/wp\/v2\/types\/post"}],"author":[{"embeddable":true,"href":"https:\/\/www.europesays.com\/fr\/wp-json\/wp\/v2\/users\/2"}],"replies":[{"embeddable":true,"href":"https:\/\/www.europesays.com\/fr\/wp-json\/wp\/v2\/comments?post=299836"}],"version-history":[{"count":0,"href":"https:\/\/www.europesays.com\/fr\/wp-json\/wp\/v2\/posts\/299836\/revisions"}],"wp:featuredmedia":[{"embeddable":true,"href":"https:\/\/www.europesays.com\/fr\/wp-json\/wp\/v2\/media\/299837"}],"wp:attachment":[{"href":"https:\/\/www.europesays.com\/fr\/wp-json\/wp\/v2\/media?parent=299836"}],"wp:term":[{"taxonomy":"category","embeddable":true,"href":"https:\/\/www.europesays.com\/fr\/wp-json\/wp\/v2\/categories?post=299836"},{"taxonomy":"post_tag","embeddable":true,"href":"https:\/\/www.europesays.com\/fr\/wp-json\/wp\/v2\/tags?post=299836"}],"curies":[{"name":"wp","href":"https:\/\/api.w.org\/{rel}","templated":true}]}}