{"id":299838,"date":"2025-08-06T07:17:11","date_gmt":"2025-08-06T07:17:11","guid":{"rendered":"https:\/\/www.europesays.com\/fr\/299838\/"},"modified":"2025-08-06T07:17:11","modified_gmt":"2025-08-06T07:17:11","slug":"snobe-par-langleterre-mason-greenwood-opte-pour-une-autre-selection","status":"publish","type":"post","link":"https:\/\/www.europesays.com\/fr\/299838\/","title":{"rendered":"snob\u00e9 par l\u2019Angleterre, Mason Greenwood opte pour une autre s\u00e9lection"},"content":{"rendered":"<p>A en croire la BBC, l\u2019attaquant de l\u2019Olympique de Marseille va jouer pour la Jama\u00efque, son pays d\u2019origine.<\/p>\n<p class=\"fig-paragraph\"><a href=\"http:\/\/www.lefigaro.fr\/sports\/football\/foot-marseille-facile-face-a-gerone-greenwood-marque-encore-20250726\" data-fig-type=\"NewsFlash\" data-gtm-custom-categorie=\"navigation\" data-gtm-custom-action=\"crossclick\" data-gtm-custom-label=\"Contextuel\" data-gtm-event=\"customEventSPE\" data-fig-domain=\"LEFIGARO\" target=\"_blank\" rel=\"noopener\">Mason Greenwood<\/a>\u00a0va changer de s\u00e9lection. Snob\u00e9 par la s\u00e9lection anglaise \u00e0 cause d\u2019un \u00e9cart apr\u00e8s sa premi\u00e8re s\u00e9lection en 2020 (il avait enfreint les r\u00e8gles de quarantaine li\u00e9es au Covid-19) et de son accusation de violences conjugales et viol sur sa compagne &#8211; pour laquelle il avait \u00e9t\u00e9 innocent\u00e9 &#8211; le joueur de Marseille va jouer&#8230; pour la Jama\u00efque.<\/p>\n<p class=\"fig-paragraph\">D\u2019origine jama\u00efcaine par son p\u00e8re, l\u2019ex-attaquant de Manchester United a obtenu la citoyennet\u00e9 et son passeport, d\u2019apr\u00e8s la\u00a0<a href=\"https:\/\/www.bbc.com\/sport\/football\/articles\/cyvnqmng37lo\" target=\"_blank\" rel=\"sponsored noopener\" data-gtm-custom-categorie=\"navigation\" data-gtm-custom-action=\"crossclick\" data-gtm-custom-label=\"Contextuel\" data-gtm-event=\"customEventSPE\">BBC<\/a> . Ce qui lui permettrait de jouer pour cette s\u00e9lection. Ambitieuse, la nation tente de rapatrier certains joueurs \u00e9voluant \u00e0 l\u2019\u00e9tranger et qui auraient des racines jama\u00efcaines.<\/p>\n<p>                                    <a class=\"fig-a11y-skip a11y-hidden\" href=\"#fig-a11y-skip-main-inarticle\"><br \/>\n        Passer la publicit\u00e9<br \/>\n    <\/a><\/p>\n<p class=\"fig-paragraph\">Steve McClaren, s\u00e9lectionneur de la Jama\u00efque, souhaite se qualifier pour la prochaine Coupe du monde. Mason Greenwood pourrait m\u00eame disputer les \u00e9liminatoires du Mondial en septembre prochain contre les Bermudes et Trinit\u00e9-et-Tobago.<\/p>\n","protected":false},"excerpt":{"rendered":"A en croire la BBC, l\u2019attaquant de l\u2019Olympique de Marseille va jouer pour la Jama\u00efque, son pays d\u2019origine.&hellip;\n","protected":false},"author":2,"featured_media":299839,"comment_status":"","ping_status":"","sticky":false,"template":"","format":"standard","meta":{"footnotes":""},"categories":[1412],"tags":[1451,1452,1453,1454,1455,1011,27,3225,4242,1176,60],"class_list":{"0":"post-299838","1":"post","2":"type-post","3":"status-publish","4":"format-standard","5":"has-post-thumbnail","7":"category-f1","8":"tag-f1","9":"tag-formula-1","10":"tag-formula1","11":"tag-formule-1","12":"tag-formule1","13":"tag-fr","14":"tag-france","15":"tag-manchester-united","16":"tag-mason-greenwood","17":"tag-olympique-de-marseille","18":"tag-sports"},"share_on_mastodon":{"url":"https:\/\/pubeurope.com\/@fr\/114980601402909737","error":""},"_links":{"self":[{"href":"https:\/\/www.europesays.com\/fr\/wp-json\/wp\/v2\/posts\/299838","targetHints":{"allow":["GET"]}}],"collection":[{"href":"https:\/\/www.europesays.com\/fr\/wp-json\/wp\/v2\/posts"}],"about":[{"href":"https:\/\/www.europesays.com\/fr\/wp-json\/wp\/v2\/types\/post"}],"author":[{"embeddable":true,"href":"https:\/\/www.europesays.com\/fr\/wp-json\/wp\/v2\/users\/2"}],"replies":[{"embeddable":true,"href":"https:\/\/www.europesays.com\/fr\/wp-json\/wp\/v2\/comments?post=299838"}],"version-history":[{"count":0,"href":"https:\/\/www.europesays.com\/fr\/wp-json\/wp\/v2\/posts\/299838\/revisions"}],"wp:featuredmedia":[{"embeddable":true,"href":"https:\/\/www.europesays.com\/fr\/wp-json\/wp\/v2\/media\/299839"}],"wp:attachment":[{"href":"https:\/\/www.europesays.com\/fr\/wp-json\/wp\/v2\/media?parent=299838"}],"wp:term":[{"taxonomy":"category","embeddable":true,"href":"https:\/\/www.europesays.com\/fr\/wp-json\/wp\/v2\/categories?post=299838"},{"taxonomy":"post_tag","embeddable":true,"href":"https:\/\/www.europesays.com\/fr\/wp-json\/wp\/v2\/tags?post=299838"}],"curies":[{"name":"wp","href":"https:\/\/api.w.org\/{rel}","templated":true}]}}