{"id":299849,"date":"2025-08-06T07:23:10","date_gmt":"2025-08-06T07:23:10","guid":{"rendered":"https:\/\/www.europesays.com\/fr\/299849\/"},"modified":"2025-08-06T07:23:10","modified_gmt":"2025-08-06T07:23:10","slug":"pourquoi-lemission-daugustin-t","status":"publish","type":"post","link":"https:\/\/www.europesays.com\/fr\/299849\/","title":{"rendered":"pourquoi l\u2019\u00e9mission d\u2019Augustin T &#8230;"},"content":{"rendered":"<p>EN BREF<\/p>\n<ul class=\"bloc_resume_post_list\">\n<li>Depuis d\u00e9but juillet, \u00ab\u00a0La Grande Librairie\u00a0\u00bb d\u00a0\u00bbAugustin<br \/>\nTrapenard sur France 5 est en pause estivale.<\/li>\n<li>Le 25 juin, une \u00e9mission sp\u00e9ciale a \u00e9t\u00e9 d\u00e9di\u00e9e aux<br \/>\n\u00ab\u00a0livres de l&rsquo;\u00e9t\u00e9\u00a0\u00bb avec des invit\u00e9s comme Jean-Christophe<br \/>\nRufin.<\/li>\n<li>En ao\u00fbt, France 5 propose des documentaires et \u00e9missions<br \/>\npour combler l&rsquo;absence de \u00ab\u00a0La Grande Librairie\u00a0\u00bb.<\/li>\n<\/ul>\n<p data-start=\"60\" data-end=\"461\">Romans, essais, bandes dessin\u00e9es,<br \/>\npolars, jeunesse\u2026 <a href=\"https:\/\/www.telestar.fr\/actu_tv\/la-grande-librairie-france-5-pourquoi-lemission-daugustin-trapenard-nest-elle-pas-diffusee-ce-30-juillet-1731894\" target=\"_blank\" rel=\"noopener\"><br \/>\nLa Grande Librairie<\/a> est le rendez-vous incontournable des<br \/>\npassionn\u00e9s de litt\u00e9rature. Tous les mercredis soir,<br \/>\n<strong>Augustin Trapenard<\/strong> prend les commandes de France 5<br \/>\npour passer en revue l\u2019actualit\u00e9 litt\u00e9raire et accueillir sur son<br \/>\nplateau de nombreux invit\u00e9s. Mais cet \u00e9t\u00e9, comme beaucoup de<br \/>\nFran\u00e7ais, l\u2019\u00e9quipe s\u2019accorde aussi une pause bien m\u00e9rit\u00e9e !<\/p>\n<p>Une pause estivale<\/p>\n<p data-start=\"487\" data-end=\"859\">Depuis le d\u00e9but du mois de<br \/>\njuillet, La Grande<br \/>\nLibrairie a rang\u00e9 ses livres pour c\u00e9der la place \u00e0 une autre<br \/>\nprogrammation, invitant elle aussi les t\u00e9l\u00e9spectateurs \u00e0 l\u2019\u00e9vasion.<br \/>\nAinsi, le 25 juin dernier, <a href=\"https:\/\/www.telestar.fr\/actu_tv\/augustin-trapenard-debarque-sur-rtl-va-t-il-arreter-la-grande-librairie-1729570\" target=\"_blank\" rel=\"noopener\"><br \/>\nAugustin Trapenard<\/a> a cl\u00f4tur\u00e9 la saison avec une \u00e9mission<br \/>\nsp\u00e9ciale consacr\u00e9e\u2026 <strong>aux livres de l\u2019\u00e9t\u00e9<\/strong> ! De quoi<br \/>\ninspirer quelques id\u00e9es de lectures \u00e0 glisser dans sa valise.<\/p>\n<p data-start=\"861\" data-end=\"1194\">Parmi les invit\u00e9s ?<br \/>\nJean-Christophe Rufin, Jacques Weber, Virginie Grimaldi, J\u00e9r\u00f4me<br \/>\nChantreau ou encore \u00c9milie Tronche \u00e9taient pr\u00e9sents sur le plateau.<br \/>\n\u00ab\u00a0L\u2019\u00e9t\u00e9, c\u2019est le moment de se plonger dans des histoires qui<br \/>\ntransportent, qu\u2019il s\u2019agisse de grandes fresques historiques ou de<br \/>\nr\u00e9cits plus intimistes\u00a0\u00bb, a-t-il d\u00e9clar\u00e9 ce jour-l\u00e0.<\/p>\n<p>Que regarder \u00e0 la place ?<\/p>\n<p data-start=\"1227\" data-end=\"1473\">Pour retrouver La Grande Librairie, les fid\u00e8les<br \/>\ndevront patienter jusqu\u2019au 3 septembre prochain. En attendant, que<br \/>\npeuvent-ils regarder ? France 5 a tout pr\u00e9vu avec une grille de<br \/>\nprogrammes estivale. En ao\u00fbt, l\u2019\u00e9vasion et la d\u00e9couverte seront \u00e0<br \/>\nl\u2019honneur.<\/p>\n<p data-start=\"1475\" data-end=\"1863\" data-is-last-node=\"\" data-is-only-node=\"\">Ainsi, ce mercredi 6 ao\u00fbt d\u00e8s 21 heures, la<br \/>\ncha\u00eene diffusera un documentaire historique intitul\u00e9<br \/>\n<strong>Lady Sapiens, \u00e0 la<br \/>\nrecherche des femmes de la Pr\u00e9histoire<\/strong>. Juste avant,<br \/>\nles t\u00e9l\u00e9spectateurs pourront voyager gr\u00e2ce \u00e0 l\u2019\u00e9mission<br \/>\nLes 100 lieux qu\u2019il faut<br \/>\nvoir. Enfin, la soir\u00e9e se conclura avec <a href=\"https:\/\/www.telestar.fr\/actu_tv\/c-dans-lair-viree-comme-une-malpropre-de-france-info-salhia-brakhlia-prend-du-galon-1733820\" target=\"_blank\" rel=\"noopener\"><br \/>\nC dans l\u2019air<\/a>, \u00e0 22h35, pour suivre l\u2019actualit\u00e9 politique,<br \/>\nsociale, \u00e9conomique ou culturelle.<\/p>\n","protected":false},"excerpt":{"rendered":"EN BREF Depuis d\u00e9but juillet, \u00ab\u00a0La Grande Librairie\u00a0\u00bb d\u00a0\u00bbAugustin Trapenard sur France 5 est en pause estivale. Le&hellip;\n","protected":false},"author":2,"featured_media":299850,"comment_status":"","ping_status":"","sticky":false,"template":"","format":"standard","meta":{"footnotes":""},"categories":[1356],"tags":[548,58,59,1011,27,44000,252,1364],"class_list":{"0":"post-299849","1":"post","2":"type-post","3":"status-publish","4":"format-standard","5":"has-post-thumbnail","7":"category-television","8":"tag-article-simple","9":"tag-divertissement","10":"tag-entertainment","11":"tag-fr","12":"tag-france","13":"tag-la-grande-librairie","14":"tag-television","15":"tag-tv"},"share_on_mastodon":{"url":"https:\/\/pubeurope.com\/@fr\/114980625027363192","error":""},"_links":{"self":[{"href":"https:\/\/www.europesays.com\/fr\/wp-json\/wp\/v2\/posts\/299849","targetHints":{"allow":["GET"]}}],"collection":[{"href":"https:\/\/www.europesays.com\/fr\/wp-json\/wp\/v2\/posts"}],"about":[{"href":"https:\/\/www.europesays.com\/fr\/wp-json\/wp\/v2\/types\/post"}],"author":[{"embeddable":true,"href":"https:\/\/www.europesays.com\/fr\/wp-json\/wp\/v2\/users\/2"}],"replies":[{"embeddable":true,"href":"https:\/\/www.europesays.com\/fr\/wp-json\/wp\/v2\/comments?post=299849"}],"version-history":[{"count":0,"href":"https:\/\/www.europesays.com\/fr\/wp-json\/wp\/v2\/posts\/299849\/revisions"}],"wp:featuredmedia":[{"embeddable":true,"href":"https:\/\/www.europesays.com\/fr\/wp-json\/wp\/v2\/media\/299850"}],"wp:attachment":[{"href":"https:\/\/www.europesays.com\/fr\/wp-json\/wp\/v2\/media?parent=299849"}],"wp:term":[{"taxonomy":"category","embeddable":true,"href":"https:\/\/www.europesays.com\/fr\/wp-json\/wp\/v2\/categories?post=299849"},{"taxonomy":"post_tag","embeddable":true,"href":"https:\/\/www.europesays.com\/fr\/wp-json\/wp\/v2\/tags?post=299849"}],"curies":[{"name":"wp","href":"https:\/\/api.w.org\/{rel}","templated":true}]}}