{"id":299851,"date":"2025-08-06T07:24:12","date_gmt":"2025-08-06T07:24:12","guid":{"rendered":"https:\/\/www.europesays.com\/fr\/299851\/"},"modified":"2025-08-06T07:24:12","modified_gmt":"2025-08-06T07:24:12","slug":"une-fan-de-12-ans-de-katy-perry-fait-un-malaise-sur-scene-lors-de-son-concert-a-detroit","status":"publish","type":"post","link":"https:\/\/www.europesays.com\/fr\/299851\/","title":{"rendered":"Une fan de 12 ans de Katy Perry fait un malaise sur sc\u00e8ne lors de son concert \u00e0 D\u00e9troit"},"content":{"rendered":"<p>La star de la pop am\u00e9ricaine a port\u00e9 secours \u00e0 une jeune spectatrice qu\u2019elle avait invit\u00e9e sur sc\u00e8ne. La chanteuse a annonc\u00e9 plus tard qu\u2019elle allait \u00ab\u00a0beaucoup mieux\u00a0\u00bb.<\/p>\n<p class=\"fig-paragraph\"><a href=\"http:\/\/www.lefigaro.fr\/voyages\/vous-ne-voulez-pas-faire-comme-katy-perry-5-idees-bas-carbone-pour-admirer-les-etoiles-20250424\" data-fig-type=\"Article\" data-gtm-custom-categorie=\"navigation\" data-gtm-custom-action=\"crossclick\" data-gtm-custom-label=\"Contextuel\" data-gtm-event=\"customEventSPE\" data-fig-domain=\"LEFIGARO\" target=\"_blank\" rel=\"noopener\">Katy Perry<\/a>\u00a0a-t-elle la poisse\u00a0?\u00a0Apr\u00e8s avoir\u00a0<a href=\"http:\/\/www.lefigaro.fr\/musique\/apres-beyonce-katy-perry-connait-un-incident-technique-sur-scene-20250702\" data-fig-type=\"Article\" data-gtm-custom-categorie=\"navigation\" data-gtm-custom-action=\"crossclick\" data-gtm-custom-label=\"Contextuel\" data-gtm-event=\"customEventSPE\" data-fig-domain=\"LEFIGARO\" target=\"_blank\" rel=\"noopener\">\u00e9chapp\u00e9 de peu \u00e0 un incident<\/a>\u00a0dans le ciel de l\u2019Adelaide Entertainment Centre en Australie fin juin, la star de la pop fait de nouveau la une de l\u2019actualit\u00e9 pour un malheureux \u00e9v\u00e9nement. Dimanche 3 ao\u00fbt, alors qu\u2019elle se produisait \u00e0 la Little Caesars Arena de D\u00e9troit aux \u00c9tats-Unis, l\u2019artiste am\u00e9ricaine a port\u00e9 secours \u00e0 l\u2019une des fans qu\u2019elle avait invit\u00e9es sur sc\u00e8ne pour l\u2019aider \u00e0 chanter son tube de 2011 The One That Got Away.<\/p>\n<p class=\"fig-paragraph\">La jeune fille, \u00e2g\u00e9e de douze ans, s\u2019est effondr\u00e9e au moment d\u2019\u00e9changer avec son idole. Sur les images capt\u00e9es par la foule, on la voit trembler de tout son corps. Katy Perry ayant remarqu\u00e9 le stress de cette fan, elle lui a demand\u00e9 de \u00ab\u00a0respirer\u00a0\u00bb \u00e0 plusieurs reprises juste avant la chute. La chanteuse s\u2019est empress\u00e9e de lui venir en aide. Elle a pos\u00e9 son micro sur le sol et interrompu son concert jusqu\u2019\u00e0 l\u2019arriv\u00e9e de la s\u00e9curit\u00e9 et l\u2019\u00e9vacuation de la spectatrice sur civi\u00e8re par les pompiers.<\/p>\n<p>                                    <a class=\"fig-a11y-skip a11y-hidden\" href=\"#fig-a11y-skip-main-inarticle\"><br \/>\n        Passer la publicit\u00e9<br \/>\n    <\/a><\/p>\n<p class=\"fig-paragraph\">Apr\u00e8s un tonnerre d\u2019applaudissements, Katy Perry a pris la parole\u00a0:\u00a0\u00ab\u00a0Parfois, on est tellement courageux de monter sur sc\u00e8ne que l\u2019\u00e9motion peut devenir \u00e9crasante. Je comprends tout \u00e0 fait ce qu\u2019elle a ressenti.\u00a0\u00bb La chanteuse a ensuite repris son concert jusqu\u2019au morceau Roar au milieu duquel elle a rassur\u00e9 son public. \u00ab\u00a0Elle va beaucoup mieux maintenant\u00a0\u00bb, a d\u00e9clar\u00e9 la chanteuse au sujet de la jeune fan.<\/p>\n<p>Un \u00ab\u00a0ange gardien\u00a0\u00bb<\/p>\n<p class=\"fig-paragraph\">Sur les r\u00e9seaux sociaux, de nombreux fans ont f\u00e9licit\u00e9 Katy Perry pour son geste. \u00ab\u00a0Je n\u2019ai jamais vu un artiste g\u00e9rer une telle situation mieux qu\u2019elle\u00a0\u00bb, a \u00e9crit l\u2019un d\u2019entre eux, jusqu\u2019\u00e0 la qualifier de \u00ab\u00a0v\u00e9ritable ange gardien\u00a0\u00bb. \u00ab\u00a0Elle a vraiment un c\u0153ur \u00e9norme\u00a0\u00bb, \u00ab\u00a0je soutiens la bonne personne\u00a0\u00bb, \u00ab\u00a0tant de g\u00e9n\u00e9rosit\u00e9\u00a0\u00bb, ont d\u00e9clar\u00e9 d\u2019autres personnes. Certains internautes sont plus critiques. Ils soup\u00e7onnent la jeune spectatrice de s\u2019\u00eatre volontairement effondr\u00e9e sur sc\u00e8ne pour attirer toute l\u2019attention. Ces derniers jugent que sa chute est \u00ab\u00a0tr\u00e8s \u00e9trange\u00a0\u00bb pour que \u00e7a soit un malaise.<\/p>\n<p class=\"fig-body-link\">\n            \u00c0 lire aussi<br \/>\n        <a class=\"fig-body-link__link\" href=\"http:\/\/www.lefigaro.fr\/musique\/alex-warren-benson-boone-olivia-rodrigo-les-nouvelles-stars-de-la-pop-americaine-enchantent-le-festival-lollapalooza-20250720\" target=\"_blank\" data-fig-type=\"NewsFlash\" rel=\"noopener\" data-gtm-custom-categorie=\"navigation\" data-gtm-custom-action=\"crossclick\" data-gtm-custom-label=\"Contextuel\" data-gtm-event=\"customEventSPE\" data-fig-domain=\"LEFIGARO\">Alex Warren, Benson Boone, Olivia Rodrigo&#8230; Les nouvelles stars de la pop am\u00e9ricaine enchantent le festival Lollapalooza<br \/>\n    <\/a>\n<\/p>\n<p class=\"fig-paragraph\">Cet \u00e9v\u00e8nement vient s\u2019ajouter aux nombreux incidents survenus depuis le lancement de la tourn\u00e9e The Lifetimes Tour de Katy Perry. En juin dernier, la star de la pop am\u00e9ricaine s\u2019est fait une frayeur sur sc\u00e8ne, en Australie, lorsque sa cage m\u00e9tallique a commenc\u00e9 \u00e0 d\u00e9vier dans le ciel du stade. Un incident similaire s\u2019est produit le 21 juillet \u00e0 San Francisco, o\u00f9\u00a0<a href=\"http:\/\/www.lefigaro.fr\/musique\/katy-perry-a-failli-tomber-sur-les-spectateurs-lors-d-un-concert-a-san-francisco-20250721\" data-fig-type=\"NewsFlash\" data-gtm-custom-categorie=\"navigation\" data-gtm-custom-action=\"crossclick\" data-gtm-custom-label=\"Contextuel\" data-gtm-event=\"customEventSPE\" data-fig-domain=\"LEFIGARO\" target=\"_blank\" rel=\"noopener\">la chanteuse a failli chuter de son papillon g\u00e9ant<\/a>\u00a0suite \u00e0 un probl\u00e8me technique. Katy Perry sera en concert \u00e0 l\u2019Accor Arena le 24 octobre prochain, o\u00f9 le public parisien esp\u00e9rera aucune m\u00e9saventure.<\/p>\n<p class=\"fig-paragraph\"><strong>Katy Perry\u00a0&#8211;\u00a0<\/strong><strong>Roar<\/strong> <strong>\u00a0(2013)<\/strong><\/p>\n","protected":false},"excerpt":{"rendered":"La star de la pop am\u00e9ricaine a port\u00e9 secours \u00e0 une jeune spectatrice qu\u2019elle avait invit\u00e9e sur sc\u00e8ne.&hellip;\n","protected":false},"author":2,"featured_media":299852,"comment_status":"","ping_status":"","sticky":false,"template":"","format":"standard","meta":{"footnotes":""},"categories":[1355],"tags":[29948,58,59,1011,27,8553,1361,873,44001],"class_list":{"0":"post-299851","1":"post","2":"type-post","3":"status-publish","4":"format-standard","5":"has-post-thumbnail","7":"category-musique","8":"tag-detroit","9":"tag-divertissement","10":"tag-entertainment","11":"tag-fr","12":"tag-france","13":"tag-katy-perry","14":"tag-music","15":"tag-musique","16":"tag-musique-pop"},"share_on_mastodon":{"url":"https:\/\/pubeurope.com\/@fr\/114980629048713660","error":""},"_links":{"self":[{"href":"https:\/\/www.europesays.com\/fr\/wp-json\/wp\/v2\/posts\/299851","targetHints":{"allow":["GET"]}}],"collection":[{"href":"https:\/\/www.europesays.com\/fr\/wp-json\/wp\/v2\/posts"}],"about":[{"href":"https:\/\/www.europesays.com\/fr\/wp-json\/wp\/v2\/types\/post"}],"author":[{"embeddable":true,"href":"https:\/\/www.europesays.com\/fr\/wp-json\/wp\/v2\/users\/2"}],"replies":[{"embeddable":true,"href":"https:\/\/www.europesays.com\/fr\/wp-json\/wp\/v2\/comments?post=299851"}],"version-history":[{"count":0,"href":"https:\/\/www.europesays.com\/fr\/wp-json\/wp\/v2\/posts\/299851\/revisions"}],"wp:featuredmedia":[{"embeddable":true,"href":"https:\/\/www.europesays.com\/fr\/wp-json\/wp\/v2\/media\/299852"}],"wp:attachment":[{"href":"https:\/\/www.europesays.com\/fr\/wp-json\/wp\/v2\/media?parent=299851"}],"wp:term":[{"taxonomy":"category","embeddable":true,"href":"https:\/\/www.europesays.com\/fr\/wp-json\/wp\/v2\/categories?post=299851"},{"taxonomy":"post_tag","embeddable":true,"href":"https:\/\/www.europesays.com\/fr\/wp-json\/wp\/v2\/tags?post=299851"}],"curies":[{"name":"wp","href":"https:\/\/api.w.org\/{rel}","templated":true}]}}