{"id":299853,"date":"2025-08-06T07:25:17","date_gmt":"2025-08-06T07:25:17","guid":{"rendered":"https:\/\/www.europesays.com\/fr\/299853\/"},"modified":"2025-08-06T07:25:17","modified_gmt":"2025-08-06T07:25:17","slug":"cagla-zencirci-et-guillaume-giovanetti-pour-leur-nouveau-film-confidente-eric-reinhardt","status":"publish","type":"post","link":"https:\/\/www.europesays.com\/fr\/299853\/","title":{"rendered":"\u00c7a\u011fla Zencirci et Guillaume Giovanetti, pour leur nouveau film Confidente\/ Eric Reinhardt"},"content":{"rendered":"<p class=\"PopSlotParagraph qg-tx2 qg-xtra-lh svelte-1r0pyek\">Nouveau film du duo de r\u00e9alisateurs \u00c7a\u011fla Zencirci et Guillaume Giovanetti, Confidente\u00a0se d\u00e9roule dans l\u2019intimit\u00e9 d\u2019un centre d\u2019appels \u00e9rotiques en banlieue d\u2019Ankara, en Turquie.<\/p>\n<p> Huis clos \u00e0 Ankara<\/p>\n<p class=\"PopSlotParagraph qg-tx2 qg-xtra-lh svelte-1r0pyek\">Nous sommes en 1999, Arzu exerce cette profession en secret. Handicap\u00e9e, divorc\u00e9e, elle esp\u00e8re gagner suffisamment d\u2019argent pour obtenir la garde de son fils. Mais un s\u00e9isme ravageur frappe le pays. Au bout du fil, Arzu converse avec des puissants comme avec des mis\u00e9rables et assiste, impuissante, \u00e0 l\u2019agonie d\u2019un jeune gar\u00e7on prisonnier des d\u00e9combres. Pour l\u2019aider, elle va devoir briser le secret professionnel, mais \u00e0 quel prix\u00a0? Confidente est un magnifique film sur la parole et le silence, la domination masculine et le courage d\u2019une femme. Il ouvre une nouvelle dimension dans l\u2019\u0153uvre du couple de r\u00e9alisateurs qui produit depuis plus de vingt ans des films aussi beaux qu\u2019engag\u00e9s.<\/p>\n<p class=\"qg-sr-only\" role=\"heading\" aria-level=\"3\">Pour voir ce contenu, acceptez les cookies.<\/p>\n<p class=\"ConsentNotice-description qg-tx3 svelte-m9wmt1\">Pour afficher ce contenu Youtube, vous devez accepter les cookies <b>Publicit\u00e9<\/b>.<br \/>Ces cookies permettent \u00e0 nos partenaires de vous proposer des publicit\u00e9s et des contenus personnalis\u00e9s en fonction de votre navigation, de votre profil et de vos centres d&rsquo;int\u00e9r\u00eat. <\/p>\n<p>  G\u00e9rer mes choix     J&rsquo;autorise  <\/p>\n<p class=\"PopSlotParagraph qg-tx2 qg-xtra-lh svelte-1r0pyek\">Les cin\u00e9astes expliquent d\u2019o\u00f9 leur viennent leurs id\u00e9es de sc\u00e9narios\u00a0: \u00ab\u00a0En g\u00e9n\u00e9ral, ce sont les rencontres qui nous guident, mais, en ce qui concerne \u00ab\u00a0Confidente\u00a0\u00bb, il y a une toute petite diff\u00e9rence, car c&rsquo;est le tremblement de terre qui a frapp\u00e9 la Turquie en 2023 qui a initi\u00e9 le projet. Nous en avons suivi les cons\u00e9quences sur internet et \u00e0 la t\u00e9l\u00e9vision, et en en parlant entre nous, on s&rsquo;est rendu compte qu\u2019elles \u00e9taient extr\u00eamement similaires \u00e0 celles de celui qui avait eu lieu en 1999, comme si, en fait, rien n\u2019avait chang\u00e9\u00a0: les gens vivaient exactement la m\u00eame chose. On a donc d\u00e9cid\u00e9 de nous pencher sur cette question. Ensuite, les t\u00e9l\u00e9phones roses, qui faisaient fureur en Turquie \u00e0 la fin des ann\u00e9es 90 sont arriv\u00e9s dans l\u2019histoire, car ils nous permettaient de cr\u00e9er de la fiction sans avoir recours aux images d\u2019archives. Ils nous ont donn\u00e9 la libert\u00e9 de pour pouvoir traiter du tremblement de terre sans faire revivre le trauma aux personnes qui l\u2019ont v\u00e9cu.\u00a0\u00bb<\/p>\n<p class=\"PopSlotParagraph qg-tx2 qg-xtra-lh svelte-1r0pyek\">Pour \u00c7a\u011fla Zencirci et Guillaume Giovanetti travailler l\u2019implication est fondamentale\u00a0: \u00ab\u00a0On \u00e9crit vraiment les r\u00f4les pour des gens. On a besoin d&rsquo;avoir un visage pour pouvoir continuer \u00e0 d\u00e9velopper l&rsquo;histoire. Donc, choisir Saadet \u00e9tait une \u00e9vidence, et m\u00eame si on n&rsquo;avait jamais eu l&rsquo;opportunit\u00e9 de la rencontrer directement, on connaissait son travail. On avait besoin de cette \u00e9nergie, de ce visage, de ses yeux, de son c\u00f4t\u00e9 anguleux. Elle s\u2019est \u00e9norm\u00e9ment investie pour ce r\u00f4le, et nous a propos\u00e9 beaucoup de choses. En fait, on travaille avec les gens avant pendant et apr\u00e8s le tournage, et on est tr\u00e8s ouverts aux id\u00e9es des acteurs et de l&rsquo;\u00e9quipe technique, car on pense que l\u2019implication des gens avec qui on travaille leur permet d\u2019apporter le meilleur d\u2019eux-m\u00eames. Il en est de m\u00eame pour nous\u00a0: un film, c\u2019est la compilation de \u00ab\u00a0meilleurs\u00a0\u00bb .\u00a0\u00bb<\/p>\n<p> L&rsquo;\u00e9crivain Eric Reinhardt face aux Nymph\u00e9as<\/p>\n<p class=\"PopSlotParagraph qg-tx2 qg-xtra-lh svelte-1r0pyek\">En deuxi\u00e8me partie d\u2019\u00e9mission, nous \u00e9voquerons le pouvoir de la peinture sur l\u2019imagination des \u00e9crivains, en compagnie de l\u2019\u00e9crivain Eric Reinhardt \u00e0 travers une exp\u00e9rience qu\u2019il a v\u00e9cue devant les Nymph\u00e9as de Monet, dans le cadre d\u2019un cycle organis\u00e9 par le mus\u00e9e de l\u2019Orangerie, o\u00f9 les Nymph\u00e9as sont expos\u00e9s, intitul\u00e9\u00a0<a href=\"https:\/\/www.musee-orangerie.fr\/fr\/agenda\/cycles\/lecho-des-nympheas-2024-2025\" target=\"_blank\" rel=\"noopener noreferrer nofollow\" class=\"\" data-testid=\"link\">L\u2019\u00c9cho des Nymph\u00e9as<\/a>. Une fois par mois, un \u00e9crivain est invit\u00e9 \u00e0 lire un texte de son invention devant les Nymph\u00e9as. Eric Reinhardt s\u2019est pr\u00eat\u00e9 au jeu en janvier dernier et il est notre invit\u00e9 pour nous raconter son aventure.<\/p>\n<p>  <img decoding=\"async\" class=\"Image-preview  svelte-1b9cmvl\" data-testid=\"image-preview\" src=\"data:image\/jpeg;charset=utf-8;base64, \/9j\/2wBDACgcHiMeGSgjISMtKygwPGRBPDc3PHtYXUlkkYCZlo+AjIqgtObDoKrarYqMyP\/L2u71\/\/\/\/m8H\/\/\/\/6\/+b9\/\/j\/2wBDASstLTw1PHZBQXb4pYyl+Pj4+Pj4+Pj4+Pj4+Pj4+Pj4+Pj4+Pj4+Pj4+Pj4+Pj4+Pj4+Pj4+Pj4+Pj4+Pj4+Pj\/wAARCAAfACoDASIAAhEBAxEB\/8QAGAABAQEBAQAAAAAAAAAAAAAAAgEDAAT\/xAAYEAEBAQEBAAAAAAAAAAAAAAAAARECEv\/EABUBAQEAAAAAAAAAAAAAAAAAAAAB\/8QAFBEBAAAAAAAAAAAAAAAAAAAAAP\/aAAwDAQACEQMRAD8AxnJ88n5XASK5LQdaOpamor04NhpVRnRp2DYDOidgg\/\/Z\" alt=\"\" aria-hidden=\"false\"\/>     <img decoding=\"async\" src=\"https:\/\/www.europesays.com\/fr\/wp-content\/uploads\/2025\/08\/860_sc_sc-reinhardt-eric-au-cnd-photo-2023-francesca-mantovani-gallimard-87a7774r2-1.jpg\" loading=\"lazy\" fetchpriority=\"low\" width=\"860\" height=\"644\" class=\"Image-main  svelte-1b9cmvl rounded\" data-testid=\"image-src\" alt=\"Eric Reinhardt\" aria-hidden=\"false\" onload=\"this.__e=event\" onerror=\"this.__e=event\"\/> Eric Reinhardt  &#8211; Francesca Mantovani\/ Gallimard <\/p>\n<p class=\"PopSlotParagraph qg-tx2 qg-xtra-lh svelte-1r0pyek\">Eric Reinhardt nous raconte la d\u00e9couverte du repentir dans la toile Les nuages de Claude Monet\u00a0: \u00ab\u00a0Je devais faire une lecture devant \u00ab\u00a0Les Nymph\u00e9as\u00a0\u00bb \u00e0 l\u2019Orangerie. Je l\u2019ai dit \u00e0 mon ami G\u00e9rard Petit, peintre et grand \u00e9rudit de la peinture, qui m\u2019a confi\u00e9 avoir rep\u00e9r\u00e9 quelques ann\u00e9es auparavant un repentir dans une des toiles de Claude Monet. On est all\u00e9s voir \u00ab\u00a0Les Nymph\u00e9as\u00a0\u00bb et, en effet, j&rsquo;ai vu appara\u00eetre un bras avec une main en coupelle, mais \u00e7a ne me parlait pas tellement. Nous y sommes retourn\u00e9s et l\u00e0 j&rsquo;ai vu appara\u00eetre une seconde main, une main sortant de l&rsquo;eau, avec le poignet sectionn\u00e9 s&rsquo;accrochant \u00e0 la main en coupelle. Entre-temps, j&rsquo;avais lu le livre de Gr\u00e9goire Bouillier, \u00ab\u00a0Le syndrome de l&rsquo;Orangerie\u00a0\u00bb dans lequel il pr\u00e9tend qu&rsquo;un cadavre se tient dissimul\u00e9 dans les \u00e9tangs, et que le seul sujet et la seule origine des Nymph\u00e9as, c&rsquo;est Camille, la femme de Monet, sur son lit de mort. Pour moi, en sachant la douleur ressentie par Monet \u00e0 la mort de sa femme, j\u2019en ai d\u00e9duis que peindre inlassablement les Nymph\u00e9as \u00e9tait une fa\u00e7on pour le peintre de revenir \u00e0 la douleur de sa disparition. Et dans le fond, j&rsquo;ai vu ses deux mains comme le blason de son inconsolable veuvage.\u00a0\u00bb<\/p>\n<p> R\u00e9f\u00e9rences musicales<\/p>\n<ul>\n<li>Clara Ys\u00e9, Douce<\/li>\n<li>Barcelona Gipsy\u00a0Klezmer Orchestra, Dut Agaci<\/li>\n<\/ul>\n<p>Archives diffus\u00e9es<\/p>\n<ul>\n<li>Orhan Pamuk, \u00e9mission Bienvenue au Club, Olivia Gesbert, France Culture, 23\/05\/2023<\/li>\n<li>Alfred Hitchcock \u00e9voque le tournage des longs plans-s\u00e9quences dans La Corde, \u00e9missionThe Dick Cavett Show, juin 1972, source Youtube<\/li>\n<li>Daniel Arasse, \u00e9mission Histoire de peinture, France Culture le 26\/08\/2003<\/li>\n<\/ul>\n","protected":false},"excerpt":{"rendered":"Nouveau film du duo de r\u00e9alisateurs \u00c7a\u011fla Zencirci et Guillaume Giovanetti, Confidente\u00a0se d\u00e9roule dans l\u2019intimit\u00e9 d\u2019un centre d\u2019appels&hellip;\n","protected":false},"author":2,"featured_media":299854,"comment_status":"","ping_status":"","sticky":false,"template":"","format":"standard","meta":{"footnotes":""},"categories":[1354],"tags":[58,59,1346,1011,27,1360],"class_list":{"0":"post-299853","1":"post","2":"type-post","3":"status-publish","4":"format-standard","5":"has-post-thumbnail","7":"category-films","8":"tag-divertissement","9":"tag-entertainment","10":"tag-films","11":"tag-fr","12":"tag-france","13":"tag-movies"},"share_on_mastodon":{"url":"https:\/\/pubeurope.com\/@fr\/114980632965154057","error":""},"_links":{"self":[{"href":"https:\/\/www.europesays.com\/fr\/wp-json\/wp\/v2\/posts\/299853","targetHints":{"allow":["GET"]}}],"collection":[{"href":"https:\/\/www.europesays.com\/fr\/wp-json\/wp\/v2\/posts"}],"about":[{"href":"https:\/\/www.europesays.com\/fr\/wp-json\/wp\/v2\/types\/post"}],"author":[{"embeddable":true,"href":"https:\/\/www.europesays.com\/fr\/wp-json\/wp\/v2\/users\/2"}],"replies":[{"embeddable":true,"href":"https:\/\/www.europesays.com\/fr\/wp-json\/wp\/v2\/comments?post=299853"}],"version-history":[{"count":0,"href":"https:\/\/www.europesays.com\/fr\/wp-json\/wp\/v2\/posts\/299853\/revisions"}],"wp:featuredmedia":[{"embeddable":true,"href":"https:\/\/www.europesays.com\/fr\/wp-json\/wp\/v2\/media\/299854"}],"wp:attachment":[{"href":"https:\/\/www.europesays.com\/fr\/wp-json\/wp\/v2\/media?parent=299853"}],"wp:term":[{"taxonomy":"category","embeddable":true,"href":"https:\/\/www.europesays.com\/fr\/wp-json\/wp\/v2\/categories?post=299853"},{"taxonomy":"post_tag","embeddable":true,"href":"https:\/\/www.europesays.com\/fr\/wp-json\/wp\/v2\/tags?post=299853"}],"curies":[{"name":"wp","href":"https:\/\/api.w.org\/{rel}","templated":true}]}}