{"id":299855,"date":"2025-08-06T07:26:14","date_gmt":"2025-08-06T07:26:14","guid":{"rendered":"https:\/\/www.europesays.com\/fr\/299855\/"},"modified":"2025-08-06T07:26:14","modified_gmt":"2025-08-06T07:26:14","slug":"loire-de-103-a-63-kg-grace-a-une-operation-elle-veut-sensibiliser-sur-lobesite-je-me-suis-retrouvee","status":"publish","type":"post","link":"https:\/\/www.europesays.com\/fr\/299855\/","title":{"rendered":"Loire. De 103 \u00e0 63\u00a0kg gr\u00e2ce \u00e0 une op\u00e9ration, elle veut sensibiliser sur l&rsquo;ob\u00e9sit\u00e9 : \u00ab\u00a0Je me suis retrouv\u00e9e\u00a0\u00bb"},"content":{"rendered":"<p>\u00ab\u00a0Le monde grossit.\u00a0\u00bb Pierre Blanc, coordinateur du Centre mutualiste de l\u2019ob\u00e9sit\u00e9 l\u2019observe, au quotidien, dans les consultations qu\u2019il dispense au Centre des 7 collines, \u00e0 Saint-Etienne. Il grossit tellement que \u00ab\u00a0nous sommes d\u00e9j\u00e0 dans une pand\u00e9mie\u00a0\u00bb, annonce le chirurgien visc\u00e9ral et digestif de la Clinique mutualiste.<\/p>\n<p>Une \u00e9pid\u00e9mie mondiale qui touche \u00e9galement la France depuis d\u00e9j\u00e0 quelques ann\u00e9es. \u00ab\u00a0En France, la pr\u00e9valence de la maladie de l\u2019ob\u00e9sit\u00e9 est en augmentation. Elle est estim\u00e9e chez l\u2019adulte \u00e0 17\u00a0%. Elle devrait encore continuer \u00e0 augmenter. Aux USA, en 2030, c\u2019est 50\u00a0% de la population qui sera en situation d\u2019ob\u00e9sit\u00e9. La France a toujours 10 ans de retard sur les \u00c9tats-Unis.\u00a0\u00bb<\/p>\n<p class=\"chiffre\">16,9\u00a0%<\/p>\n<p>Dans la&#8230;<\/p>\n","protected":false},"excerpt":{"rendered":"\u00ab\u00a0Le monde grossit.\u00a0\u00bb Pierre Blanc, coordinateur du Centre mutualiste de l\u2019ob\u00e9sit\u00e9 l\u2019observe, au quotidien, dans les consultations qu\u2019il&hellip;\n","protected":false},"author":2,"featured_media":299856,"comment_status":"","ping_status":"","sticky":false,"template":"","format":"standard","meta":{"footnotes":""},"categories":[10],"tags":[1011,27,72,3367,5362,224,16292,4991,298,4001,71,10806],"class_list":{"0":"post-299855","1":"post","2":"type-post","3":"status-publish","4":"format-standard","5":"has-post-thumbnail","7":"category-sante","8":"tag-fr","9":"tag-france","10":"tag-health","11":"tag-loire","12":"tag-magazine-sante","13":"tag-medecine","14":"tag-medicaments","15":"tag-nutrition","16":"tag-psychologie","17":"tag-saint-etienne","18":"tag-sante","19":"tag-selection-de-la-redaction-42"},"share_on_mastodon":{"url":"https:\/\/pubeurope.com\/@fr\/114980636926901636","error":""},"_links":{"self":[{"href":"https:\/\/www.europesays.com\/fr\/wp-json\/wp\/v2\/posts\/299855","targetHints":{"allow":["GET"]}}],"collection":[{"href":"https:\/\/www.europesays.com\/fr\/wp-json\/wp\/v2\/posts"}],"about":[{"href":"https:\/\/www.europesays.com\/fr\/wp-json\/wp\/v2\/types\/post"}],"author":[{"embeddable":true,"href":"https:\/\/www.europesays.com\/fr\/wp-json\/wp\/v2\/users\/2"}],"replies":[{"embeddable":true,"href":"https:\/\/www.europesays.com\/fr\/wp-json\/wp\/v2\/comments?post=299855"}],"version-history":[{"count":0,"href":"https:\/\/www.europesays.com\/fr\/wp-json\/wp\/v2\/posts\/299855\/revisions"}],"wp:featuredmedia":[{"embeddable":true,"href":"https:\/\/www.europesays.com\/fr\/wp-json\/wp\/v2\/media\/299856"}],"wp:attachment":[{"href":"https:\/\/www.europesays.com\/fr\/wp-json\/wp\/v2\/media?parent=299855"}],"wp:term":[{"taxonomy":"category","embeddable":true,"href":"https:\/\/www.europesays.com\/fr\/wp-json\/wp\/v2\/categories?post=299855"},{"taxonomy":"post_tag","embeddable":true,"href":"https:\/\/www.europesays.com\/fr\/wp-json\/wp\/v2\/tags?post=299855"}],"curies":[{"name":"wp","href":"https:\/\/api.w.org\/{rel}","templated":true}]}}