{"id":299861,"date":"2025-08-06T07:29:13","date_gmt":"2025-08-06T07:29:13","guid":{"rendered":"https:\/\/www.europesays.com\/fr\/299861\/"},"modified":"2025-08-06T07:29:13","modified_gmt":"2025-08-06T07:29:13","slug":"la-conduite-mains-libres-devient-la-fonction-automobile-la-plus-demandee","status":"publish","type":"post","link":"https:\/\/www.europesays.com\/fr\/299861\/","title":{"rendered":"La conduite mains libres devient la fonction automobile la plus demand\u00e9e"},"content":{"rendered":"<p>\t\t\t\t\t\t\t\t<a href=\"https:\/\/rouleur-electrique.fr\/actu\/\" class=\"category-button | text-uppercase\" target=\"_blank\" rel=\"noopener\">Actu voiture \u00e9lectrique<\/a><\/p>\n<p><img data-no-lazy=\"\" width=\"1500\" height=\"843\" src=\"https:\/\/www.europesays.com\/fr\/wp-content\/uploads\/2025\/08\/La-conduite-mains-libres-devient-la-fonction-automobile-la-p.jpg\" alt=\"La conduite mains libres devient la fonction automobile la p\" decoding=\"sync\" fetchpriority=\"high\"  \/><\/p>\n<p>Les automobilistes am\u00e9ricains red\u00e9finissent leurs priorit\u00e9s technologiques en 2025. Alors que la recharge sans fil pour smartphones dominait les souhaits l\u2019ann\u00e9e derni\u00e8re, une nouvelle tendance \u00e9merge avec force : <strong>43% des acheteurs<\/strong> souhaitent d\u00e9sormais des syst\u00e8mes de conduite mains libres dans leur prochain v\u00e9hicule. Cette \u00e9volution, r\u00e9v\u00e9l\u00e9e par l\u2019\u00e9tude AutoPacific, t\u00e9moigne d\u2019un changement profond dans les attentes technologiques du grand public.<\/p>\n<p>L\u2019enqu\u00eate men\u00e9e aupr\u00e8s d\u2019acheteurs pr\u00e9voyant d\u2019acheter une nouvelle voiture dans les trois prochaines ann\u00e9es montre un doublement de la demande par rapport \u00e0 2024. Cette progression spectaculaire s\u2019explique notamment par la d\u00e9mocratisation des technologies comme l\u2019Autopilot de <a href=\"https:\/\/rouleur-electrique.fr\/voiture-electrique-tesla\/\" target=\"_blank\" rel=\"noopener\">Tesla<\/a>.<\/p>\n<p>Les syst\u00e8mes de conduite autonome partielle transforment l\u2019exp\u00e9rience routi\u00e8re<\/p>\n<p>Ces technologies repr\u00e9sentent bien plus qu\u2019un simple r\u00e9gulateur de vitesse am\u00e9lior\u00e9. Les syst\u00e8mes \u201cmains libres, yeux sur la route\u201d permettent au v\u00e9hicule de maintenir sa trajectoire dans la voie, d\u2019adapter sa vitesse au trafic environnant et m\u00eame d\u2019effectuer des <strong>changements de voie automatiques<\/strong> pour d\u00e9passer des v\u00e9hicules plus lents. La diff\u00e9rence fondamentale avec les syst\u00e8mes traditionnels r\u00e9side dans la possibilit\u00e9 de retirer compl\u00e8tement les mains du volant sur les autoroutes approuv\u00e9es.<\/p>\n<p>L\u2019impact sur la fatigue du conducteur se r\u00e9v\u00e8le particuli\u00e8rement significatif lors de longs trajets autoroutiers ou d\u2019embouteillages interminables. Les utilisateurs r\u00e9guliers de ces technologies rapportent une <strong>r\u00e9duction notable de l\u2019\u00e9puisement mental<\/strong> g\u00e9n\u00e9ralement associ\u00e9 \u00e0 la conduite monotone sur autoroute. Cette am\u00e9lioration du confort de conduite explique en partie l\u2019adoption croissante de ces syst\u00e8mes par le grand public.<\/p>\n<p><img loading=\"lazy\" decoding=\"async\" width=\"1920\" height=\"1080\" src=\"data:image\/svg+xml,%3Csvg%20xmlns=\" http:=\"\" alt=\"\" class=\"wp-image-33668\" data-lazy- data-lazy- data-lazy-src=\"https:\/\/www.europesays.com\/fr\/wp-content\/uploads\/2025\/08\/La-conduite-mains-libres-devient-la-fonction-automobile-la-p-1.jpg\"\/><\/p>\n<p>Une confiance grandissante envers l\u2019automatisation automobile<\/p>\n<p>L\u2019\u00e9tude AutoPacific r\u00e9v\u00e8le une \u00e9volution remarquable des mentalit\u00e9s. Aujourd\u2019hui, <strong>48% des acheteurs<\/strong> souhaitent que leur voiture puisse conduire de mani\u00e8re autonome pour leur permettre de r\u00e9aliser d\u2019autres activit\u00e9s, soit une progression de 10 points par rapport \u00e0 l\u2019ann\u00e9e pr\u00e9c\u00e9dente. Cette acceptation croissante s\u2019explique par plusieurs facteurs convergents.<\/p>\n<p>La d\u00e9mocratisation progressive de ces technologies permet \u00e0 un nombre croissant d\u2019automobilistes d\u2019exp\u00e9rimenter directement ces fonctionnalit\u00e9s, que ce soit sur leur propre v\u00e9hicule ou celui de leurs proches. L\u2019\u00e2ge moyen des r\u00e9pondants, \u00e9tabli \u00e0 <strong>39 ans<\/strong> cette ann\u00e9e, t\u00e9moigne \u00e9galement d\u2019une g\u00e9n\u00e9ration plus technophile et ouverte aux innovations automobiles. Cette familiarisation progressive dissipe les r\u00e9ticences initiales li\u00e9es au manque de confiance envers les technologies non \u00e9prouv\u00e9es.<\/p>\n<p>Le classement des fonctionnalit\u00e9s les plus demand\u00e9es \u00e9volue<\/p>\n<p>L\u2019engouement pour l\u2019assistance \u00e0 la conduite ne se limite pas aux syst\u00e8mes mains libres. Plusieurs autres technologies ADAS ont grimp\u00e9 dans le classement des 15 fonctionnalit\u00e9s les plus recherch\u00e9es :<\/p>\n<ul class=\"wp-block-list\">\n<li>Le <strong>freinage d\u2019urgence automatique arri\u00e8re<\/strong> (ex \u00e6quo \u00e0 la premi\u00e8re place)<\/li>\n<li>La conduite autonome compl\u00e8te sur autoroute et en ville<\/li>\n<li>Les syst\u00e8mes d\u2019\u00e9vitement d\u2019obstacles perfection\u00e9s<\/li>\n<li>La d\u00e9tection d\u2019angle mort avanc\u00e9e<\/li>\n<\/ul>\n<p>Cette \u00e9volution des priorit\u00e9s illustre un basculement vers des technologies ax\u00e9es sur la <strong>s\u00e9curit\u00e9 active<\/strong> et l\u2019assistance \u00e0 la conduite, rel\u00e9guant au second plan les fonctionnalit\u00e9s de confort et de connectivit\u00e9 qui dominaient pr\u00e9c\u00e9demment les souhaits des consommateurs.<\/p>\n<p>Les limites actuelles de la conduite enti\u00e8rement autonome<\/p>\n<p>Malgr\u00e9 l\u2019enthousiasme croissant, la r\u00e9alit\u00e9 technologique impose encore des contraintes importantes. Aucun v\u00e9hicule de s\u00e9rie actuellement commercialis\u00e9 ne permet une conduite totalement autonome \u201cyeux ferm\u00e9s\u201d, o\u00f9 le conducteur pourrait lire ou dormir pendant le trajet. Les syst\u00e8mes les plus avanc\u00e9s exigent toujours une <strong>surveillance active du conducteur<\/strong>.<\/p>\n<p>Le syst\u00e8me le plus proche de cette autonomie compl\u00e8te reste le <strong>Drive Pilot de <a href=\"https:\/\/rouleur-electrique.fr\/mercedes\/\" target=\"_blank\" rel=\"noopener\">Mercedes-Benz<\/a><\/strong>, qui repr\u00e9sente un niveau sup\u00e9rieur au Super Cruise et \u00e0 ses concurrents. N\u00e9anmoins, ses conditions d\u2019utilisation demeurent tr\u00e8s restrictives :<\/p>\n<tr>Crit\u00e8reLimitation<\/tr>\n<tr>\n<td>Conditions m\u00e9t\u00e9orologiques<\/td>\n<td>Temps optimal uniquement<\/td>\n<\/tr>\n<tr>\n<td>Vitesse maximale<\/td>\n<td><strong>60 km\/h<\/strong><\/td>\n<\/tr>\n<tr>\n<td>Type de route<\/td>\n<td>Autoroutes cartographi\u00e9es exclusivement<\/td>\n<\/tr>\n<tr>\n<td>Disponibilit\u00e9<\/td>\n<td>March\u00e9s limit\u00e9s (Allemagne, Nevada)<\/td>\n<\/tr>\n<p>L\u2019\u00e9cart entre les attentes du public et les capacit\u00e9s technologiques actuelles souligne les d\u00e9fis consid\u00e9rables que les constructeurs doivent encore surmonter. La progression vers une autonomie compl\u00e8te n\u00e9cessitera des avanc\u00e9es significatives en mati\u00e8re d\u2019intelligence artificielle, de capteurs et de cartographie haute pr\u00e9cision, tout en respectant les cadres r\u00e9glementaires en constante \u00e9volution.<\/p>\n<p>        <img loading=\"lazy\" decoding=\"async\" alt=\"\" src=\"data:image\/svg+xml,%3Csvg%20xmlns=\" http:=\"\" data-lazy- class=\"avatar avatar-120 photo sab-custom-avatar\" height=\"120\" width=\"120\" data-lazy-src=\"https:\/\/www.europesays.com\/fr\/wp-content\/uploads\/2025\/05\/philippe-moureau_trombi.jpg\"\/>    <\/p>\n<p class=\"wp-block-post-author__name\">R\u00e9dig\u00e9 par Philippe Moureau<\/p>\n<p class=\"wp-block-post-author__bio\"> Quadrag\u00e9naire passionn\u00e9 de voitures \u00e9lectriques. Je m&rsquo;int\u00e9resse \u00e0 la transition \u00e9nerg\u00e9tique et \u00e0 la lutte contre les \u00e9missions de gaz \u00e0 effet de serre. Je suis un v\u00e9ritable passionn\u00e9 de voitures \u00e9lectriques et un d\u00e9fenseur de l&rsquo;environnement.<\/p>\n<p>\t\t\tR\u00e9agissez \u00e0 l&rsquo;article    <\/p>\n","protected":false},"excerpt":{"rendered":"Actu voiture \u00e9lectrique Les automobilistes am\u00e9ricains red\u00e9finissent leurs priorit\u00e9s technologiques en 2025. Alors que la recharge sans fil&hellip;\n","protected":false},"author":2,"featured_media":299862,"comment_status":"","ping_status":"","sticky":false,"template":"","format":"standard","meta":{"footnotes":""},"categories":[7],"tags":[44002,44003,44004,44005,44006,44007,44008,44010,44009,44011,44012,44013,1011,27,43,40,41,39,42,44],"class_list":{"0":"post-299861","1":"post","2":"type-post","3":"status-publish","4":"format-standard","5":"has-post-thumbnail","7":"category-sciences-et-technologies","8":"tag-1-600-kilomu00e8tres","9":"tag-10-de-la-consommation","10":"tag-100-000-km","11":"tag-20-de-ru00e9duction-des-cou00fbts","12":"tag-20-sur-leur-cycle-de-vie","13":"tag-30-de-part-de-marchu00e9","14":"tag-43-de-changement","15":"tag-0-dintu00e9ru00eat","16":"tag-0-du00e9missions","17":"tag-0-de-pollution","18":"tag-1-million-de-vu00e9hicules","19":"tag-3-milliards-de-dollars","20":"tag-fr","21":"tag-france","22":"tag-science","23":"tag-science-and-technology","24":"tag-sciences","25":"tag-sciences-et-technologies","26":"tag-technologies","27":"tag-technology"},"share_on_mastodon":{"url":"https:\/\/pubeurope.com\/@fr\/114980648684771753","error":""},"_links":{"self":[{"href":"https:\/\/www.europesays.com\/fr\/wp-json\/wp\/v2\/posts\/299861","targetHints":{"allow":["GET"]}}],"collection":[{"href":"https:\/\/www.europesays.com\/fr\/wp-json\/wp\/v2\/posts"}],"about":[{"href":"https:\/\/www.europesays.com\/fr\/wp-json\/wp\/v2\/types\/post"}],"author":[{"embeddable":true,"href":"https:\/\/www.europesays.com\/fr\/wp-json\/wp\/v2\/users\/2"}],"replies":[{"embeddable":true,"href":"https:\/\/www.europesays.com\/fr\/wp-json\/wp\/v2\/comments?post=299861"}],"version-history":[{"count":0,"href":"https:\/\/www.europesays.com\/fr\/wp-json\/wp\/v2\/posts\/299861\/revisions"}],"wp:featuredmedia":[{"embeddable":true,"href":"https:\/\/www.europesays.com\/fr\/wp-json\/wp\/v2\/media\/299862"}],"wp:attachment":[{"href":"https:\/\/www.europesays.com\/fr\/wp-json\/wp\/v2\/media?parent=299861"}],"wp:term":[{"taxonomy":"category","embeddable":true,"href":"https:\/\/www.europesays.com\/fr\/wp-json\/wp\/v2\/categories?post=299861"},{"taxonomy":"post_tag","embeddable":true,"href":"https:\/\/www.europesays.com\/fr\/wp-json\/wp\/v2\/tags?post=299861"}],"curies":[{"name":"wp","href":"https:\/\/api.w.org\/{rel}","templated":true}]}}