{"id":299865,"date":"2025-08-06T07:31:20","date_gmt":"2025-08-06T07:31:20","guid":{"rendered":"https:\/\/www.europesays.com\/fr\/299865\/"},"modified":"2025-08-06T07:31:20","modified_gmt":"2025-08-06T07:31:20","slug":"un-poisson-tombe-du-ciel-declenche-un-incendie","status":"publish","type":"post","link":"https:\/\/www.europesays.com\/fr\/299865\/","title":{"rendered":"Un poisson tomb\u00e9 du ciel d\u00e9clenche un incendie"},"content":{"rendered":"<p>C\u2019est un encha\u00eenement \u00e0 peine croyable. Un poisson tomb\u00e9 du ciel, l\u00e2ch\u00e9 par un rapace et qui a touch\u00e9 une ligne \u00e9lectrique, a provoqu\u00e9 la semaine derni\u00e8re un <a href=\"https:\/\/www.20minutes.fr\/dossier\/feu\" target=\"_blank\" class=\"color-ultramarine c-link\" rel=\"noopener\">feu<\/a> de broussailles et une br\u00e8ve panne d\u2019\u00e9lectricit\u00e9 dans l\u2019ouest du <a href=\"https:\/\/www.20minutes.fr\/dossier\/canada\" target=\"_blank\" class=\"color-ultramarine c-link\" rel=\"noopener\">Canada<\/a>.<\/p>\n<p>R\u00e9v\u00e9l\u00e9 par des pompiers de Colombie Britannique, l\u2019incident s\u2019est produit jeudi dernier pr\u00e8s de la municipalit\u00e9 d\u2019Ashcroft quand les soldats du feu sont appel\u00e9s pour un <a href=\"https:\/\/www.20minutes.fr\/dossier\/incendie\" target=\"_blank\" class=\"color-ultramarine c-link\" rel=\"noopener\">incendie<\/a> en pleine nature.<\/p>\n<p>Etincelle et petites braises<\/p>\n<p>\u00ab\u00a0Une enqu\u00eate rapide a permis de d\u00e9terminer la cause de cet incendie\u00a0: un poisson. Oui, vous lisez bien\u00a0: un poisson \u00e0 qui il est arriv\u00e9 quelque chose d\u2019incroyable\u00a0!\u00a0\u00bb, s\u2019amuse sur sa page Facebook le service des pompiers d\u2019Ashcroft.<\/p>\n<\/p>\n<p>D\u2019apr\u00e8s eux, un balbuzard p\u00eacheur, une esp\u00e8ce de rapace, se serait empar\u00e9 de sa proie dans une rivi\u00e8re \u00e0 3\u00a0km avant de la laisser tomber en plein vol sur une ligne \u00e9lectrique. Le contact du poisson avec les fils \u00e9lectriques aurait alors provoqu\u00e9 une \u00e9tincelle et de petites braises qui auraient elles-m\u00eames enflamm\u00e9 les broussailles et herbes s\u00e8ches au sol.<\/p>\n<p>Au menu\u00a0: \u00ab\u00a0poisson grill\u00e9\u00a0\u00bb<\/p>\n<p>Autre piste, sp\u00e9culent les pompiers non sans humour\u00a0: le rapace \u00ab\u00a0en avait assez du poisson cru et voulait essayer le poisson grill\u00e9\u00a0\u00bb. Leurs photos montrent effectivement le poisson mort \u00e0 terre, la carcasse br\u00fbl\u00e9e. Le balbuzard p\u00eacheur s\u2019en est sorti indemne et a poursuivi son vol, plaisantent encore les pompiers.<\/p>\n<p><a href=\"https:\/\/www.20minutes.fr\/dossier\/canada\" target=\"_blank\" class=\"c-link c-btn c-btn--primary\" rel=\"noopener\">Notre dossier sur le Canada<\/a><\/p>\n<p>Ils se f\u00e9licitent plus s\u00e9rieusement que l\u2019absence de vent la semaine derni\u00e8re ait permis de ma\u00eetriser rapidement cet incendie compl\u00e8tement insolite dans l\u2019Ouest canadien, r\u00e9guli\u00e8rement la proie, l\u2019\u00e9t\u00e9, d\u2019importants feux de for\u00eat.<\/p>\n","protected":false},"excerpt":{"rendered":"C\u2019est un encha\u00eenement \u00e0 peine croyable. Un poisson tomb\u00e9 du ciel, l\u00e2ch\u00e9 par un rapace et qui a&hellip;\n","protected":false},"author":2,"featured_media":299866,"comment_status":"","ping_status":"","sticky":false,"template":"","format":"standard","meta":{"footnotes":""},"categories":[5],"tags":[47,11,574,1011,27,1757,14,74,12,10711,133,28],"class_list":{"0":"post-299865","1":"post","2":"type-post","3":"status-publish","4":"format-standard","5":"has-post-thumbnail","7":"category-international","8":"tag-actualite","9":"tag-actualites","10":"tag-canada","11":"tag-fr","12":"tag-france","13":"tag-insolite","14":"tag-international","15":"tag-monde","16":"tag-news","17":"tag-poisson","18":"tag-video","19":"tag-world"},"share_on_mastodon":{"url":"https:\/\/pubeurope.com\/@fr\/114980656522926557","error":""},"_links":{"self":[{"href":"https:\/\/www.europesays.com\/fr\/wp-json\/wp\/v2\/posts\/299865","targetHints":{"allow":["GET"]}}],"collection":[{"href":"https:\/\/www.europesays.com\/fr\/wp-json\/wp\/v2\/posts"}],"about":[{"href":"https:\/\/www.europesays.com\/fr\/wp-json\/wp\/v2\/types\/post"}],"author":[{"embeddable":true,"href":"https:\/\/www.europesays.com\/fr\/wp-json\/wp\/v2\/users\/2"}],"replies":[{"embeddable":true,"href":"https:\/\/www.europesays.com\/fr\/wp-json\/wp\/v2\/comments?post=299865"}],"version-history":[{"count":0,"href":"https:\/\/www.europesays.com\/fr\/wp-json\/wp\/v2\/posts\/299865\/revisions"}],"wp:featuredmedia":[{"embeddable":true,"href":"https:\/\/www.europesays.com\/fr\/wp-json\/wp\/v2\/media\/299866"}],"wp:attachment":[{"href":"https:\/\/www.europesays.com\/fr\/wp-json\/wp\/v2\/media?parent=299865"}],"wp:term":[{"taxonomy":"category","embeddable":true,"href":"https:\/\/www.europesays.com\/fr\/wp-json\/wp\/v2\/categories?post=299865"},{"taxonomy":"post_tag","embeddable":true,"href":"https:\/\/www.europesays.com\/fr\/wp-json\/wp\/v2\/tags?post=299865"}],"curies":[{"name":"wp","href":"https:\/\/api.w.org\/{rel}","templated":true}]}}