{"id":299875,"date":"2025-08-06T07:40:43","date_gmt":"2025-08-06T07:40:43","guid":{"rendered":"https:\/\/www.europesays.com\/fr\/299875\/"},"modified":"2025-08-06T07:40:43","modified_gmt":"2025-08-06T07:40:43","slug":"reduction-des-nuisances-sonores-en-milieu-urbain-metropole-toulon-provence-mediterranee","status":"publish","type":"post","link":"https:\/\/www.europesays.com\/fr\/299875\/","title":{"rendered":"R\u00e9duction des\u202fnuisances\u202fsonores en\u202fmilieu urbain\u00a0 | M\u00e9tropole Toulon Provence M\u00e9diterran\u00e9e"},"content":{"rendered":"<p>Les cartes de bruit strat\u00e9giques permettent de conna\u00eetre les niveaux de bruit dans notre environnement.\u00a0<br \/>Elles aident \u00e0 comprendre comment le bruit \u00e9volue et \u00e0 mieux le g\u00e9rer.<\/p>\n<p><strong>Elles prennent en compte :<\/strong><\/p>\n<ul>\n<li>Le bruit du trafic routier<\/li>\n<li>Le bruit des trains et avions<\/li>\n<li>Le bruit des industries class\u00e9es (ICPE cat\u00e9gorie A)<\/li>\n<\/ul>\n<p><strong>Ce que ces cartes ne prennent pas en compte :<\/strong><\/p>\n<ul>\n<li>Le bruit militaire ou domestique<\/li>\n<li>Le bruit sur le lieu de travail<\/li>\n<li>Le bruit dans les transports<\/li>\n<li>Le bruit de voisinage<\/li>\n<\/ul>\n<p>Les cartes de bruit ont \u00e9t\u00e9 approuv\u00e9es lors du <strong>Conseil m\u00e9tropolitain du 27 f\u00e9vrier 2025<\/strong>.\u00a0<br \/>Elles seront <strong>consult\u00e9es par le public pendant 2 mois<\/strong>, via :<\/p>\n<ul>\n<li>Une publication sur le site internet de la M\u00e9tropole<\/li>\n<li>Un affichage au si\u00e8ge de la M\u00e9tropole<\/li>\n<\/ul>\n<p>Cette consultation permet \u00e0 chacun de donner son avis.\u00a0<br \/>Ces cartes sont la base de travail du Plan de Pr\u00e9vention du Bruit dans l\u2019Environnement.\u00a0<\/p>\n","protected":false},"excerpt":{"rendered":"Les cartes de bruit strat\u00e9giques permettent de conna\u00eetre les niveaux de bruit dans notre environnement.\u00a0Elles aident \u00e0 comprendre&hellip;\n","protected":false},"author":2,"featured_media":299876,"comment_status":"","ping_status":"","sticky":false,"template":"","format":"standard","meta":{"footnotes":""},"categories":[9619],"tags":[1111,11,1777,674,1011,27,12,882,25,2310],"class_list":{"0":"post-299875","1":"post","2":"type-post","3":"status-publish","4":"format-standard","5":"has-post-thumbnail","7":"category-toulon","8":"tag-actu","9":"tag-actualites","10":"tag-eu","11":"tag-europe","12":"tag-fr","13":"tag-france","14":"tag-news","15":"tag-provence-alpes-cote-dazur","16":"tag-republique-francaise","17":"tag-toulon"},"share_on_mastodon":{"url":"https:\/\/pubeurope.com\/@fr\/114980691987943867","error":""},"_links":{"self":[{"href":"https:\/\/www.europesays.com\/fr\/wp-json\/wp\/v2\/posts\/299875","targetHints":{"allow":["GET"]}}],"collection":[{"href":"https:\/\/www.europesays.com\/fr\/wp-json\/wp\/v2\/posts"}],"about":[{"href":"https:\/\/www.europesays.com\/fr\/wp-json\/wp\/v2\/types\/post"}],"author":[{"embeddable":true,"href":"https:\/\/www.europesays.com\/fr\/wp-json\/wp\/v2\/users\/2"}],"replies":[{"embeddable":true,"href":"https:\/\/www.europesays.com\/fr\/wp-json\/wp\/v2\/comments?post=299875"}],"version-history":[{"count":0,"href":"https:\/\/www.europesays.com\/fr\/wp-json\/wp\/v2\/posts\/299875\/revisions"}],"wp:featuredmedia":[{"embeddable":true,"href":"https:\/\/www.europesays.com\/fr\/wp-json\/wp\/v2\/media\/299876"}],"wp:attachment":[{"href":"https:\/\/www.europesays.com\/fr\/wp-json\/wp\/v2\/media?parent=299875"}],"wp:term":[{"taxonomy":"category","embeddable":true,"href":"https:\/\/www.europesays.com\/fr\/wp-json\/wp\/v2\/categories?post=299875"},{"taxonomy":"post_tag","embeddable":true,"href":"https:\/\/www.europesays.com\/fr\/wp-json\/wp\/v2\/tags?post=299875"}],"curies":[{"name":"wp","href":"https:\/\/api.w.org\/{rel}","templated":true}]}}