{"id":299881,"date":"2025-08-06T07:45:13","date_gmt":"2025-08-06T07:45:13","guid":{"rendered":"https:\/\/www.europesays.com\/fr\/299881\/"},"modified":"2025-08-06T07:45:13","modified_gmt":"2025-08-06T07:45:13","slug":"je-pense-quil-fallait-changer-beaucoup-de-joueurs","status":"publish","type":"post","link":"https:\/\/www.europesays.com\/fr\/299881\/","title":{"rendered":"Je pense qu&rsquo;il fallait changer beaucoup de joueurs"},"content":{"rendered":"<p><img loading=\"lazy\" decoding=\"async\" width=\"696\" height=\"464\" class=\"lazyload entry-thumb\" src=\"https:\/\/www.europesays.com\/fr\/wp-content\/uploads\/2025\/07\/BROUARD-Regis-696x464.jpg\" alt=\"R\u00e9gis Brouard\" title=\"R\u00e9gis Brouard\"\/>R\u00e9gis Brouard (\u00a9 Philippe Le Brech)<\/p>\n<p style=\"font-size:20px\"><strong>Alors que le coup d\u2019envoi du National se profile en fin de semaine, l\u2019entra\u00eeneur du <a href=\"https:\/\/footamateur.ouest-france.fr\/tag\/fc-rouen-1899\/\" target=\"_blank\" rel=\"noreferrer noopener\">FC Rouen<\/a> R\u00e9gis Brouard a fait un point complet dans un entretien \u00e0 retrouver chez nos confr\u00e8res de<a href=\"https:\/\/www.footnormand.fr\/actualites\/fc-rouen\/regis-brouard-il-fallait-changer-beaucoup-de-joueurs-car-trop-de-choses-setaient-installees\/\" target=\"_blank\" rel=\"noreferrer noopener\"> Foot Normand<\/a>. Le technicien est notamment revenu sur le besoin d\u2019entamer un nouveau cycle cette saison.<\/strong><\/p>\n<p>\u00ab\u00a0Je pense qu\u2019il fallait changer beaucoup de joueurs au sein de l\u2019effectif, car trop de choses s\u2019\u00e9taient install\u00e9es. On avait besoin de redonner un peu de fra\u00eecheur \u00e0 tout le monde. \u00c7a me semblait n\u00e9cessaire de relancer une nouvelle dynamique, de d\u00e9couvrir de nouvelles t\u00eates, d\u2019entendre de nouveaux discours\u2026 Qui plus est, \u00e0 90%, j\u2019ai eu mon effectif \u00e0 disposition pendant la pr\u00e9pa. On a pu disputer les matchs amicaux avec un maximum de joueurs, r\u00e9partir les temps de jeu, bien travailler\u2026 C\u2019est assez rare.<\/p>\n<p>[\u2026] \u00a0Sur les 18 \u00e9quipes de ce championnat, quel entra\u00eeneur n\u2019a pas envie d\u2019avoir les meilleurs r\u00e9sultats ? Heureusement, tout le monde a des ambitions. Maintenant, c\u2019est vrai que le FC Rouen est un club particulier, populaire qui b\u00e9n\u00e9ficie d\u2019un important soutien. L\u2019attente est forte. C\u2019est aussi pour cette raison que j\u2019ai d\u00e9cid\u00e9 de rester ici. Apr\u00e8s, il ne faut pas oublier qu\u2019on a des adversaires, certains ont mis beaucoup de moyens. Il y a des clubs solides : Sochaux, Caen, Valenciennes. Quand on regarde leur recrutement et leur investissement, on est un loin de tout \u00e7a\u00ab\u00a0<\/p>\n<p>Le FC Rouen accueillera Fleury ce vendredi 8 ao\u00fbt dans le cadre de la premi\u00e8re journ\u00e9e du National.<\/p>\n<p><a href=\"https:\/\/footamateur.ouest-france.fr\/author\/fred\/\" class=\"url\" title=\"Fr\u00e9d\u00e9ric Sougey\" target=\"_blank\" rel=\"noopener\"> <img decoding=\"async\" src=\"https:\/\/www.europesays.com\/fr\/wp-content\/uploads\/2025\/04\/gnlpcfya_400x400.jpg\" class=\"lazyload photo\" width=\"250\" alt=\"Fr\u00e9d\u00e9ric Sougey\"\/><\/a><\/p>\n<p>Journaliste chez Sports M\u00e9dia<\/p>\n<p>Elev\u00e9 au c\u0153ur des Alpes, Fred quitte (temporairement) son Grenoble ador\u00e9 pour pr\u00eater sa plume et son regard au monde amateur et plus particuli\u00e8rement au Championnat National dont il est un assidu observateur. Fan de tartiflette, de Karim Mokeddem et de Mulholland Drive. Les bonnes choses de la vie, en somme.<\/p>\n<p><a href=\"https:\/\/footamateur.ouest-france.fr\/author\/fred\/\" class=\"url\" title=\"Fr\u00e9d\u00e9ric Sougey\" target=\"_blank\" rel=\"noopener\"><img decoding=\"async\" src=\"https:\/\/www.europesays.com\/fr\/wp-content\/uploads\/2025\/04\/gnlpcfya_400x400.jpg\" class=\"lazyload photo\" width=\"250\" alt=\"Fr\u00e9d\u00e9ric Sougey\"\/><\/a>Les derniers articles par Fr\u00e9d\u00e9ric Sougey (<a href=\"https:\/\/footamateur.ouest-france.fr\/author\/fred\/\" target=\"_blank\" rel=\"noopener\">tout voir<\/a>)<\/p>\n","protected":false},"excerpt":{"rendered":"R\u00e9gis Brouard (\u00a9 Philippe Le Brech) Alors que le coup d\u2019envoi du National se profile en fin de&hellip;\n","protected":false},"author":2,"featured_media":217596,"comment_status":"","ping_status":"","sticky":false,"template":"","format":"standard","meta":{"footnotes":""},"categories":[9587],"tags":[1111,11,1777,674,13096,1011,27,12,5161,23067,25,9590],"class_list":{"0":"post-299881","1":"post","2":"type-post","3":"status-publish","4":"format-standard","5":"has-post-thumbnail","7":"category-rouen","8":"tag-actu","9":"tag-actualites","10":"tag-eu","11":"tag-europe","12":"tag-fc-rouen-1899","13":"tag-fr","14":"tag-france","15":"tag-news","16":"tag-normandie","17":"tag-regis-brouard","18":"tag-republique-francaise","19":"tag-rouen"},"share_on_mastodon":{"url":"https:\/\/pubeurope.com\/@fr\/114980711533401560","error":""},"_links":{"self":[{"href":"https:\/\/www.europesays.com\/fr\/wp-json\/wp\/v2\/posts\/299881","targetHints":{"allow":["GET"]}}],"collection":[{"href":"https:\/\/www.europesays.com\/fr\/wp-json\/wp\/v2\/posts"}],"about":[{"href":"https:\/\/www.europesays.com\/fr\/wp-json\/wp\/v2\/types\/post"}],"author":[{"embeddable":true,"href":"https:\/\/www.europesays.com\/fr\/wp-json\/wp\/v2\/users\/2"}],"replies":[{"embeddable":true,"href":"https:\/\/www.europesays.com\/fr\/wp-json\/wp\/v2\/comments?post=299881"}],"version-history":[{"count":0,"href":"https:\/\/www.europesays.com\/fr\/wp-json\/wp\/v2\/posts\/299881\/revisions"}],"wp:featuredmedia":[{"embeddable":true,"href":"https:\/\/www.europesays.com\/fr\/wp-json\/wp\/v2\/media\/217596"}],"wp:attachment":[{"href":"https:\/\/www.europesays.com\/fr\/wp-json\/wp\/v2\/media?parent=299881"}],"wp:term":[{"taxonomy":"category","embeddable":true,"href":"https:\/\/www.europesays.com\/fr\/wp-json\/wp\/v2\/categories?post=299881"},{"taxonomy":"post_tag","embeddable":true,"href":"https:\/\/www.europesays.com\/fr\/wp-json\/wp\/v2\/tags?post=299881"}],"curies":[{"name":"wp","href":"https:\/\/api.w.org\/{rel}","templated":true}]}}