{"id":299884,"date":"2025-08-06T07:50:11","date_gmt":"2025-08-06T07:50:11","guid":{"rendered":"https:\/\/www.europesays.com\/fr\/299884\/"},"modified":"2025-08-06T07:50:11","modified_gmt":"2025-08-06T07:50:11","slug":"stade-rennais-linternational-polonais-frankowski-prete-a-rennes","status":"publish","type":"post","link":"https:\/\/www.europesays.com\/fr\/299884\/","title":{"rendered":"Stade Rennais. L&rsquo;international polonais Frankowski pr\u00eat\u00e9 \u00e0 Rennes"},"content":{"rendered":"<p class=\"article__intro\">Le d\u00e9fenseur international, Przemyslaw Frankowski, est pr\u00eat\u00e9 pour un an au Stade Rennais, annonce le club. Le joueur polonais \u00e9voluait \u00e0 Galatasaray en Turquie.<\/p>\n<p>\n      L\u2019actu des r\u00e9gions\n    <\/p>\n<p>\n      Chaque jour, un tour d\u2019horizon des principales infos de toutes les r\u00e9gions.\n    <\/p>\n<p>    France T\u00e9l\u00e9visions utilise votre adresse e-mail afin de vous envoyer la newsletter \u00ab\u00a0L\u2019actu des r\u00e9gions\u00a0\u00bb. Vous pouvez vous d\u00e9sinscrire \u00e0 tout moment via le lien en bas de cette newsletter. <a target=\"_blank\" href=\"https:\/\/www.francetelevisions.fr\/groupe\/confidentialite\/politique-de-confidentialite\/politique-de-confidentialite-de-france-televisions-6503\" rel=\"nofollow noopener\">Notre politique de confidentialit\u00e9<\/a><\/p>\n<p>Le Stade Rennais et le club turc de Galatasaray \u00ab\u00a0ont trouv\u00e9 un accord pour un pr\u00eat d&rsquo;une saison, avec la possibilit\u00e9 d&rsquo;une prolongation\u00a0\u00bb d&rsquo;un an du lat\u00e9ral droit de 30 ans, indique le club dans un communiqu\u00e9.\u00a0\u00a0<\/p>\n<blockquote class=\"twitter-tweet\">\n<p dir=\"ltr\" lang=\"fr\">Przemys\u0142aw Frankowski est Rouge et Noir \ud83c\udd95<br \/>International polonais, habitu\u00e9 aux joutes de Ligue 1, le d\u00e9fenseur est pr\u00eat\u00e9 par Galatasaray. Bienvenue Frankie \u2714\ufe0f<br \/>\u270d\ufe0f Une arriv\u00e9e valid\u00e9e par <a href=\"https:\/\/twitter.com\/hellowork?ref_src=twsrc%5Etfw\" rel=\"nofollow noopener\" target=\"_blank\">@hellowork<\/a><\/p>\n<p>\u2014 Stade Rennais F.C. (@staderennais) <a href=\"https:\/\/twitter.com\/staderennais\/status\/1952799427737076037?ref_src=twsrc%5Etfw\" rel=\"nofollow noopener\" target=\"_blank\">August 5, 2025<\/a><\/p><\/blockquote>\n<p>Dans son communiqu\u00e9, le Stade Rennais se f\u00e9licite de l&rsquo;arriv\u00e9e de ce \u00ab\u00a0d\u00e9fenseur solide, centreur pr\u00e9cis et finisseur habile\u00a0\u00bb et loue les talents de son nouveau joueur, dont une incroyable \u00ab\u00a0capacit\u00e9 \u00e0 avaler les kilom\u00e8tres\u00a0\u00bb. \u00a0<\/p>\n<p>Natif de Gda\u0144sk, form\u00e9 au Lechia Gda\u0144sk, Przemyslaw Frankowski\u00a0est un joueur d&rsquo;exp\u00e9rience qui totalise 469 matches professionnels (65 buts, 49 passes d\u00e9cisives) et revient dans le championnat de France apr\u00e8s avoir jou\u00e9 de 2021 \u00e0 2025 \u00e0 Lens. Parti l&rsquo;hiver dernier pour Galatasaray, \u00a0il y a disput\u00e9 quinze rencontres, remportant le championnat et la coupe de Turquie.<\/p>\n<p>\u00c0 l&rsquo;annonce de cette arriv\u00e9e, Kamil Grocicki, qui a jou\u00e9 en Rouge et noir entre 2014 et 2017 a post\u00e9 un message pour lui souhaiter la bienvenue. \u00ab\u00a0J&rsquo;ai pass\u00e9 trois belles ann\u00e9es \u00e0 Rennes avec de merveilleux souvenirs. J&rsquo;ai h\u00e2te de te regarder et je croiserai les doigts pour toi.\u00a0\u00bb<\/p>\n<blockquote class=\"twitter-tweet\">\n<p dir=\"ltr\" lang=\"fr\">Une t\u00eate connue des supporters Rouge et Noir a laiss\u00e9 un message \u00e0 notre nouvelle recrue \ud83d\udcf2<br \/>Bienvenue Przemys\u0142aw et\u2026 merci Kamil \ud83d\ude04 <a href=\"https:\/\/t.co\/R9x4poCMiT\" rel=\"nofollow\">pic.twitter.com\/R9x4poCMiT<\/a><\/p>\n<p>\u2014 Stade Rennais F.C. (@staderennais) <a href=\"https:\/\/twitter.com\/staderennais\/status\/1952806857292300672?ref_src=twsrc%5Etfw\" rel=\"nofollow noopener\" target=\"_blank\">August 5, 2025<\/a><\/p><\/blockquote>\n<p>L&rsquo;international polonais (50 s\u00e9lections) est la troisi\u00e8me recrue majeure de Rennes apr\u00e8s les signatures de <a href=\"https:\/\/france3-regions.franceinfo.fr\/bretagne\/ille-et-vilaine\/rennes\/ligue-1-apres-valentin-rongier-quentin-merlin-rejoint-lui-aussi-le-stade-rennais-3191868.html\" target=\"_blank\" rel=\"noopener nofollow\">Quentin Merlin et Valentin Rongier<\/a>, tous deux en provenance de l&rsquo;Olympique de Marseille.<\/p>\n<p>  <script async src=\"https:\/\/platform.twitter.com\/widgets.js\" charset=\"utf-8\"><\/script><\/p>\n","protected":false},"excerpt":{"rendered":"Le d\u00e9fenseur international, Przemyslaw Frankowski, est pr\u00eat\u00e9 pour un an au Stade Rennais, annonce le club. Le joueur&hellip;\n","protected":false},"author":2,"featured_media":299885,"comment_status":"","ping_status":"","sticky":false,"template":"","format":"standard","meta":{"footnotes":""},"categories":[2821],"tags":[1111,11,829,1777,674,1011,27,12,584,25],"class_list":{"0":"post-299884","1":"post","2":"type-post","3":"status-publish","4":"format-standard","5":"has-post-thumbnail","7":"category-rennes","8":"tag-actu","9":"tag-actualites","10":"tag-bretagne","11":"tag-eu","12":"tag-europe","13":"tag-fr","14":"tag-france","15":"tag-news","16":"tag-rennes","17":"tag-republique-francaise"},"share_on_mastodon":{"url":"https:\/\/pubeurope.com\/@fr\/114980731157222459","error":""},"_links":{"self":[{"href":"https:\/\/www.europesays.com\/fr\/wp-json\/wp\/v2\/posts\/299884","targetHints":{"allow":["GET"]}}],"collection":[{"href":"https:\/\/www.europesays.com\/fr\/wp-json\/wp\/v2\/posts"}],"about":[{"href":"https:\/\/www.europesays.com\/fr\/wp-json\/wp\/v2\/types\/post"}],"author":[{"embeddable":true,"href":"https:\/\/www.europesays.com\/fr\/wp-json\/wp\/v2\/users\/2"}],"replies":[{"embeddable":true,"href":"https:\/\/www.europesays.com\/fr\/wp-json\/wp\/v2\/comments?post=299884"}],"version-history":[{"count":0,"href":"https:\/\/www.europesays.com\/fr\/wp-json\/wp\/v2\/posts\/299884\/revisions"}],"wp:featuredmedia":[{"embeddable":true,"href":"https:\/\/www.europesays.com\/fr\/wp-json\/wp\/v2\/media\/299885"}],"wp:attachment":[{"href":"https:\/\/www.europesays.com\/fr\/wp-json\/wp\/v2\/media?parent=299884"}],"wp:term":[{"taxonomy":"category","embeddable":true,"href":"https:\/\/www.europesays.com\/fr\/wp-json\/wp\/v2\/categories?post=299884"},{"taxonomy":"post_tag","embeddable":true,"href":"https:\/\/www.europesays.com\/fr\/wp-json\/wp\/v2\/tags?post=299884"}],"curies":[{"name":"wp","href":"https:\/\/api.w.org\/{rel}","templated":true}]}}