{"id":299890,"date":"2025-08-06T07:54:15","date_gmt":"2025-08-06T07:54:15","guid":{"rendered":"https:\/\/www.europesays.com\/fr\/299890\/"},"modified":"2025-08-06T07:54:15","modified_gmt":"2025-08-06T07:54:15","slug":"pres-de-nice-un-incendie-touche-une-fourriere-le-trafic-sncf-a-ete-interrompu","status":"publish","type":"post","link":"https:\/\/www.europesays.com\/fr\/299890\/","title":{"rendered":"Pr\u00e8s de Nice. Un incendie touche une fourri\u00e8re, le trafic SNCF a \u00e9t\u00e9 interrompu"},"content":{"rendered":"<p>            Par<br \/>\n        <strong><br \/>\n            <a href=\"https:\/\/actu.fr\/auteur\/ugo-maillard\" title=\"Consulter tous les articles de Ugo Maillard\" rel=\"nofollow noopener\" target=\"_blank\">Ugo Maillard<\/a><br \/>\n        <\/strong><\/p>\n<p>        Publi\u00e9 le<\/p>\n<p>            6 ao\u00fbt 2025 \u00e0 9h11        <\/p>\n<p>Les flammes se sont propag\u00e9es durant les premi\u00e8res heures, ce mercredi 6\u00a0ao\u00fbt 2025, au sein de la <strong>fourri\u00e8re municipale<\/strong> de Villeneuve-Loubet (<a href=\"https:\/\/actu.fr\/provence-alpes-cote-d-azur\/alpes-maritimes_06\" rel=\"nofollow noopener\" target=\"_blank\">Alpes-Maritimes<\/a>), route Genevi\u00e8ve de Gaulle-Anthonioz.<\/p>\n<p>    <a href=\"https:\/\/www.google.com\/maps\/embed?pb=!1m18!1m12!1m3!1d5774.360084945774!2d7.13498680855256!3d43.64442235084718!2m3!1f0!2f0!3f0!3m2!1i1024!2i768!4f13.1!3m3!1m2!1s0x12cdd56d41e29b97%3A0x2acaa0667bcefd27!2sTSTV%20FOURRIERE%20MUNICIPALE!5e0!3m2!1sfr!2sfr!4v1754463055134!5m2!1sfr!2sfr\" title=\"Ouvrie le lien\" rel=\"nofollow noopener\" target=\"_blank\">Cliquez ici pour visualiser le contenu<\/a><\/p>\n<p class=\" wall-content\">En raison de la proximit\u00e9 du site avec les voies SNCF, le trafic des trains a \u00e9t\u00e9 interrompu plusieurs dizaines de minutes. La circulation ferroviaire a pu reprendre.<\/p>\n<p>Une vingtaine de pompiers mobilis\u00e9s<\/p>\n<p class=\" wall-content\">Selon les informations des sapeurs-pompiers transmises \u00e0 <a href=\"https:\/\/actu.fr\/nice\/\" rel=\"nofollow noopener\" target=\"_blank\">actu Nice<\/a>, l\u2019incendie touche une <strong>quinzaine de v\u00e9hicules<\/strong>.<\/p>\n<p class=\" wall-content\">Trois lances \u00e0 incendie, ainsi que six engins de secours et 22 sapeurs-pompiers, sont d\u00e9ploy\u00e9es pour \u00e9teindre le feu.<\/p>\n<p class=\" wall-content\">Les circonstances de cet incendie demeurent inconnues.<\/p>\n<p class=\" wall-content\">Suivez toute l\u2019actualit\u00e9 de vos villes et m\u00e9dias favoris en vous inscrivant \u00e0 <a href=\"https:\/\/moncompte.actu.fr\" title=\"D\u00e9couvez Mon Actu\" rel=\"nofollow noopener\" data-trk=\"{&quot;cta&quot;:{&quot;action&quot;:&quot;https:\\\/\\\/moncompte.actu.fr&quot;,&quot;category&quot;:&quot;mon compte&quot;,&quot;from&quot;:&quot;article footer&quot;,&quot;name&quot;:&quot;Mon actu&quot;,&quot;type&quot;:&quot;cta&quot;}}\" target=\"_blank\">Mon Actu<\/a>.<\/p>\n","protected":false},"excerpt":{"rendered":"Par Ugo Maillard Publi\u00e9 le 6 ao\u00fbt 2025 \u00e0 9h11 Les flammes se sont propag\u00e9es durant les premi\u00e8res&hellip;\n","protected":false},"author":2,"featured_media":299891,"comment_status":"","ping_status":"","sticky":false,"template":"","format":"standard","meta":{"footnotes":""},"categories":[2819],"tags":[1111,11,1777,674,118,1011,27,1310,12,2401,1311,882,25],"class_list":{"0":"post-299890","1":"post","2":"type-post","3":"status-publish","4":"format-standard","5":"has-post-thumbnail","7":"category-nice","8":"tag-actu","9":"tag-actualites","10":"tag-eu","11":"tag-europe","12":"tag-faits-divers","13":"tag-fr","14":"tag-france","15":"tag-incendie","16":"tag-news","17":"tag-nice","18":"tag-pompiers","19":"tag-provence-alpes-cote-dazur","20":"tag-republique-francaise"},"share_on_mastodon":{"url":"https:\/\/pubeurope.com\/@fr\/114980747004458620","error":""},"_links":{"self":[{"href":"https:\/\/www.europesays.com\/fr\/wp-json\/wp\/v2\/posts\/299890","targetHints":{"allow":["GET"]}}],"collection":[{"href":"https:\/\/www.europesays.com\/fr\/wp-json\/wp\/v2\/posts"}],"about":[{"href":"https:\/\/www.europesays.com\/fr\/wp-json\/wp\/v2\/types\/post"}],"author":[{"embeddable":true,"href":"https:\/\/www.europesays.com\/fr\/wp-json\/wp\/v2\/users\/2"}],"replies":[{"embeddable":true,"href":"https:\/\/www.europesays.com\/fr\/wp-json\/wp\/v2\/comments?post=299890"}],"version-history":[{"count":0,"href":"https:\/\/www.europesays.com\/fr\/wp-json\/wp\/v2\/posts\/299890\/revisions"}],"wp:featuredmedia":[{"embeddable":true,"href":"https:\/\/www.europesays.com\/fr\/wp-json\/wp\/v2\/media\/299891"}],"wp:attachment":[{"href":"https:\/\/www.europesays.com\/fr\/wp-json\/wp\/v2\/media?parent=299890"}],"wp:term":[{"taxonomy":"category","embeddable":true,"href":"https:\/\/www.europesays.com\/fr\/wp-json\/wp\/v2\/categories?post=299890"},{"taxonomy":"post_tag","embeddable":true,"href":"https:\/\/www.europesays.com\/fr\/wp-json\/wp\/v2\/tags?post=299890"}],"curies":[{"name":"wp","href":"https:\/\/api.w.org\/{rel}","templated":true}]}}