{"id":299893,"date":"2025-08-06T07:57:18","date_gmt":"2025-08-06T07:57:18","guid":{"rendered":"https:\/\/www.europesays.com\/fr\/299893\/"},"modified":"2025-08-06T07:57:18","modified_gmt":"2025-08-06T07:57:18","slug":"une-nouvelle-recrue-passe-sa-visite-medicale-ce-mercredi","status":"publish","type":"post","link":"https:\/\/www.europesays.com\/fr\/299893\/","title":{"rendered":"une nouvelle recrue passe sa visite m\u00e9dicale ce mercredi\u00a0!\u00a0"},"content":{"rendered":"<p><strong>Le mercato du FC Nantes s\u2019acc\u00e9l\u00e8re ! Les Canaris ont d\u00e9cid\u00e9 de frapper vite pour renforcer leur secteur offensif avec l\u2019arriv\u00e9e imminente d\u2019un jeune talent\u00a0: Amady Camara, attaquant malien de 20 ans \u00e9voluant au Sturm Graz.<\/strong><\/p>\n<p>Amady Camara est plus proche que jamais de signer au <a href=\"https:\/\/www.butfootballclub.fr\/612496-fc-nantes-lincroyable-boulette-de-luis-castro-au-mercato\/\" rel=\"noopener nofollow\" target=\"_blank\">FC Nantes<\/a>. Comme d\u00e9j\u00e0 \u00e9voqu\u00e9 hier soir, la direction du club a transmis une offre de pr\u00eat avec option d\u2019achat au club autrichien, et le deal pourrait se conclure tr\u00e8s rapidement. Selon <a href=\"https:\/\/www.ouest-france.fr\/sport\/football\/fc-nantes\/info-ouest-france-mercato-fc-nantes-le-club-en-pourparlers-pour-faire-venir-un-attaquant-malien-60216906-6d1e-11f0-8e39-9e8844dbf1ac\" rel=\"noopener nofollow\" target=\"_blank\">Ouest-France<\/a>, les deux parties sont d\u00e9j\u00e0 tomb\u00e9es d\u2019accord sur les grandes lignes du transfert, preuve que Nantes a fait de ce dossier une priorit\u00e9 pour booster sa ligne offensive.<\/p>\n<p>D\u2019apr\u00e8s David Phelippeau, Camara devrait m\u00eame rejoindre la Beaujoire d\u00e8s ce mercredi pour passer sa visite m\u00e9dicale avant de parapher son contrat. Cependant, il ne devrait pas participer pas au stage pr\u00e9vu au Royaume-Uni avec le reste du groupe. La raison est purement administrative : le timing est trop serr\u00e9 pour obtenir un visa lui permettant de voyager sur le territoire britannique.<\/p>\n<p>Pour les supporters nantais, cette arriv\u00e9e suscite d\u00e9j\u00e0 l\u2019excitation. Camara est pr\u00e9sent\u00e9 comme un joueur explosif, capable de jouer \u00e0 la pointe de l\u2019attaque ou sur un c\u00f4t\u00e9. Auteur de prestations remarqu\u00e9es avec Sturm Graz, il d\u00e9barque avec l\u2019ambition de faire oublier les difficult\u00e9s offensives que le <a href=\"https:\/\/www.butfootballclub.fr\/612551-fc-nantes-leroux-impressionne-par-lune-des-recrues\/\" rel=\"noopener nofollow\" target=\"_blank\">FCN<\/a> a connues la saison derni\u00e8re.<\/p>\n","protected":false},"excerpt":{"rendered":"Le mercato du FC Nantes s\u2019acc\u00e9l\u00e8re ! Les Canaris ont d\u00e9cid\u00e9 de frapper vite pour renforcer leur secteur&hellip;\n","protected":false},"author":2,"featured_media":299894,"comment_status":"","ping_status":"","sticky":false,"template":"","format":"standard","meta":{"footnotes":""},"categories":[2818],"tags":[1111,11,448,1777,674,63,1011,27,66,3388,766,12,2636,25,10662],"class_list":{"0":"post-299893","1":"post","2":"type-post","3":"status-publish","4":"format-standard","5":"has-post-thumbnail","7":"category-nantes","8":"tag-actu","9":"tag-actualites","10":"tag-champions-league","11":"tag-eu","12":"tag-europe","13":"tag-football","14":"tag-fr","15":"tag-france","16":"tag-ligue-1","17":"tag-matchs","18":"tag-nantes","19":"tag-news","20":"tag-pays-de-la-loire","21":"tag-republique-francaise","22":"tag-transferts"},"share_on_mastodon":{"url":"https:\/\/pubeurope.com\/@fr\/114980758869859937","error":""},"_links":{"self":[{"href":"https:\/\/www.europesays.com\/fr\/wp-json\/wp\/v2\/posts\/299893","targetHints":{"allow":["GET"]}}],"collection":[{"href":"https:\/\/www.europesays.com\/fr\/wp-json\/wp\/v2\/posts"}],"about":[{"href":"https:\/\/www.europesays.com\/fr\/wp-json\/wp\/v2\/types\/post"}],"author":[{"embeddable":true,"href":"https:\/\/www.europesays.com\/fr\/wp-json\/wp\/v2\/users\/2"}],"replies":[{"embeddable":true,"href":"https:\/\/www.europesays.com\/fr\/wp-json\/wp\/v2\/comments?post=299893"}],"version-history":[{"count":0,"href":"https:\/\/www.europesays.com\/fr\/wp-json\/wp\/v2\/posts\/299893\/revisions"}],"wp:featuredmedia":[{"embeddable":true,"href":"https:\/\/www.europesays.com\/fr\/wp-json\/wp\/v2\/media\/299894"}],"wp:attachment":[{"href":"https:\/\/www.europesays.com\/fr\/wp-json\/wp\/v2\/media?parent=299893"}],"wp:term":[{"taxonomy":"category","embeddable":true,"href":"https:\/\/www.europesays.com\/fr\/wp-json\/wp\/v2\/categories?post=299893"},{"taxonomy":"post_tag","embeddable":true,"href":"https:\/\/www.europesays.com\/fr\/wp-json\/wp\/v2\/tags?post=299893"}],"curies":[{"name":"wp","href":"https:\/\/api.w.org\/{rel}","templated":true}]}}