{"id":299903,"date":"2025-08-06T08:02:09","date_gmt":"2025-08-06T08:02:09","guid":{"rendered":"https:\/\/www.europesays.com\/fr\/299903\/"},"modified":"2025-08-06T08:02:09","modified_gmt":"2025-08-06T08:02:09","slug":"des-perturbations-sur-des-lignes-de-trains-au-depart-de-lille","status":"publish","type":"post","link":"https:\/\/www.europesays.com\/fr\/299903\/","title":{"rendered":"des perturbations sur des lignes de trains au d\u00e9part de Lille"},"content":{"rendered":"<p>            Par<br \/>\n        <strong><br \/>\n            <a href=\"https:\/\/actu.fr\/auteur\/amandine-vachez\" title=\"Consulter tous les articles de Amandine Vachez\" target=\"_blank\" rel=\"noopener\">Amandine Vachez<\/a><br \/>\n        <\/strong><\/p>\n<p>        Publi\u00e9 le<\/p>\n<p>            6 ao\u00fbt 2025 \u00e0 8h51<br \/>\n        ; mis \u00e0 jour le 6 ao\u00fbt 2025 \u00e0 9h01    <\/p>\n<p>C\u2019est malheureusement monnaie courante. Un nouveau<b> vol de c\u00e2bles<\/b> a \u00e9t\u00e9 r\u00e9alis\u00e9 le<b> mercredi 6\u00a0ao\u00fbt 2025 <\/b>\u00e0 la <a href=\"https:\/\/actu.fr\/tag\/sncf\" target=\"_blank\" rel=\"noopener\">SNCF<\/a> aux abords de <a href=\"https:\/\/actu.fr\/lille\/\" target=\"_blank\" rel=\"noopener\">Lille<\/a> (Nord). <b>Plusieurs lignes de trains<\/b>\u00a0r\u00e9gionaux sont<b> impact\u00e9es <\/b>dans la matin\u00e9e. D\u00e9tails.<\/p>\n<p>Un vol \u00e0 Seclin, un impact sur plusieurs lignes<\/p>\n<p class=\" wall-content\">Deux lignes sont fort touch\u00e9es par les perturbations, ce mercredi matin. Celle liant<b> Lille \u00e0 Douai <\/b>et celle liant <b>Lille \u00e0 Lens<\/b>, via Libercourt. \u00ab\u2009Le <b>trafic est interrompu dans le sens Seclin vers Libercourt<\/b> apr\u00e8s un vol de c\u00e2bles \u00e0 Seclin\u2009\u00bb, indiquait la SNCF aux usagers, ce matin avant 7\u2009h.<\/p>\n<p>D\u2019autres TER d\u00e9vi\u00e9s<\/p>\n<p class=\" wall-content\">L\u2019impact touche d\u2019autres axes\u2009: \u00ab\u2009les TER Lille vers Amiens et Rouen et Lille vers St-Quentin au d\u00e9part de Lille suivent un autre itin\u00e9raire\u2009\u00bb, pr\u00e9cise la soci\u00e9t\u00e9 de transport.<\/p>\n<p class=\" wall-content\">Un retour \u00e0 la normale \u00e9tait au d\u00e9part annonc\u00e9 pour 12h. \u00ab\u00a0D\u2019importants travaux sont en cours, la r<b>eprise du trafic est \u00e0 pr\u00e9sent pr\u00e9vue vers 15h<\/b>\u00a0\u00bb a plus tard pr\u00e9cis\u00e9 la SNCF.<\/p>\n<p class=\" wall-content\">\n<p class=\" wall-content\">Suivez toute l\u2019actualit\u00e9 de vos villes et m\u00e9dias favoris en vous inscrivant \u00e0 <a href=\"https:\/\/moncompte.actu.fr\" title=\"D\u00e9couvez Mon Actu\" rel=\"nofollow noopener\" data-trk=\"{&quot;cta&quot;:{&quot;action&quot;:&quot;https:\\\/\\\/moncompte.actu.fr&quot;,&quot;category&quot;:&quot;mon compte&quot;,&quot;from&quot;:&quot;article footer&quot;,&quot;name&quot;:&quot;Mon actu&quot;,&quot;type&quot;:&quot;cta&quot;}}\" target=\"_blank\">Mon Actu<\/a>.<\/p>\n","protected":false},"excerpt":{"rendered":"Par Amandine Vachez Publi\u00e9 le 6 ao\u00fbt 2025 \u00e0 8h51 ; mis \u00e0 jour le 6 ao\u00fbt 2025&hellip;\n","protected":false},"author":2,"featured_media":299904,"comment_status":"","ping_status":"","sticky":false,"template":"","format":"standard","meta":{"footnotes":""},"categories":[2815],"tags":[1111,11,1777,674,1011,27,811,1307,12,25,2215,104,2803],"class_list":{"0":"post-299903","1":"post","2":"type-post","3":"status-publish","4":"format-standard","5":"has-post-thumbnail","7":"category-lille","8":"tag-actu","9":"tag-actualites","10":"tag-eu","11":"tag-europe","12":"tag-fr","13":"tag-france","14":"tag-hauts-de-france","15":"tag-lille","16":"tag-news","17":"tag-republique-francaise","18":"tag-sncf","19":"tag-societe","20":"tag-transport"},"share_on_mastodon":{"url":"https:\/\/pubeurope.com\/@fr\/114980778353504398","error":""},"_links":{"self":[{"href":"https:\/\/www.europesays.com\/fr\/wp-json\/wp\/v2\/posts\/299903","targetHints":{"allow":["GET"]}}],"collection":[{"href":"https:\/\/www.europesays.com\/fr\/wp-json\/wp\/v2\/posts"}],"about":[{"href":"https:\/\/www.europesays.com\/fr\/wp-json\/wp\/v2\/types\/post"}],"author":[{"embeddable":true,"href":"https:\/\/www.europesays.com\/fr\/wp-json\/wp\/v2\/users\/2"}],"replies":[{"embeddable":true,"href":"https:\/\/www.europesays.com\/fr\/wp-json\/wp\/v2\/comments?post=299903"}],"version-history":[{"count":0,"href":"https:\/\/www.europesays.com\/fr\/wp-json\/wp\/v2\/posts\/299903\/revisions"}],"wp:featuredmedia":[{"embeddable":true,"href":"https:\/\/www.europesays.com\/fr\/wp-json\/wp\/v2\/media\/299904"}],"wp:attachment":[{"href":"https:\/\/www.europesays.com\/fr\/wp-json\/wp\/v2\/media?parent=299903"}],"wp:term":[{"taxonomy":"category","embeddable":true,"href":"https:\/\/www.europesays.com\/fr\/wp-json\/wp\/v2\/categories?post=299903"},{"taxonomy":"post_tag","embeddable":true,"href":"https:\/\/www.europesays.com\/fr\/wp-json\/wp\/v2\/tags?post=299903"}],"curies":[{"name":"wp","href":"https:\/\/api.w.org\/{rel}","templated":true}]}}