{"id":299905,"date":"2025-08-06T08:03:08","date_gmt":"2025-08-06T08:03:08","guid":{"rendered":"https:\/\/www.europesays.com\/fr\/299905\/"},"modified":"2025-08-06T08:03:08","modified_gmt":"2025-08-06T08:03:08","slug":"losc-ou-et-quand-voir-le-match-lille","status":"publish","type":"post","link":"https:\/\/www.europesays.com\/fr\/299905\/","title":{"rendered":"LOSC. O\u00f9 et quand voir le match Lille"},"content":{"rendered":"<p>            Par<br \/>\n        <strong><br \/>\n            <a href=\"https:\/\/actu.fr\/auteur\/bastien-grossin\" title=\"Consulter tous les articles de Bastien Grossin\" target=\"_blank\" rel=\"noopener\">Bastien Grossin<\/a><br \/>\n        <\/strong><\/p>\n<p>        Publi\u00e9 le<\/p>\n<p>            6 ao\u00fbt 2025 \u00e0 10h00        <\/p>\n<p>Bonne nouvelle\u2009: ce mercredi 6\u00a0ao\u00fbt 2025, le <b>match<\/b> <a href=\"https:\/\/actu.fr\/lille\/\" target=\"_blank\" rel=\"noopener\">Lille<\/a> \u2013 Venise (Italie) sera<b> diffus\u00e9 gratuitement \u00e0 la t\u00e9l\u00e9vision<\/b> <b>et en streaming <\/b>sur internet \u00e0 17\u2009h. Une occasion \u00e0 ne pas manquer pour les supporters des Dogues, malgr\u00e9 la d\u00e9faite de ce samedi 2\u00a0ao\u00fbt face \u00e0 Dortmund (Allemagne), qui a raviv\u00e9 les souvenirs douloureux d\u2019une \u00e9limination en Ligue des champions quelques mois auparavant. Cette fois-ci, le <a href=\"https:\/\/actu.fr\/tag\/losc-football\" target=\"_blank\" rel=\"noopener\">LOSC<\/a> re\u00e7oit le Venezia FC \u00e0 domicile. On fait le point pour ne pas manquer une miette de cette rencontre.<\/p>\n<p>O\u00f9 voir le match \u00e0 la t\u00e9l\u00e9vision\u2009?<\/p>\n<p class=\" wall-content\">Si vous comptez regarder le match au calme chez vous, voici les cha\u00eenes \u00e0 s\u00e9lectionner selon votre op\u00e9rateur TV\u2009:<\/p>\n<ul class=\" wall-content\">\n<li><b>BFM Grand Lille<\/b>\n<ul>\n<li>Orange\u2009: cha\u00eene 390<\/li>\n<li>SFR\u2009: cha\u00eene 280<\/li>\n<li>Bouygues\u2009: cha\u00eene 326<\/li>\n<li>Free\u2009: cha\u00eene 329<\/li>\n<\/ul>\n<\/li>\n<\/ul>\n<ul class=\" wall-content\">\n<li><b>BFM Grand Littoral<\/b>\n<ul>\n<li>Orange\u2009: cha\u00eene 391<\/li>\n<li>SFR\u2009: cha\u00eene 281<\/li>\n<li>Bouygues\u2009: cha\u00eene 329<\/li>\n<li>Free\u2009: cha\u00eene 330<\/li>\n<\/ul>\n<\/li>\n<\/ul>\n<p>O\u00f9 voir le match sur internet\u2009?<\/p>\n<p class=\" wall-content\">Comme pour le match Lille-Dortmund, la rencontre sera \u00e9galement accessible gratuitement en streaming sur internet. Pour \u00e7a, rendez-vous sur\u2009:<\/p>\n<ul class=\" wall-content\">\n<li>Sur la cha\u00eene\u00a0<b>Twitch de RMC Sport<\/b><\/li>\n<li>En direct sur la cha\u00eene\u00a0<b>YouTube de RMC Sport<\/b><\/li>\n<\/ul>\n<p class=\" wall-content\">Suivez toute l\u2019actualit\u00e9 de vos villes et m\u00e9dias favoris en vous inscrivant \u00e0 <a href=\"https:\/\/moncompte.actu.fr\" title=\"D\u00e9couvez Mon Actu\" rel=\"nofollow noopener\" data-trk=\"{&quot;cta&quot;:{&quot;action&quot;:&quot;https:\\\/\\\/moncompte.actu.fr&quot;,&quot;category&quot;:&quot;mon compte&quot;,&quot;from&quot;:&quot;article footer&quot;,&quot;name&quot;:&quot;Mon actu&quot;,&quot;type&quot;:&quot;cta&quot;}}\" target=\"_blank\">Mon Actu<\/a>.<\/p>\n","protected":false},"excerpt":{"rendered":"Par Bastien Grossin Publi\u00e9 le 6 ao\u00fbt 2025 \u00e0 10h00 Bonne nouvelle\u2009: ce mercredi 6\u00a0ao\u00fbt 2025, le match&hellip;\n","protected":false},"author":2,"featured_media":299906,"comment_status":"","ping_status":"","sticky":false,"template":"","format":"standard","meta":{"footnotes":""},"categories":[2815],"tags":[1111,11,1777,674,1011,27,811,1307,2267,12,25,60],"class_list":{"0":"post-299905","1":"post","2":"type-post","3":"status-publish","4":"format-standard","5":"has-post-thumbnail","7":"category-lille","8":"tag-actu","9":"tag-actualites","10":"tag-eu","11":"tag-europe","12":"tag-fr","13":"tag-france","14":"tag-hauts-de-france","15":"tag-lille","16":"tag-losc","17":"tag-news","18":"tag-republique-francaise","19":"tag-sports"},"share_on_mastodon":{"url":"https:\/\/pubeurope.com\/@fr\/114980782307215470","error":""},"_links":{"self":[{"href":"https:\/\/www.europesays.com\/fr\/wp-json\/wp\/v2\/posts\/299905","targetHints":{"allow":["GET"]}}],"collection":[{"href":"https:\/\/www.europesays.com\/fr\/wp-json\/wp\/v2\/posts"}],"about":[{"href":"https:\/\/www.europesays.com\/fr\/wp-json\/wp\/v2\/types\/post"}],"author":[{"embeddable":true,"href":"https:\/\/www.europesays.com\/fr\/wp-json\/wp\/v2\/users\/2"}],"replies":[{"embeddable":true,"href":"https:\/\/www.europesays.com\/fr\/wp-json\/wp\/v2\/comments?post=299905"}],"version-history":[{"count":0,"href":"https:\/\/www.europesays.com\/fr\/wp-json\/wp\/v2\/posts\/299905\/revisions"}],"wp:featuredmedia":[{"embeddable":true,"href":"https:\/\/www.europesays.com\/fr\/wp-json\/wp\/v2\/media\/299906"}],"wp:attachment":[{"href":"https:\/\/www.europesays.com\/fr\/wp-json\/wp\/v2\/media?parent=299905"}],"wp:term":[{"taxonomy":"category","embeddable":true,"href":"https:\/\/www.europesays.com\/fr\/wp-json\/wp\/v2\/categories?post=299905"},{"taxonomy":"post_tag","embeddable":true,"href":"https:\/\/www.europesays.com\/fr\/wp-json\/wp\/v2\/tags?post=299905"}],"curies":[{"name":"wp","href":"https:\/\/api.w.org\/{rel}","templated":true}]}}