{"id":299907,"date":"2025-08-06T08:04:09","date_gmt":"2025-08-06T08:04:09","guid":{"rendered":"https:\/\/www.europesays.com\/fr\/299907\/"},"modified":"2025-08-06T08:04:09","modified_gmt":"2025-08-06T08:04:09","slug":"dans-les-alpes-de-haute-provence-un-reseau-de-trafic-de-drogue-pour-rendre-service-a-un-dealer-de-marseille","status":"publish","type":"post","link":"https:\/\/www.europesays.com\/fr\/299907\/","title":{"rendered":"Dans les Alpes-de-Haute-Provence, un r\u00e9seau de trafic de drogue \u00ab\u00a0pour rendre service\u00a0\u00bb \u00e0 un dealer de Marseille"},"content":{"rendered":"<p>Le t\u00e9moignage d\u2019un homme contr\u00f4l\u00e9 par hasard par la gendarmerie nationale sur les routes des Alpes-de-Haute-Provence m\u00e8ne, jeudi 31\u00a0juillet 2025 en fin de journ\u00e9e, les forces de l\u2019ordre vers Peyruis et le domicile de Dylan F., 22\u00a0ans, qu\u2019il partage avec sa m\u00e8re. Les enqu\u00eateurs d\u00e9couvriront une table dans le salon avec 1,6\u00a0kg de <a href=\"https:\/\/www.laprovence.com\/article\/region\/6511980525436714\/accro-a-la-resine-de-cannabis-il-manque-de-percuter-une-voiture-a-contresens-a-cabries\" target=\"_blank\" rel=\"noopener\">r\u00e9sine de cannabis<\/a>, ainsi que de faibles quantit\u00e9s de coca\u00efne et d\u2019ecstasy. Si sa m\u00e8re, en d\u00e9placement, n\u2019est pas pr\u00e9sente au domicile &#8211; et est rapidement mise hors de cause &#8211; le jeune homme n\u2019est pas seul. Il est accompagn\u00e9 d\u2019un de ses amis d\u2019enfance qu\u2019il conna\u00eet depuis le coll\u00e8ge\u00a0: Yllies O. Une balance et des couteaux seront \u00e9galement retrouv\u00e9s au domicile.<\/p>\n<p>\u00ab\u00a0Je n\u2019ai rien \u00e0 voir avec cette affaire\u00a0\u00bb<\/p>\n<p>Tous deux plac\u00e9s en garde \u00e0 vue, Dylan F. reconna\u00eet les faits d\u2019acquisition, d\u00e9tention et vente de stup\u00e9fiants pour lesquels il est mis en cause. Il nie toutefois devant les enqu\u00eateurs une quelconque implication de son ami d\u2019enfance dans ses activit\u00e9s ill\u00e9gales pour lesquelles Yllies O. est \u00e9galement poursuivi et est plac\u00e9 sous contr\u00f4le judiciaire.<\/p>\n","protected":false},"excerpt":{"rendered":"Le t\u00e9moignage d\u2019un homme contr\u00f4l\u00e9 par hasard par la gendarmerie nationale sur les routes des Alpes-de-Haute-Provence m\u00e8ne, jeudi&hellip;\n","protected":false},"author":2,"featured_media":299908,"comment_status":"","ping_status":"","sticky":false,"template":"","format":"standard","meta":{"footnotes":""},"categories":[2814],"tags":[17,1111,11,1298,1446,1052,1777,674,1011,27,151,884,12,471,882,16,25,2421,1097],"class_list":{"0":"post-299907","1":"post","2":"type-post","3":"status-publish","4":"format-standard","5":"has-post-thumbnail","7":"category-marseille","8":"tag-17","9":"tag-actu","10":"tag-actualites","11":"tag-alpes-de-haute-provence","12":"tag-dans","13":"tag-drogue","14":"tag-eu","15":"tag-europe","16":"tag-fr","17":"tag-france","18":"tag-les","19":"tag-marseille","20":"tag-news","21":"tag-pour","22":"tag-provence-alpes-cote-dazur","23":"tag-region","24":"tag-republique-francaise","25":"tag-reseau","26":"tag-trafic"},"share_on_mastodon":{"url":"https:\/\/pubeurope.com\/@fr\/114980786262144077","error":""},"_links":{"self":[{"href":"https:\/\/www.europesays.com\/fr\/wp-json\/wp\/v2\/posts\/299907","targetHints":{"allow":["GET"]}}],"collection":[{"href":"https:\/\/www.europesays.com\/fr\/wp-json\/wp\/v2\/posts"}],"about":[{"href":"https:\/\/www.europesays.com\/fr\/wp-json\/wp\/v2\/types\/post"}],"author":[{"embeddable":true,"href":"https:\/\/www.europesays.com\/fr\/wp-json\/wp\/v2\/users\/2"}],"replies":[{"embeddable":true,"href":"https:\/\/www.europesays.com\/fr\/wp-json\/wp\/v2\/comments?post=299907"}],"version-history":[{"count":0,"href":"https:\/\/www.europesays.com\/fr\/wp-json\/wp\/v2\/posts\/299907\/revisions"}],"wp:featuredmedia":[{"embeddable":true,"href":"https:\/\/www.europesays.com\/fr\/wp-json\/wp\/v2\/media\/299908"}],"wp:attachment":[{"href":"https:\/\/www.europesays.com\/fr\/wp-json\/wp\/v2\/media?parent=299907"}],"wp:term":[{"taxonomy":"category","embeddable":true,"href":"https:\/\/www.europesays.com\/fr\/wp-json\/wp\/v2\/categories?post=299907"},{"taxonomy":"post_tag","embeddable":true,"href":"https:\/\/www.europesays.com\/fr\/wp-json\/wp\/v2\/tags?post=299907"}],"curies":[{"name":"wp","href":"https:\/\/api.w.org\/{rel}","templated":true}]}}