{"id":29991,"date":"2025-04-16T21:17:15","date_gmt":"2025-04-16T21:17:15","guid":{"rendered":"https:\/\/www.europesays.com\/fr\/29991\/"},"modified":"2025-04-16T21:17:15","modified_gmt":"2025-04-16T21:17:15","slug":"grenoble-la-police-fait-un-coup-de-filet-dans-ce-quartier-de-belles-saisies","status":"publish","type":"post","link":"https:\/\/www.europesays.com\/fr\/29991\/","title":{"rendered":"Grenoble. La police fait un coup de filet dans ce quartier, de belles saisies"},"content":{"rendered":"<p>            Par<br \/>\n        <strong><br \/>\n            <a href=\"https:\/\/actu.fr\/auteur\/lisa-rodrigues\" title=\"Consulter tous les articles de Lisa Rodrigues\" rel=\"nofollow noopener\" target=\"_blank\">Lisa Rodrigues<\/a><br \/>\n        <\/strong><\/p>\n<p>        Publi\u00e9 le<\/p>\n<p>            16 avr. 2025 \u00e0 18h08        <\/p>\n<p>Ils ne sont pas partis les mains vides. Les policiers is\u00e9rois ont mont\u00e9 une op\u00e9ration d\u2019ampleur contre le trafic de stup\u00e9fiants dans le quartier Hoche, \u00e0 <a href=\"https:\/\/actu.fr\/auvergne-rhone-alpes\/grenoble_38185\" rel=\"nofollow noopener\" target=\"_blank\">Grenoble<\/a>.<\/p>\n<p>    <a href=\"https:\/\/www.google.com\/maps\/embed?pb=!1m18!1m12!1m3!1d2812.0832911533175!2d5.724613876135385!3d45.1854101710708!2m3!1f0!2f0!3f0!3m2!1i1024!2i768!4f13.1!3m3!1m2!1s0x478af48dc2b94779%3A0xb65b960d8b5e259c!2sRue%20Hoche%2C%2038000%20Grenoble!5e0!3m2!1sfr!2sfr!4v1744818881882!5m2!1sfr!2sfr\" title=\"Ouvrie le lien\" rel=\"nofollow noopener\" target=\"_blank\">Cliquez ici pour visualiser le contenu<\/a><\/p>\n<p class=\" wall-content\">La brigade anti-criminalit\u00e9 et la brigade des stup\u00e9fiants a ainsi proc\u00e9d\u00e9 \u00e0 l\u2019interpellation de <strong>cinq individus<\/strong> \u00ab\u00a0impliqu\u00e9s dans le <a href=\"https:\/\/actu.fr\/auvergne-rhone-alpes\/echirolles_38151\/narcotrafic-armes-drogues-produits-de-luxe-un-reseau-demantele-pres-de-grenoble_62411547.html\" rel=\"nofollow noopener\" target=\"_blank\">trafic de stup\u00e9fiants<\/a>\u00a0\u00bb du quartier.<\/p>\n<p>Plus de 1,7 kilo de r\u00e9sine de cannabis<\/p>\n<p class=\" wall-content\">Surtout, les forces de l\u2019ordre ont saisi un pactole cons\u00e9quent : 4 790 euros, deux armes de poing, une trottinette ainsi que de la drogue.<\/p>\n<p class=\" wall-content\">\n<p class=\" wall-content\">Dans le d\u00e9tail, ce sont <strong>1,748 kilo de r\u00e9sine de cannabis<\/strong>, 359 grammes d\u2019herbe de cannabis et <strong>264 grammes de coca\u00efne<\/strong> qui ont \u00e9t\u00e9 saisis.<\/p>\n<p>Vid\u00e9os : en ce moment sur Actu<\/p>\n<p class=\" wall-content\">Les cinq individus interpell\u00e9s ont \u00e9t\u00e9 plac\u00e9s en garde \u00e0 vue.<\/p>\n<p class=\" wall-content\">Suivez toute l\u2019actualit\u00e9 de vos villes et m\u00e9dias favoris en vous inscrivant \u00e0 <a href=\"https:\/\/moncompte.actu.fr\" title=\"D\u00e9couvez Mon Actu\" rel=\"nofollow noopener\" data-trk=\"{&quot;cta&quot;:{&quot;action&quot;:&quot;https:\\\/\\\/moncompte.actu.fr&quot;,&quot;category&quot;:&quot;mon compte&quot;,&quot;from&quot;:&quot;article footer&quot;,&quot;name&quot;:&quot;Mon actu&quot;,&quot;type&quot;:&quot;cta&quot;}}\" target=\"_blank\">Mon Actu<\/a>.<\/p>\n","protected":false},"excerpt":{"rendered":"Par Lisa Rodrigues Publi\u00e9 le 16 avr. 2025 \u00e0 18h08 Ils ne sont pas partis les mains vides.&hellip;\n","protected":false},"author":2,"featured_media":29992,"comment_status":"","ping_status":"","sticky":false,"template":"","format":"standard","meta":{"footnotes":""},"categories":[9566],"tags":[1111,11,2430,1052,1777,674,118,1011,27,2731,12,1072,25],"class_list":{"0":"post-29991","1":"post","2":"type-post","3":"status-publish","4":"format-standard","5":"has-post-thumbnail","7":"category-grenoble","8":"tag-actu","9":"tag-actualites","10":"tag-auvergne-rhone-alpes","11":"tag-drogue","12":"tag-eu","13":"tag-europe","14":"tag-faits-divers","15":"tag-fr","16":"tag-france","17":"tag-grenoble","18":"tag-news","19":"tag-police","20":"tag-republique-francaise"},"share_on_mastodon":{"url":"https:\/\/pubeurope.com\/@fr\/114349725671575801","error":""},"_links":{"self":[{"href":"https:\/\/www.europesays.com\/fr\/wp-json\/wp\/v2\/posts\/29991","targetHints":{"allow":["GET"]}}],"collection":[{"href":"https:\/\/www.europesays.com\/fr\/wp-json\/wp\/v2\/posts"}],"about":[{"href":"https:\/\/www.europesays.com\/fr\/wp-json\/wp\/v2\/types\/post"}],"author":[{"embeddable":true,"href":"https:\/\/www.europesays.com\/fr\/wp-json\/wp\/v2\/users\/2"}],"replies":[{"embeddable":true,"href":"https:\/\/www.europesays.com\/fr\/wp-json\/wp\/v2\/comments?post=29991"}],"version-history":[{"count":0,"href":"https:\/\/www.europesays.com\/fr\/wp-json\/wp\/v2\/posts\/29991\/revisions"}],"wp:featuredmedia":[{"embeddable":true,"href":"https:\/\/www.europesays.com\/fr\/wp-json\/wp\/v2\/media\/29992"}],"wp:attachment":[{"href":"https:\/\/www.europesays.com\/fr\/wp-json\/wp\/v2\/media?parent=29991"}],"wp:term":[{"taxonomy":"category","embeddable":true,"href":"https:\/\/www.europesays.com\/fr\/wp-json\/wp\/v2\/categories?post=29991"},{"taxonomy":"post_tag","embeddable":true,"href":"https:\/\/www.europesays.com\/fr\/wp-json\/wp\/v2\/tags?post=29991"}],"curies":[{"name":"wp","href":"https:\/\/api.w.org\/{rel}","templated":true}]}}