{"id":299911,"date":"2025-08-06T08:06:12","date_gmt":"2025-08-06T08:06:12","guid":{"rendered":"https:\/\/www.europesays.com\/fr\/299911\/"},"modified":"2025-08-06T08:06:12","modified_gmt":"2025-08-06T08:06:12","slug":"toute-lactualite-de-ce-mercredi-6-aout-2025-a-lyon","status":"publish","type":"post","link":"https:\/\/www.europesays.com\/fr\/299911\/","title":{"rendered":"Toute l&rsquo;actualit\u00e9 de ce mercredi 6 aout 2025 \u00e0 Lyon"},"content":{"rendered":"<p>A la une de l\u2019info \u00e0 Lyon : le futur visage du boulevard de la Croix-Rousse, \u00ab\u00a0Le Carrosse de Vincent\u00a0\u00bb<\/p>\n<p>ECOUTEZ LE 1\/4H LYONNAIS\u2026 Toute l\u2019actualit\u00e9 de ce mercredi 6 aout 2025<\/p>\n<p>LE 1\/4H LYONNAIS | mercredi 6 aout 2025<\/p>\n<p>Durant cet \u00e9t\u00e9, on vous propose un <strong>1\/4H LYONNAIS<\/strong> dans une forme un peu exceptionnelle. Avec des reportages \u00e0 travers la ville pour vous faire d\u00e9couvrir, des <strong>lieux<\/strong>, des <strong>personnalit\u00e9s<\/strong>, des <strong>activit\u00e9s<\/strong>\u2026<\/p>\n<p>La <strong><a href=\"https:\/\/www.grandlyon.com\/actualite\/boulevard-de-la-croix-rousse-un-projet-pour-tous-les-usages\" target=\"_blank\" rel=\"noreferrer noopener\">M\u00e9tropole de Lyon<\/a><\/strong> et la <strong>Ville de Lyon<\/strong> ont pr\u00e9sent\u00e9 les futurs travaux pour le r\u00e9am\u00e9nagement du <strong>boulevard de la Croix-Rousse<\/strong>. L\u2019objectif est de recr\u00e9er une <strong>promenade apais\u00e9e<\/strong> et <strong>v\u00e9g\u00e9talis\u00e9e<\/strong>.Reportage complet avec <strong>Charlotte Epinat<\/strong><\/p>\n<p>Nos invit\u00e9s :<strong> Gr\u00e9gory Doucet<\/strong>, maire de <strong>Lyon<\/strong>, et <strong>R\u00e9mi Zinck<\/strong>, maire du <strong>4\u00e8me arrondissement de Lyon<\/strong><\/p>\n<p>Ecoutez aussi : <a href=\"https:\/\/www.lyondemain.fr\/part-dieu-revolution-paysagere-lyon\/\" target=\"_blank\" rel=\"noreferrer noopener\">Part-Dieu : la r\u00e9volution paysag\u00e8re est en route\u2026<\/a><\/p>\n<p>Egalement dans l\u2019actualit\u00e9 de ce mercredi 6 aout<\/p>\n<p>2\u00e8me grand reportage dans ce <strong>1\/4H LYONNAIS sp\u00e9cial \u00e9t\u00e9<\/strong> : \u00ab\u00a0<strong>Le carrosse de Vincent<\/strong>\u00ab\u00a0. Vincent, c\u2019est <strong>Vincent Jacobzone<\/strong>. Un <strong>guide touristique<\/strong> tout \u00e0 fait comme les autres. Son outil : un <strong>v\u00e9lotaxi<\/strong> ! Un <strong>triporteur \u00e9lectrique<\/strong> qui lui permet de<strong> sillonner la ville<\/strong> jusque dans ses rues les plus \u00e9troites\u2026 <\/p>\n<p>L\u2019engin s\u2019appelle \u00ab\u00a0<strong>Le Carrosse de Vincent<\/strong>\u00ab\u00a0. Il est \u00e9quip\u00e9 de 2 <strong>batteries \u00e9lectriques<\/strong> et d\u2019une <strong>banquette deux places<\/strong> \u00e0 l\u2019arri\u00e8re. Ce v\u00e9hicule inspir\u00e9 des <strong>tuk-tuk tha\u00eflandais <\/strong>est aussi adaptable pour <strong>transporter des marchandises<\/strong>. Car, en dehors de faire le taxi, le jeune entrepreneur effectue aussi des<strong> livraisons ponctuelles<\/strong>.\u00a0Il peut aussi r\u00e9pondre \u00e0 une <strong>demande \u00e9v\u00e9nementielle<\/strong>\u2026<\/p>\n<p>Nous avons rencontr\u00e9 <strong>Vincent Jacobzone<\/strong> \u00e0 son garage install\u00e9 dans le <strong>tiers-lieu : Le P\u00f4le Bert<\/strong><\/p>\n<p>Pour tout renseignement, rendez-vous sur les r\u00e9seaux sociaux \u00ab\u00a0<strong>Le Carrosse de Vincent<\/strong>\u00ab\u00a0<\/p>\n<p>Ecoutez aussi :  <a href=\"https:\/\/www.lyondemain.fr\/actualite-de-ce-mardi-5-aout-lyon-info-kajja-little-kunu\/\" target=\"_blank\" rel=\"noreferrer noopener\">Toute l\u2019actualit\u00e9 de ce mardi 5 aout 2025 \u00e0 Lyon<\/a><\/p>\n<p><img fetchpriority=\"high\" decoding=\"async\" width=\"1200\" height=\"675\" src=\"https:\/\/www.europesays.com\/fr\/wp-content\/uploads\/2025\/08\/actualite-de-ce-mercredi-6-aout-2025.jpg\" alt=\"actualit\u00e9 de ce mercredi 6 aout 2025 info \u00e0 Lyon\" class=\"wp-image-250880\"  \/>Retrouvez aussi le Quart d\u2019Heure Lyonnais de Lyon Demain sur les antennes de Radio Pluriel (Lyon). Radio Salam (Lyon, Saint-Etienne et Bourg) et Radio Arm\u00e9nie (Lyon et Vienne)<br \/>\nJ\u2019aime \u00e7a\u00a0:<\/p>\n<p>J\u2019aime chargement\u2026<\/p>\n<p><a class=\"sd-link-color\"\/><\/p>\n<p>\n\tArticles similaires\n<\/p>\n<p>\t\t\t\t<img decoding=\"async\" src=\"https:\/\/www.europesays.com\/fr\/wp-content\/uploads\/2025\/08\/1754467572_114_7866158698e17e8ed633c05e8f8e7fe5d9e057ad78661c4dc34e413abb6b9f19\" alt=\"G\u00e9rald Bouchon\"\/><\/p>\n<p>Pionnier des radios libres, passionn\u00e9 de radio, journaliste et dirigeant de m\u00e9dias \u00e9co-responsables..<\/p>\n","protected":false},"excerpt":{"rendered":"A la une de l\u2019info \u00e0 Lyon : le futur visage du boulevard de la Croix-Rousse, \u00ab\u00a0Le Carrosse&hellip;\n","protected":false},"author":2,"featured_media":299912,"comment_status":"","ping_status":"","sticky":false,"template":"","format":"standard","meta":{"footnotes":""},"categories":[1889],"tags":[1111,11,12584,3570,2430,44022,2838,1777,674,1011,27,5226,44023,16540,2428,12,20329,24481,44024,25,602,44025,10792,208,44026,44027,44028],"class_list":{"0":"post-299911","1":"post","2":"type-post","3":"status-publish","4":"format-standard","5":"has-post-thumbnail","7":"category-lyon","8":"tag-actu","9":"tag-actualites","10":"tag-apaisement","11":"tag-arbres","12":"tag-auvergne-rhone-alpes","13":"tag-boulevard-de-la-croix-rousse","14":"tag-croix-rousse","15":"tag-eu","16":"tag-europe","17":"tag-fr","18":"tag-france","19":"tag-gregory-doucet","20":"tag-le-carrosse-de-vincent","21":"tag-livraisons","22":"tag-lyon","23":"tag-news","24":"tag-pole-bert","25":"tag-promenade","26":"tag-remi-zinck","27":"tag-republique-francaise","28":"tag-tourisme","29":"tag-triporteur","30":"tag-vegetalisation","31":"tag-velo","32":"tag-velotaxi","33":"tag-vincent-jacobzone","34":"tag-visites-touristiques"},"share_on_mastodon":{"url":"https:\/\/pubeurope.com\/@fr\/114980794128918589","error":""},"_links":{"self":[{"href":"https:\/\/www.europesays.com\/fr\/wp-json\/wp\/v2\/posts\/299911","targetHints":{"allow":["GET"]}}],"collection":[{"href":"https:\/\/www.europesays.com\/fr\/wp-json\/wp\/v2\/posts"}],"about":[{"href":"https:\/\/www.europesays.com\/fr\/wp-json\/wp\/v2\/types\/post"}],"author":[{"embeddable":true,"href":"https:\/\/www.europesays.com\/fr\/wp-json\/wp\/v2\/users\/2"}],"replies":[{"embeddable":true,"href":"https:\/\/www.europesays.com\/fr\/wp-json\/wp\/v2\/comments?post=299911"}],"version-history":[{"count":0,"href":"https:\/\/www.europesays.com\/fr\/wp-json\/wp\/v2\/posts\/299911\/revisions"}],"wp:featuredmedia":[{"embeddable":true,"href":"https:\/\/www.europesays.com\/fr\/wp-json\/wp\/v2\/media\/299912"}],"wp:attachment":[{"href":"https:\/\/www.europesays.com\/fr\/wp-json\/wp\/v2\/media?parent=299911"}],"wp:term":[{"taxonomy":"category","embeddable":true,"href":"https:\/\/www.europesays.com\/fr\/wp-json\/wp\/v2\/categories?post=299911"},{"taxonomy":"post_tag","embeddable":true,"href":"https:\/\/www.europesays.com\/fr\/wp-json\/wp\/v2\/tags?post=299911"}],"curies":[{"name":"wp","href":"https:\/\/api.w.org\/{rel}","templated":true}]}}