{"id":299915,"date":"2025-08-06T08:10:12","date_gmt":"2025-08-06T08:10:12","guid":{"rendered":"https:\/\/www.europesays.com\/fr\/299915\/"},"modified":"2025-08-06T08:10:12","modified_gmt":"2025-08-06T08:10:12","slug":"aux-aeroports-dorly-et-de-roissy-les-passagers-nont-jamais-ete-aussi-nombreux-depuis-le-covid-19","status":"publish","type":"post","link":"https:\/\/www.europesays.com\/fr\/299915\/","title":{"rendered":"Aux a\u00e9roports d&rsquo;Orly et de Roissy, les passagers n\u2019ont jamais \u00e9t\u00e9 aussi nombreux depuis le Covid-19"},"content":{"rendered":"<p>            Par<br \/>\n        <strong><br \/>\n            <a href=\"https:\/\/actu.fr\/auteur\/ines-cussac-actu-fr\" title=\"Consulter tous les articles de In\u00e8s Cussac\" target=\"_blank\" rel=\"noopener\">In\u00e8s Cussac<\/a><br \/>\n        <\/strong><\/p>\n<p>        Publi\u00e9 le<\/p>\n<p>            6 ao\u00fbt 2025 \u00e0 8h00        <\/p>\n<p><img decoding=\"async\" loading=\"lazy\" src=\"https:\/\/www.europesays.com\/fr\/wp-content\/uploads\/2025\/08\/img-7725-960x640.jpg\" alt=\"L'a\u00e9roport d'Orly a vu d\u00e9filer pr\u00e8s de 17 millions de passagers au premier semestre 2025. (AD \/ actu Paris)\" width=\"960\" height=\"640\"\/>L\u2019a\u00e9roport d\u2019Orly a vu d\u00e9filer pr\u00e8s de 17 millions de passagers au premier semestre 2025. (AD \/ actu Paris)<\/p>\n<p class=\" wall-content\">Tous les voyants sont au vert. En cet \u00e9t\u00e9 2025, le tourisme se porte bien \u00e0 Paris et en petite couronne. Dans les a\u00e9roports et les h\u00f4tels, la fr\u00e9quentation est en hausse et cela devrait se poursuivre apr\u00e8s la rentr\u00e9e. Mercredi 30 juillet, le groupe <a href=\"https:\/\/actu.fr\/tag\/aeroports-de-paris\" target=\"_blank\" rel=\"noopener\">A\u00e9roports de Paris<\/a> (ADP) a pr\u00e9sent\u00e9 ses r\u00e9sultats en progression <a href=\"https:\/\/www.parisaeroport.fr\/docs\/default-source\/groupe-fichiers\/finance\/relations-investisseurs\/information-financi%C3%A8re\/r%C3%A9sultats-et-chiffre-d&#039;affaires\/2025\/adp-cp-resultats-semestriels-2025.pdf?sfvrsn=9fe5a4bd_2\" target=\"_blank\" rel=\"noopener\">pour le premier semestre 2025<\/a>. De son c\u00f4t\u00e9 aussi, <a href=\"https:\/\/actu.fr\/ile-de-france\/paris_75056\/economies-chiffres-en-berne-pourquoi-le-dernier-office-de-tourisme-de-paris-met-la-cle-sous-la-porte_62106547.html\" target=\"_blank\" rel=\"noopener\">l\u2019office de tourisme de Paris<\/a> a fait conna\u00eetre <a href=\"https:\/\/files.parisjetaime.com\/pro\/le-barometre-de-juillet-2025-parisjetaime.pdf\" target=\"_blank\" rel=\"noopener\">son barom\u00e8tre<\/a> du mois de juillet notant <strong>une augmentation des nuit\u00e9es de 15,4\u2009%<\/strong> dans la m\u00e9tropole pour la p\u00e9riode du 1er au 20\u00a0juillet entre\u00a02025 et\u00a02024.<\/p>\n<p>Toujours plus de passagers<\/p>\n<p class=\" wall-content\">\u00ab\u2009Nous avons accueilli 179,1\u00a0millions de passagers dans l\u2019ensemble des a\u00e9roports du groupe, soit 5,1\u2009% de plus qu\u2019\u00e0 la m\u00eame p\u00e9riode en 2024. \u00c0 Paris A\u00e9roport, le trafic est en hausse de 4,5\u2009% avec 51,3\u00a0millions de passagers\u2009\u00bb, a annonc\u00e9 le PDG d\u2019ADP, Philippe Pascal, dans un communiqu\u00e9 financier des r\u00e9sultats semestriels 2025. L\u2019an pass\u00e9, le nombre de voyageurs \u00e9tait de 49\u00a0millions et de 47,1\u00a0millions en 2023. Ils \u00e9taient, pour rappel, <strong>52,3\u00a0millions en 2019.<\/strong><\/p>\n<p class=\" wall-content\">\u00c0 l\u2019a\u00e9roport d\u2019Orly, le trafic a grimp\u00e9 de 5\u2009% tandis qu\u2019il a augment\u00e9 de 4,3\u2009% \u00e0 <a href=\"https:\/\/actu.fr\/ile-de-france\/tremblay-en-france_93073\/nouvelles-salles-d-embarquement-metro-interne-adp-veut-adapter-l-aeroport-de-roissy-donnez-votre-avis_62498296.html\" target=\"_blank\" rel=\"noopener\">Roissy-Charles-de-Gaulle<\/a> en un an.<\/p>\n<p class=\" wall-content\">La plus forte croissance vient du march\u00e9 latino-am\u00e9ricain avec <strong>une augmentation de 13,3\u2009%<\/strong> de part du trafic. Celui d\u2019Am\u00e9rique du Nord est stable avec une hausse de 3\u2009%, l\u00e9g\u00e8rement en dessous de celui europ\u00e9en \u00e0 4,4\u2009%. Les passagers d\u2019Asie-Pacifique ont par ailleurs bondi de presque 10\u2009% par rapport \u00e0 2024.<\/p>\n<p class=\" wall-content\">Ce bilan positif de <strong>premi\u00e8re moiti\u00e9 d\u2019ann\u00e9e<\/strong> se traduit aussi dans les comptes du groupe. En un an, le chiffre d\u2019affaires a bondi de 10,1\u2009% soit de 89\u00a0millions d\u2019euros.<\/p>\n<p>La bonne dynamique des h\u00f4tels du Grand Paris<\/p>\n<p class=\" wall-content\">Outre les r\u00e9servations a\u00e9riennes, celles des h\u00e9bergements ont \u00e9t\u00e9 particuli\u00e8rement \u00e9lev\u00e9es les 20 premiers jours de juillet. Dans les h\u00f4tels, on note une augmentation de 15,8\u2009% du taux d\u2019occupation. Dans les meubl\u00e9s touristiques, la progression est de 11,1\u2009% par rapport \u00e0 2024 et de 22,9\u2009% compar\u00e9s \u00e0 2023.<\/p>\n<p class=\" wall-content\">L\u2019Insee a par ailleurs enregistr\u00e9 une forte croissance en termes d\u2019activit\u00e9s h\u00f4teli\u00e8res en hausse de 7,6\u2009% sur un an et m\u00eame de 11,9\u2009% relativement \u00e0 2023.<\/p>\n<p class=\" wall-content\">Si les arriv\u00e9es depuis le Royaume-Uni et l\u2019Espagne d\u00e9gringolent, celles des \u00c9tats-Unis montent en fl\u00e8che \u00e0<strong> plus de 18\u2009% par rapport \u00e0 2024.<\/strong> La client\u00e8le fran\u00e7aise monte, elle, de 8,2\u2009% et de 10,4\u2009% si l\u2019on regarde avec les chiffres de 2023. Au total, on compte pr\u00e8s de 5\u00a0millions de Fran\u00e7ais h\u00e9berg\u00e9s dans les h\u00f4tels du Grand Paris pour cette premi\u00e8re partie de l\u2019ann\u00e9e. La Seine-Saint-Denis et les Hauts-de-Seine notent une dynamique de croissance respective de 9,8\u2009% et de 9,6\u2009% compar\u00e9s \u00e0 l\u2019an pass\u00e9.<\/p>\n<p>Des pr\u00e9visions en forte hausse<\/p>\n<p class=\" wall-content\">D\u2019apr\u00e8s Fr\u00e9d\u00e9ric Hocquard, adjoint au tourisme \u00e0 la Ville de Paris, l\u2019attractivit\u00e9 de la capitale a \u00e9t\u00e9 boost\u00e9e par les Jeux olympiques. <a href=\"https:\/\/actu.fr\/ile-de-france\/paris_75056\/fete-de-la-musique-a-paris-une-personne-entre-la-vie-et-la-mort-et-au-moins-102-interpellations_62807822.html\" target=\"_blank\" rel=\"noopener\">La F\u00eate de la musique<\/a>, <a href=\"https:\/\/actu.fr\/ile-de-france\/saint-denis_93066\/kris-et-kylie-jenner-pharrell-williams-avalanche-de-stars-pour-le-concert-de-beyonce-au-stade-de-france_62799782.html\" target=\"_blank\" rel=\"noopener\">les concerts de Beyonc\u00e9<\/a> au Stade de France ou encore le Salon du Bourget ont aussi largement particip\u00e9 \u00e0 la croissance des arriv\u00e9es et des taux d\u2019occupations h\u00f4teliers, selon l\u2019office de tourisme. Celui-ci pr\u00e9voit d\u2019ailleurs sur une hausse des r\u00e9servations a\u00e9riennes entre le 1er ao\u00fbt et le 31 octobre. Elles devraient \u00eatre importantes avec les passagers du Moyen-Orient (+37 %), ceux d\u2019Europe du sud (18\u2009%) ou encore d\u2019Asie-Pacifique (16\u2009%).<\/p>\n<p class=\" wall-content\">\u00ab\u2009Aujourd\u2019hui, <strong>Paris accueille entre 35 et 40\u00a0millions de touristes<\/strong> par an. Au-del\u00e0 de ce seuil, on risque de rompre l\u2019\u00e9quilibre car la ville ne pourra plus absorber ce surplus touristique\u2009\u00bb, s\u2019inqui\u00e9tait Fr\u00e9d\u00e9ric Hocquard dans les colonnes du <a href=\"https:\/\/www.lemonde.fr\/politique\/article\/2025\/07\/07\/frederic-hocquard-adjoint-au-tourisme-a-la-mairie-de-paris-on-risque-l-embolie-touristique_6619617_823448.html\" target=\"_blank\" rel=\"noopener\">Monde <\/a>d\u00e9but juillet. Face aux pr\u00e9visions en forte hausse du trafic a\u00e9rien, il craint un tourisme extr\u00eamement important qui risquerait de \u00ab\u2009tuer la poule aux \u0153ufs d\u2019or\u2009\u00bb. Pour contrer la tendance, il propose \u00e0 ADP de r\u00e9duire le nombre de cr\u00e9neaux d\u2019atterrissage et en parall\u00e8le de d\u00e9velopper les transports ferroviaires. \u00ab\u2009Aujourd\u2019hui, il faut plut\u00f4t travailler la qualit\u00e9 que la quantit\u00e9 et se dire que \u2018mieux vaut moins mais mieux\u2019.\u2009\u00bb<\/p>\n<p class=\" wall-content\">Suivez toute l\u2019actualit\u00e9 de vos villes et m\u00e9dias favoris en vous inscrivant \u00e0 <a href=\"https:\/\/moncompte.actu.fr\" title=\"D\u00e9couvez Mon Actu\" rel=\"nofollow noopener\" data-trk=\"{&quot;cta&quot;:{&quot;action&quot;:&quot;https:\\\/\\\/moncompte.actu.fr&quot;,&quot;category&quot;:&quot;mon compte&quot;,&quot;from&quot;:&quot;article footer&quot;,&quot;name&quot;:&quot;Mon actu&quot;,&quot;type&quot;:&quot;cta&quot;}}\" target=\"_blank\">Mon Actu<\/a>.<\/p>\n","protected":false},"excerpt":{"rendered":"Par In\u00e8s Cussac Publi\u00e9 le 6 ao\u00fbt 2025 \u00e0 8h00 L\u2019a\u00e9roport d\u2019Orly a vu d\u00e9filer pr\u00e8s de 17&hellip;\n","protected":false},"author":2,"featured_media":299916,"comment_status":"","ping_status":"","sticky":false,"template":"","format":"standard","meta":{"footnotes":""},"categories":[1888],"tags":[1111,1928,11,1927,10045,1777,674,1011,27,12,1926,626,1925,25,104,602,2803],"class_list":{"0":"post-299915","1":"post","2":"type-post","3":"status-publish","4":"format-standard","5":"has-post-thumbnail","7":"category-paris","8":"tag-actu","9":"tag-actu-paris","10":"tag-actualites","11":"tag-actualites-paris","12":"tag-aeroport-roissy-charles-de-gaulle","13":"tag-eu","14":"tag-europe","15":"tag-fr","16":"tag-france","17":"tag-news","18":"tag-news-paris","19":"tag-paris","20":"tag-paris-news","21":"tag-republique-francaise","22":"tag-societe","23":"tag-tourisme","24":"tag-transport"},"share_on_mastodon":{"url":"https:\/\/pubeurope.com\/@fr\/114980810014476611","error":""},"_links":{"self":[{"href":"https:\/\/www.europesays.com\/fr\/wp-json\/wp\/v2\/posts\/299915","targetHints":{"allow":["GET"]}}],"collection":[{"href":"https:\/\/www.europesays.com\/fr\/wp-json\/wp\/v2\/posts"}],"about":[{"href":"https:\/\/www.europesays.com\/fr\/wp-json\/wp\/v2\/types\/post"}],"author":[{"embeddable":true,"href":"https:\/\/www.europesays.com\/fr\/wp-json\/wp\/v2\/users\/2"}],"replies":[{"embeddable":true,"href":"https:\/\/www.europesays.com\/fr\/wp-json\/wp\/v2\/comments?post=299915"}],"version-history":[{"count":0,"href":"https:\/\/www.europesays.com\/fr\/wp-json\/wp\/v2\/posts\/299915\/revisions"}],"wp:featuredmedia":[{"embeddable":true,"href":"https:\/\/www.europesays.com\/fr\/wp-json\/wp\/v2\/media\/299916"}],"wp:attachment":[{"href":"https:\/\/www.europesays.com\/fr\/wp-json\/wp\/v2\/media?parent=299915"}],"wp:term":[{"taxonomy":"category","embeddable":true,"href":"https:\/\/www.europesays.com\/fr\/wp-json\/wp\/v2\/categories?post=299915"},{"taxonomy":"post_tag","embeddable":true,"href":"https:\/\/www.europesays.com\/fr\/wp-json\/wp\/v2\/tags?post=299915"}],"curies":[{"name":"wp","href":"https:\/\/api.w.org\/{rel}","templated":true}]}}