{"id":299917,"date":"2025-08-06T08:11:22","date_gmt":"2025-08-06T08:11:22","guid":{"rendered":"https:\/\/www.europesays.com\/fr\/299917\/"},"modified":"2025-08-06T08:11:22","modified_gmt":"2025-08-06T08:11:22","slug":"paris-fc-du-tres-lourd-annonce","status":"publish","type":"post","link":"https:\/\/www.europesays.com\/fr\/299917\/","title":{"rendered":"Paris FC, du tr\u00e8s lourd annonc\u00e9\u00a0!"},"content":{"rendered":"<p><strong>Promu en Ligue 1, le Paris FC n&rsquo;a<br \/>\npas encore termin\u00e9 son mercato. Trois \u00e0 quatre recrues sont<br \/>\nattendues, dont un excellent milieu de terrain.<\/strong><\/p>\n<p>Pour son grand retour en <a href=\"https:\/\/www.football.fr\/ligue-1\" rel=\"nofollow noopener\" target=\"_blank\">Ligue 1<\/a>, apr\u00e8s 46 ans<br \/>\nd\u2019attente, le Paris FC ne manque pas d\u2019ambition. Avec d\u00e9j\u00e0 35<br \/>\nmillions d\u2019euros d\u00e9pens\u00e9s sur le march\u00e9 des transferts, dont pr\u00e8s<br \/>\nde la moiti\u00e9 pour le seul Otavio, le club francilien veut faire les<br \/>\nchoses bien afin de jouer plus que le maintien. \u00ab\u00a0On<br \/>\nsouhaite faire quelque chose de bien et faire fructifier le travail<br \/>\nde ces deux derni\u00e8res saisons\u00a0\u00bb, explique St\u00e9phane Gilli,<br \/>\nde passage lundi en conf\u00e9rence de presse.<\/p>\n<p>\u00ab\u00a0On esp\u00e8re qu\u2019on obtiendra le maintien assez<br \/>\ntranquillement, poursuit l\u2019entra\u00eeneur du PFC. On ne veut<br \/>\npas mettre de pression suppl\u00e9mentaire sur le groupe en fixant un<br \/>\nobjectif \u00e9lev\u00e9, ce qui n\u2019emp\u00eache pas d\u2019avoir de l\u2019ambition \u00e0<br \/>\nl\u2019image du club, des actionnaires et des joueurs.\u00a0\u00bb Avec<br \/>\nOtavio, donc, mais aussi Moses Simon et Nhoa Sangui, le voisin du<br \/>\nPSG a pour l\u2019instant r\u00e9ussi trois jolis coups lors du mercato<br \/>\nestival. Et ce n\u2019est pas termin\u00e9.<\/p>\n<blockquote class=\"twitter-tweet\"><p><a class=\"twitter-link\" rel=\"noindex, nofollow noopener\" href=\"https:\/\/twitter.com\/football_fr\/status\/1949859106719756658\" target=\"_blank\"><\/p><\/blockquote>\n<p>\u00ab\u00a0On attend encore trois ou quatre recrues, dont un<br \/>\nattaquant de pointe, un milieu de terrain, un lat\u00e9ral et un<br \/>\ngardien, annonce le coach parisien, satisfait de l\u2019int\u00e9gration<br \/>\ndes recrues. C\u2019est le m\u00eame groupe ou presque depuis un an et<br \/>\ndemi, les joueurs connaissent la m\u00e9thode de travail. Les recrues<br \/>\nont \u00e9t\u00e9 bien int\u00e9gr\u00e9es. Au-del\u00e0 de la qualit\u00e9 des joueurs, ce sont<br \/>\ndes bons gar\u00e7ons. Le groupe est sain, j\u2019ai l\u2019impression qu\u2019ils sont<br \/>\nl\u00e0 depuis longtemps.\u00a0\u00bb<\/p>\n<p>Un milieu \u00ab\u00a0tr\u00e8s, tr\u00e8s fort\u00a0\u00bb au Paris FC ?<\/p>\n<p>Dans l\u2019entrejeu, si la piste menant \u00e0 Benjamin Andr\u00e9 s\u2019est<br \/>\n\u00e9teinte, le Lillois ayant prolong\u00e9 chez les Dogues, \u00ab\u00a0les<br \/>\nn\u00e9gociations avancent\u00a0\u00bb avec Leipzig pour Amadou Ha\u00efdara,<br \/>\nindique L\u2019Equipe. La signature de l\u2019international malien<br \/>\n(27 ans), actuellement sous contrat avec le club allemand jusqu\u2019en<br \/>\n2026, pourrait repr\u00e9senter un nouvel investissement XXL pour le<br \/>\nParis FC, le site sp\u00e9cialis\u00e9 Transfermarkt \u00e9valuant sa<br \/>\ncote \u00e0 16 millions d\u2019euros.<\/p>\n<p>Une bonne pioche\u00a0? Aucun doute pour Lassine Sinayoko, son<br \/>\npartenaire en \u00e9quipe nationale. \u00ab\u00a0Techniquement, c\u2019est<br \/>\ntr\u00e8s, tr\u00e8s fort, confie l\u2019attaquant d\u2019Auxerre au quotidien<br \/>\nsportif. Il a une capacit\u00e9 rare \u00e0 accumuler les kilom\u00e8tres,<br \/>\nsans perdre de lucidit\u00e9 dans ses choix. Il casse des lignes par la<br \/>\npasse, la course, il d\u00e9fend, il a un gros jeu de t\u00eate, une bonne<br \/>\nfrappe. C\u2019est vraiment \u2018le\u2019 milieu moderne par excellence. Pour la<br \/>\nLigue 1, de l\u2019avoir, ce serait dingue.\u00a0\u00bb<\/p>\n<p><script async src=\"https:\/\/platform.twitter.com\/widgets.js\" charset=\"utf-8\"><\/script><\/p>\n","protected":false},"excerpt":{"rendered":"Promu en Ligue 1, le Paris FC n&rsquo;a pas encore termin\u00e9 son mercato. Trois \u00e0 quatre recrues sont&hellip;\n","protected":false},"author":2,"featured_media":299918,"comment_status":"","ping_status":"","sticky":false,"template":"","format":"standard","meta":{"footnotes":""},"categories":[1888],"tags":[1111,1928,11,1927,1777,674,1011,27,12,1926,626,1925,25],"class_list":{"0":"post-299917","1":"post","2":"type-post","3":"status-publish","4":"format-standard","5":"has-post-thumbnail","7":"category-paris","8":"tag-actu","9":"tag-actu-paris","10":"tag-actualites","11":"tag-actualites-paris","12":"tag-eu","13":"tag-europe","14":"tag-fr","15":"tag-france","16":"tag-news","17":"tag-news-paris","18":"tag-paris","19":"tag-paris-news","20":"tag-republique-francaise"},"share_on_mastodon":{"url":"https:\/\/pubeurope.com\/@fr\/114980813875084296","error":""},"_links":{"self":[{"href":"https:\/\/www.europesays.com\/fr\/wp-json\/wp\/v2\/posts\/299917","targetHints":{"allow":["GET"]}}],"collection":[{"href":"https:\/\/www.europesays.com\/fr\/wp-json\/wp\/v2\/posts"}],"about":[{"href":"https:\/\/www.europesays.com\/fr\/wp-json\/wp\/v2\/types\/post"}],"author":[{"embeddable":true,"href":"https:\/\/www.europesays.com\/fr\/wp-json\/wp\/v2\/users\/2"}],"replies":[{"embeddable":true,"href":"https:\/\/www.europesays.com\/fr\/wp-json\/wp\/v2\/comments?post=299917"}],"version-history":[{"count":0,"href":"https:\/\/www.europesays.com\/fr\/wp-json\/wp\/v2\/posts\/299917\/revisions"}],"wp:featuredmedia":[{"embeddable":true,"href":"https:\/\/www.europesays.com\/fr\/wp-json\/wp\/v2\/media\/299918"}],"wp:attachment":[{"href":"https:\/\/www.europesays.com\/fr\/wp-json\/wp\/v2\/media?parent=299917"}],"wp:term":[{"taxonomy":"category","embeddable":true,"href":"https:\/\/www.europesays.com\/fr\/wp-json\/wp\/v2\/categories?post=299917"},{"taxonomy":"post_tag","embeddable":true,"href":"https:\/\/www.europesays.com\/fr\/wp-json\/wp\/v2\/tags?post=299917"}],"curies":[{"name":"wp","href":"https:\/\/api.w.org\/{rel}","templated":true}]}}