{"id":299927,"date":"2025-08-06T08:16:25","date_gmt":"2025-08-06T08:16:25","guid":{"rendered":"https:\/\/www.europesays.com\/fr\/299927\/"},"modified":"2025-08-06T08:16:25","modified_gmt":"2025-08-06T08:16:25","slug":"un-memorial-confedere-demonte-apres-les-manifs-black-lives-matter-reinstalle-aux-usa-il-naurait-jamais-du-etre-retire-par-des-moutons-woke","status":"publish","type":"post","link":"https:\/\/www.europesays.com\/fr\/299927\/","title":{"rendered":"Un m\u00e9morial conf\u00e9d\u00e9r\u00e9, d\u00e9mont\u00e9 apr\u00e8s les manifs \u00ab\u00a0Black Lives Matter\u00a0\u00bb, r\u00e9install\u00e9 aux USA: \u00ab\u00a0Il n&rsquo;aurait jamais d\u00fb \u00eatre retir\u00e9 par des moutons woke\u00a0\u00bb"},"content":{"rendered":"<p class=\"ap-StoryElement ap-StoryElement--mb ap-StoryText\">Depuis le retour en janvier de Donald Trump \u00e0 la pr\u00e9sidence des Etats-Unis, le gouvernement m\u00e8ne une bataille contre les initiatives qu&rsquo;il dit li\u00e9es \u00e0 l&rsquo;id\u00e9ologie woke, terme utilis\u00e9 de mani\u00e8re p\u00e9jorative par les conservateurs pour d\u00e9noncer ce qu&rsquo;ils per\u00e7oivent comme un exc\u00e8s de militantisme en faveur notamment des minorit\u00e9s.<\/p>\n<p class=\"ap-StoryElement ap-StoryElement--mb ap-StoryText\">Les parties en bronze du m\u00e9morial avaient \u00e9t\u00e9 retir\u00e9es en 2023, trois ans apr\u00e8s les manifestations antiracistes du mouvement \u00ab\u00a0Black Lives Matter\u00a0\u00bb (les vies des Noirs comptent, en fran\u00e7ais), d\u00e9clench\u00e9es par le meurtre de l&rsquo;Afro-Am\u00e9ricain George Floyd par un policier blanc.<\/p>\n<p class=\"ap-StoryElement ap-StoryElement--mb ap-StoryText\">Ce mouvement avait notamment enclench\u00e9 de grands d\u00e9bats sur le racisme et la pr\u00e9sence dans l&rsquo;espace public de symboles du pass\u00e9 esclavagiste du pays.<\/p>\n<p class=\"ap-StoryElement ap-StoryElement--mb ap-StoryText\">Parmi eux, d&rsquo;apr\u00e8s les militants, figurait le m\u00e9morial d&rsquo;Arlington. Celui-ci pr\u00e9sentait une \u00ab\u00a0vision nostalgique et mythifi\u00e9e\u00a0\u00bb des Conf\u00e9d\u00e9r\u00e9s et comprenait \u00ab\u00a0des repr\u00e9sentations tr\u00e8s \u00e9dulcor\u00e9es de l&rsquo;esclavage\u00a0\u00bb, selon le site du cimeti\u00e8re.<\/p>\n<p class=\"ap-StoryElement ap-StoryElement--mb ap-StoryText\">Mais le gouvernement Trump a op\u00e9r\u00e9 un virage \u00e0 180 degr\u00e9s. En juin, le pr\u00e9sident am\u00e9ricain avait par exemple annonc\u00e9 qu&rsquo;une s\u00e9rie de bases militaires allaient \u00eatre rebaptis\u00e9es de leurs anciens noms associ\u00e9s \u00e0 des g\u00e9n\u00e9raux conf\u00e9d\u00e9r\u00e9s.<\/p>\n","protected":false},"excerpt":{"rendered":"Depuis le retour en janvier de Donald Trump \u00e0 la pr\u00e9sidence des Etats-Unis, le gouvernement m\u00e8ne une bataille&hellip;\n","protected":false},"author":2,"featured_media":299928,"comment_status":"","ping_status":"","sticky":false,"template":"","format":"standard","meta":{"footnotes":""},"categories":[1589],"tags":[11,554,73,1866,937,12,10162,1864,1865,1863,308],"class_list":{"0":"post-299927","1":"post","2":"type-post","3":"status-publish","4":"format-standard","5":"has-post-thumbnail","7":"category-etats-unis","8":"tag-actualites","9":"tag-defense","10":"tag-etats-unis","11":"tag-etats-unis-damerique","12":"tag-histoire","13":"tag-news","14":"tag-racisme","15":"tag-united-states","16":"tag-united-states-of-america","17":"tag-us","18":"tag-usa"},"share_on_mastodon":{"url":"https:\/\/pubeurope.com\/@fr\/114980833465295367","error":""},"_links":{"self":[{"href":"https:\/\/www.europesays.com\/fr\/wp-json\/wp\/v2\/posts\/299927","targetHints":{"allow":["GET"]}}],"collection":[{"href":"https:\/\/www.europesays.com\/fr\/wp-json\/wp\/v2\/posts"}],"about":[{"href":"https:\/\/www.europesays.com\/fr\/wp-json\/wp\/v2\/types\/post"}],"author":[{"embeddable":true,"href":"https:\/\/www.europesays.com\/fr\/wp-json\/wp\/v2\/users\/2"}],"replies":[{"embeddable":true,"href":"https:\/\/www.europesays.com\/fr\/wp-json\/wp\/v2\/comments?post=299927"}],"version-history":[{"count":0,"href":"https:\/\/www.europesays.com\/fr\/wp-json\/wp\/v2\/posts\/299927\/revisions"}],"wp:featuredmedia":[{"embeddable":true,"href":"https:\/\/www.europesays.com\/fr\/wp-json\/wp\/v2\/media\/299928"}],"wp:attachment":[{"href":"https:\/\/www.europesays.com\/fr\/wp-json\/wp\/v2\/media?parent=299927"}],"wp:term":[{"taxonomy":"category","embeddable":true,"href":"https:\/\/www.europesays.com\/fr\/wp-json\/wp\/v2\/categories?post=299927"},{"taxonomy":"post_tag","embeddable":true,"href":"https:\/\/www.europesays.com\/fr\/wp-json\/wp\/v2\/tags?post=299927"}],"curies":[{"name":"wp","href":"https:\/\/api.w.org\/{rel}","templated":true}]}}