{"id":299931,"date":"2025-08-06T08:18:11","date_gmt":"2025-08-06T08:18:11","guid":{"rendered":"https:\/\/www.europesays.com\/fr\/299931\/"},"modified":"2025-08-06T08:18:11","modified_gmt":"2025-08-06T08:18:11","slug":"la-france-premier-importateur-de-biere-en-europe","status":"publish","type":"post","link":"https:\/\/www.europesays.com\/fr\/299931\/","title":{"rendered":"La France, premier importateur de bi\u00e8re en Europe"},"content":{"rendered":"<p>Selon Eurostat, en 2024, les\u00a027\u00a0pays de l&rsquo;Union europ\u00e9enne ont produit 34,7\u00a0milliards de litres de bi\u00e8re\u00a0: 32,7\u00a0milliards contenant plus de 0,5\u00a0% d&rsquo;alcool\u00a0et 2\u00a0milliards contenant moins de 0,5\u00a0% d&rsquo;alcool ou sans alcool. L&rsquo;Allemagne est le premier producteur de bi\u00e8re alcoolis\u00e9e de l&rsquo;UE, avec 7,2\u00a0milliards de litres, devant l&rsquo;Espagne (4\u00a0milliards), la Pologne (3,4\u00a0milliards), les Pays-Bas (2,2\u00a0milliards), la Belgique (2,1\u00a0milliards) et la <a class=\"Link\" href=\"https:\/\/www.lepoint.fr\/tags\/france\" data-gtm=\"click:capsule\" data-capsule=\"Lien\" rel=\"nofollow noopener\" target=\"_blank\">France<\/a> (2\u00a0milliards).<\/p>\n<p>Avec 1,5\u00a0milliard de litres, les Pays-Bas sont le premier pays exportateur de bi\u00e8re alcoolis\u00e9e de l&rsquo;UE, devant l&rsquo;Allemagne et la Belgique (1,4\u00a0milliard chacune), la Tch\u00e9quie (0,6\u00a0milliard) et l&rsquo;Irlande (0,5\u00a0milliard).\u00a0La France est, de son c\u00f4t\u00e9, le premier importateur de bi\u00e8re alcoolis\u00e9e (0,8\u00a0milliard de litres en 2024), devant l&rsquo;Italie (0,7\u00a0milliard).<\/p>\n<p>33 litres de bi\u00e8re par an bus par un Fran\u00e7ais<\/p>\n<p>\n\u00c0 D\u00e9couvrir<br \/>\n<strong class=\"discover-kangourou__line\"><br \/>\n<img decoding=\"async\" class=\"discover-kangourou__img\" src=\"https:\/\/static.lpnt.fr\/static\/img\/kangourou\/kangourou_filled.svg\"\/><br \/>\n<strong class=\"discover-kangourou__txt\"><br \/>\n<strong>Le Kangourou du jour<\/strong><br \/>\n<a href=\"https:\/\/kangourou.lepoint.fr\" title=\"kangourou\" data-gtm-cta=\"kangourou_article\" class=\"discover-kangourou__lnk\" rel=\"nofollow noopener\" target=\"_blank\"><br \/>\nR\u00e9pondre<br \/>\n<\/a><br \/>\n<\/strong><br \/>\n<\/strong><br \/>\n\u00c0 l&rsquo;\u00e9chelle mondiale, et selon les donn\u00e9es annuelles \u00e9tablies par Kirin Holdings, la Chine est le pays o\u00f9 l&rsquo;on boit le plus de bi\u00e8re (37,7\u00a0milliards de litres en 2023), devant les \u00c9tats-Unis (21,4\u00a0milliards), le Br\u00e9sil (15,1\u00a0milliards), le Mexique (10,2\u00a0milliards) et la Russie (8,7\u00a0milliards). La France se situe au 17e rang mondial, avec 2,1\u00a0milliards de litres.<\/p>\n<p>C&rsquo;est en Tch\u00e9quie que la consommation de bi\u00e8re par habitant est la plus \u00e9lev\u00e9e au monde (152,1 litres en 2023), devant l&rsquo;Autriche (106,5 litres), la Lituanie (103,3 litres), l&rsquo;Irlande (100,6 litres), la Croatie (94,2 litres) et l&rsquo;Espagne (93 litres). Elle\u00a0est, par ailleurs, de 88,8 litres en Allemagne, 65,5 litres au Royaume-Uni, 63,1 litres aux \u00c9tats-Unis et 57,7 litres en Belgique. Avec une consommation annuelle de\u00a033\u00a0litres de bi\u00e8re par habitant, la France arrive tr\u00e8s loin derri\u00e8re et n&rsquo;occupe que la 58e place mondiale, l&rsquo;Inde se situant, quant \u00e0 elle, au 101e rang (2,1 litres).<\/p>\n<p>Toute l\u2019actualit\u00e9 \u00e0 1\u20ac le premier mois<\/p>\n<p><a href=\"https:\/\/abo.lepoint.fr\/?provenance=21EDI020098\" class=\"btn\" title=\"S&#039;abonner\" data-gtm=\"click:abo|display:abo\" data-campaign=\"paywall_maison\" rel=\"nofollow noopener\" target=\"_blank\">S&rsquo;abonner<\/a><\/p>\n<p>ou<\/p>\n","protected":false},"excerpt":{"rendered":"Selon Eurostat, en 2024, les\u00a027\u00a0pays de l&rsquo;Union europ\u00e9enne ont produit 34,7\u00a0milliards de litres de bi\u00e8re\u00a0: 32,7\u00a0milliards contenant plus&hellip;\n","protected":false},"author":2,"featured_media":299932,"comment_status":"","ping_status":"","sticky":false,"template":"","format":"standard","meta":{"footnotes":""},"categories":[1587],"tags":[11,672,1804,1805,1803,1777,674,1801,12,1802],"class_list":{"0":"post-299931","1":"post","2":"type-post","3":"status-publish","4":"format-standard","5":"has-post-thumbnail","7":"category-allemagne","8":"tag-actualites","9":"tag-allemagne","10":"tag-bundesrepublik-deutschland","11":"tag-de","12":"tag-deutschland","13":"tag-eu","14":"tag-europe","15":"tag-germany","16":"tag-news","17":"tag-republique-federale-dallemagne"},"share_on_mastodon":{"url":"https:\/\/pubeurope.com\/@fr\/114980841457927620","error":""},"_links":{"self":[{"href":"https:\/\/www.europesays.com\/fr\/wp-json\/wp\/v2\/posts\/299931","targetHints":{"allow":["GET"]}}],"collection":[{"href":"https:\/\/www.europesays.com\/fr\/wp-json\/wp\/v2\/posts"}],"about":[{"href":"https:\/\/www.europesays.com\/fr\/wp-json\/wp\/v2\/types\/post"}],"author":[{"embeddable":true,"href":"https:\/\/www.europesays.com\/fr\/wp-json\/wp\/v2\/users\/2"}],"replies":[{"embeddable":true,"href":"https:\/\/www.europesays.com\/fr\/wp-json\/wp\/v2\/comments?post=299931"}],"version-history":[{"count":0,"href":"https:\/\/www.europesays.com\/fr\/wp-json\/wp\/v2\/posts\/299931\/revisions"}],"wp:featuredmedia":[{"embeddable":true,"href":"https:\/\/www.europesays.com\/fr\/wp-json\/wp\/v2\/media\/299932"}],"wp:attachment":[{"href":"https:\/\/www.europesays.com\/fr\/wp-json\/wp\/v2\/media?parent=299931"}],"wp:term":[{"taxonomy":"category","embeddable":true,"href":"https:\/\/www.europesays.com\/fr\/wp-json\/wp\/v2\/categories?post=299931"},{"taxonomy":"post_tag","embeddable":true,"href":"https:\/\/www.europesays.com\/fr\/wp-json\/wp\/v2\/tags?post=299931"}],"curies":[{"name":"wp","href":"https:\/\/api.w.org\/{rel}","templated":true}]}}