{"id":299939,"date":"2025-08-06T08:22:12","date_gmt":"2025-08-06T08:22:12","guid":{"rendered":"https:\/\/www.europesays.com\/fr\/299939\/"},"modified":"2025-08-06T08:22:12","modified_gmt":"2025-08-06T08:22:12","slug":"homme-eviscere-pres-damiens-ce-que-dit-le-parquet-sur-cette-affaire","status":"publish","type":"post","link":"https:\/\/www.europesays.com\/fr\/299939\/","title":{"rendered":"Homme \u00e9visc\u00e9r\u00e9 pr\u00e8s d\u2019Amiens, ce que dit le parquet sur cette affaire"},"content":{"rendered":"<p>        <img decoding=\"async\" loading=\"lazy\" src=\"https:\/\/www.europesays.com\/fr\/wp-content\/uploads\/2025\/08\/fa648c3_sirius-fs-upload-1-i4uovpzk0qyr-1742043665461-000-372a7g2.jpg\"  width=\"728\" height=\"410\" alt=\"Homme \u00e9visc\u00e9r\u00e9 pr\u00e8s d\u2019Amiens, ce que dit le parquet sur cette affaire\"\/>  <\/p>\n<p>GABRIEL BOUYS \/ AFP<\/p>\n<p>Homme \u00e9visc\u00e9r\u00e9 pr\u00e8s d\u2019Amiens, ce que dit le parquet sur cette affaire<\/p>\n<p class=\"asset asset-text\">FAITS DIVERS &#8211; Au lendemain de la d\u00e9couverte d\u2019un corps terriblement mutil\u00e9 pr\u00e8s <a href=\"https:\/\/www.huffingtonpost.fr\/politique\/article\/a-amiens-la-maire-brigitte-foure-prend-un-arrete-pour-interdire-la-mendicite-en-centre-ville_233194.html\" rel=\"nofollow noopener\" target=\"_blank\">d\u2019Amiens<\/a>, le parquet a donn\u00e9 plus de pr\u00e9cisions sur cette affaire. Dans un communiqu\u00e9 publi\u00e9 mardi 5\u00a0ao\u00fbt au soir, il a \u00e9t\u00e9 annonc\u00e9 qu\u2019un suspect a \u00e9t\u00e9 interpell\u00e9 et plac\u00e9 en garde \u00e0 vue.<\/p>\n<p class=\"asset asset-text\">Alors qu\u2019un homme a \u00e9t\u00e9 retrouv\u00e9 \u00e9gorg\u00e9 et \u00e9visc\u00e9r\u00e9 dans un parc lundi, un individu de 27\u00a0ans a \u00e9t\u00e9 identifi\u00e9 notamment par un t\u00e9l\u00e9phone portable.<\/p>\n<p class=\"asset asset-text\">Le suspect, inconnu des services <a href=\"https:\/\/www.huffingtonpost.fr\/faits-divers\/article\/a-paris-apres-une-violente-tirade-antisemite-dans-le-metro-un-homme-recherche-par-la-police_238425.html\" rel=\"nofollow noopener\" target=\"_blank\">de police <\/a>et de justice, a \u00e9t\u00e9 identifi\u00e9 gr\u00e2ce \u00e0 \u00ab\u00a0un certain nombre d\u2019\u00e9l\u00e9ments, dont un t\u00e9l\u00e9phone portable trouv\u00e9 non loin du corps, aboutissant \u00e0 (son) arrestation\u00a0\u00bb, \u00e9crit le parquet d\u2019Amiens, qui a ouvert une enqu\u00eate pour homicide volontaire.<\/p>\n<p class=\"asset asset-text\">Il a \u00e9t\u00e9 arr\u00eat\u00e9 \u00ab\u00a0dans la r\u00e9gion ami\u00e9noise\u00a0\u00bb, avait pr\u00e9cis\u00e9 mardi matin une source proche de l\u2019enqu\u00eate \u00e0 l\u2019AFP, confirmant une information du Parisien.<\/p>\n<p class=\"asset asset-text\">Aussi, la victime \u00ab\u00a0\u00e9tait domicili\u00e9e dans le m\u00eame quartier que la personne en garde \u00e0 vue sans qu\u2019il soit, en l\u2019\u00e9tat des investigations, \u00e9tabli qu\u2019ils se connaissaient\u00a0\u00bb, selon le parquet.<\/p>\n<p>    Comme un film \u00ab\u00a0gore\u00a0\u00bb    <\/p>\n<p class=\"asset asset-text\">Le cadavre atrocement mutil\u00e9 d\u2019un homme de 32\u00a0ans avait \u00e9t\u00e9 d\u00e9couvert lundi vers 7\u00a0heures du matin, par une jeune femme qui promenait son chien dans un parc bois\u00e9 et habituellement paisible de Pont-de-Metz, une petite commune voisine d\u2019Amiens.<\/p>\n<p class=\"asset asset-text\">Le corps, \u00ab\u00a0\u00e9visc\u00e9r\u00e9 (&#8230;), se trouvait allong\u00e9 sur le sol, les bras positionn\u00e9s en arri\u00e8re, de part et d\u2019autre de la t\u00eate\u00a0\u00bb, souligne le parquet, alors qu\u2019une source polici\u00e8re avait initialement parl\u00e9 d\u2019un corps \u00ab\u00a0mis en sc\u00e8ne en position de croix\u00a0\u00bb.<\/p>\n<p class=\"asset asset-text\">Il portait \u00ab\u00a0plusieurs plaies commises \u00e0 l\u2019arme blanche\u00a0\u00bb et \u00ab\u00a0l\u2019autopsie, r\u00e9alis\u00e9e ce jour (mardi, NDLR), a confirm\u00e9 que le d\u00e9c\u00e8s \u00e9tait cons\u00e9cutif \u00e0 plusieurs coups port\u00e9s au niveau du c\u0153ur et du bas du visage et a confirm\u00e9 l\u2019existence d\u2019une plaie b\u00e9ante au niveau du ventre\u00a0\u00bb, toujours selon le parquet.<\/p>\n<p class=\"asset asset-text\">Les policiers ont \u00e9t\u00e9 \u00ab\u00a0tr\u00e8s marqu\u00e9s par ce qu\u2019ils ont d\u00e9couvert\u00a0\u00bb, c\u2019\u00e9tait comme un film \u00ab\u00a0gore\u00a0\u00bb, avait d\u00e9clar\u00e9 lundi \u00e0 la presse le maire de Pont-de-Metz, Lo\u00efc Bulant. La victime \u00e9tait originaire d\u2019Amiens, selon l\u2019\u00e9lu.<\/p>\n","protected":false},"excerpt":{"rendered":"GABRIEL BOUYS \/ AFP Homme \u00e9visc\u00e9r\u00e9 pr\u00e8s d\u2019Amiens, ce que dit le parquet sur cette affaire FAITS DIVERS&hellip;\n","protected":false},"author":2,"featured_media":299940,"comment_status":"","ping_status":"","sticky":false,"template":"","format":"standard","meta":{"footnotes":""},"categories":[2],"tags":[11,24738,6744,118,1011,27,12,1072,25],"class_list":{"0":"post-299939","1":"post","2":"type-post","3":"status-publish","4":"format-standard","5":"has-post-thumbnail","7":"category-actualites","8":"tag-actualites","9":"tag-amiens","10":"tag-assassinat","11":"tag-faits-divers","12":"tag-fr","13":"tag-france","14":"tag-news","15":"tag-police","16":"tag-republique-francaise"},"share_on_mastodon":{"url":"https:\/\/pubeurope.com\/@fr\/114980857102142181","error":""},"_links":{"self":[{"href":"https:\/\/www.europesays.com\/fr\/wp-json\/wp\/v2\/posts\/299939","targetHints":{"allow":["GET"]}}],"collection":[{"href":"https:\/\/www.europesays.com\/fr\/wp-json\/wp\/v2\/posts"}],"about":[{"href":"https:\/\/www.europesays.com\/fr\/wp-json\/wp\/v2\/types\/post"}],"author":[{"embeddable":true,"href":"https:\/\/www.europesays.com\/fr\/wp-json\/wp\/v2\/users\/2"}],"replies":[{"embeddable":true,"href":"https:\/\/www.europesays.com\/fr\/wp-json\/wp\/v2\/comments?post=299939"}],"version-history":[{"count":0,"href":"https:\/\/www.europesays.com\/fr\/wp-json\/wp\/v2\/posts\/299939\/revisions"}],"wp:featuredmedia":[{"embeddable":true,"href":"https:\/\/www.europesays.com\/fr\/wp-json\/wp\/v2\/media\/299940"}],"wp:attachment":[{"href":"https:\/\/www.europesays.com\/fr\/wp-json\/wp\/v2\/media?parent=299939"}],"wp:term":[{"taxonomy":"category","embeddable":true,"href":"https:\/\/www.europesays.com\/fr\/wp-json\/wp\/v2\/categories?post=299939"},{"taxonomy":"post_tag","embeddable":true,"href":"https:\/\/www.europesays.com\/fr\/wp-json\/wp\/v2\/tags?post=299939"}],"curies":[{"name":"wp","href":"https:\/\/api.w.org\/{rel}","templated":true}]}}