{"id":299943,"date":"2025-08-06T08:26:10","date_gmt":"2025-08-06T08:26:10","guid":{"rendered":"https:\/\/www.europesays.com\/fr\/299943\/"},"modified":"2025-08-06T08:26:10","modified_gmt":"2025-08-06T08:26:10","slug":"petit-contretemps-pour-une-recrue-du-rugby-club-toulonnais","status":"publish","type":"post","link":"https:\/\/www.europesays.com\/fr\/299943\/","title":{"rendered":"Petit contretemps pour une recrue du Rugby Club Toulonnais !"},"content":{"rendered":"<p>Alors que les nouveaux visages affluent sur la pelouse du Rugby Club Toulonnais en ce d\u00e9but de pr\u00e9paration estivale, un joueur manque \u00e0 l\u2019appel, suscitant l\u2019\u00e9tonnement des fid\u00e8les pr\u00e9sents aux abords du terrain.<\/p>\n<p>L\u2019un des renforts les plus attendus de l\u2019effectif, \u00e0 savoir l\u2019international Italien Juan Ignacio Brex, ne s\u2019est toujours pas montr\u00e9 en action aux c\u00f4t\u00e9s de ses co\u00e9quipiers.<\/p>\n<p>Mesurant pr\u00e8s d\u20191,90 m\u00e8tre pour un peu moins de 100 kilos, l\u2019ancien pensionnaire du championnat anglais rassure cependant sur son \u00e9tat physique.<\/p>\n<p><strong>Via <a href=\"https:\/\/www.varmatin.com\/sport\/c-est-comme-un-reve-d-etre-a-toulon-l-international-italien-juan-ignacio-brex-euphorique-a-propos-de-son-arrivee-au-rct-996999?t=1754465169\" rel=\"nofollow noopener\" target=\"_blank\">Var-matin<\/a>, il a expliqu\u00e9 la raison de son absence. Extrait:<\/strong><\/p>\n<p>\u00ab J\u2019ai eu un tout petit p\u00e9pin au quadriceps. Ce n\u2019\u00e9tait m\u00eame pas vraiment une blessure, mais on m\u2019a arr\u00eat\u00e9 pendant dix jours. Je reviendrai s\u00fbrement jeudi avec l\u2019\u00e9quipe. \u00bb<\/p>\n<p>Une reprise progressive est pr\u00e9vue, le staff pr\u00e9f\u00e9rant jouer la carte de la prudence. M\u00eame s\u2019il ne sera peut-\u00eatre pas op\u00e9rationnel \u00e0 plein r\u00e9gime imm\u00e9diatement, le joueur se veut rassurant sur la suite.<\/p>\n<p>Il estime pouvoir reprendre cette semaine avec le groupe puis s\u2019entrainer \u00e0 100% d\u00e8s la semaine prochaine.<\/p>\n<p>Sauf p\u00e9pin de derni\u00e8re minute, il pourra donc postuler pour les matches amicaux de pr\u00e9saison.<\/p>\n","protected":false},"excerpt":{"rendered":"Alors que les nouveaux visages affluent sur la pelouse du Rugby Club Toulonnais en ce d\u00e9but de pr\u00e9paration&hellip;\n","protected":false},"author":2,"featured_media":299944,"comment_status":"","ping_status":"","sticky":false,"template":"","format":"standard","meta":{"footnotes":""},"categories":[1416],"tags":[1011,27,479,1468,60],"class_list":{"0":"post-299943","1":"post","2":"type-post","3":"status-publish","4":"format-standard","5":"has-post-thumbnail","7":"category-rugby","8":"tag-fr","9":"tag-france","10":"tag-rugby","11":"tag-rugby-football","12":"tag-sports"},"share_on_mastodon":{"url":"https:\/\/pubeurope.com\/@fr\/114980872789778063","error":""},"_links":{"self":[{"href":"https:\/\/www.europesays.com\/fr\/wp-json\/wp\/v2\/posts\/299943","targetHints":{"allow":["GET"]}}],"collection":[{"href":"https:\/\/www.europesays.com\/fr\/wp-json\/wp\/v2\/posts"}],"about":[{"href":"https:\/\/www.europesays.com\/fr\/wp-json\/wp\/v2\/types\/post"}],"author":[{"embeddable":true,"href":"https:\/\/www.europesays.com\/fr\/wp-json\/wp\/v2\/users\/2"}],"replies":[{"embeddable":true,"href":"https:\/\/www.europesays.com\/fr\/wp-json\/wp\/v2\/comments?post=299943"}],"version-history":[{"count":0,"href":"https:\/\/www.europesays.com\/fr\/wp-json\/wp\/v2\/posts\/299943\/revisions"}],"wp:featuredmedia":[{"embeddable":true,"href":"https:\/\/www.europesays.com\/fr\/wp-json\/wp\/v2\/media\/299944"}],"wp:attachment":[{"href":"https:\/\/www.europesays.com\/fr\/wp-json\/wp\/v2\/media?parent=299943"}],"wp:term":[{"taxonomy":"category","embeddable":true,"href":"https:\/\/www.europesays.com\/fr\/wp-json\/wp\/v2\/categories?post=299943"},{"taxonomy":"post_tag","embeddable":true,"href":"https:\/\/www.europesays.com\/fr\/wp-json\/wp\/v2\/tags?post=299943"}],"curies":[{"name":"wp","href":"https:\/\/api.w.org\/{rel}","templated":true}]}}