{"id":299954,"date":"2025-08-06T08:33:20","date_gmt":"2025-08-06T08:33:20","guid":{"rendered":"https:\/\/www.europesays.com\/fr\/299954\/"},"modified":"2025-08-06T08:33:20","modified_gmt":"2025-08-06T08:33:20","slug":"le-rappeur-niro-bouleversant-en-evoquant-lautisme-de-son-fils-il-na-pas-de-copains-il-sera-isole-toute-sa-vie","status":"publish","type":"post","link":"https:\/\/www.europesays.com\/fr\/299954\/","title":{"rendered":"Le rappeur Niro bouleversant en \u00e9voquant l\u2019autisme de son fils : \u00ab\u00a0Il n\u2019a pas de copains, il sera isol\u00e9 toute sa vie\u00a0\u00bb"},"content":{"rendered":"<p>      R\u00e9sum\u00e9<\/p>\n<p>Niro partage avec \u00e9motion son combat et ses doutes face \u00e0 l&rsquo;autisme de son fils Wahid, un diagnostic qui a transform\u00e9 la vie de la famille.<\/p>\n<p>        Sommaire<\/p>\n<p><strong>Le 16 janvier 2016, Niro devenait papa pour la seconde fois.<\/strong> <a href=\"https:\/\/www.instagram.com\/niro_compteofficiel\/?hl=fr\" target=\"_blank\" rel=\"noopener\">Sur ses r\u00e9seaux sociaux<\/a>, <a href=\"https:\/\/www.public.fr\/tag\/rappeur\" target=\"_blank\" rel=\"noopener\">le rappeur<\/a> alors \u00e2g\u00e9 de 28 ans d\u00e9clarait : \u00ab\u00a0Je tenais \u00e0 vous annoncer l&rsquo;arriv\u00e9e de mon deuxi\u00e8me gar\u00e7on. Souhaitons la bienvenue au petit Wahid. Papa deux fois en un an. C&rsquo;est bon, j&rsquo;arr\u00eate\u00a0\u00bb. Malheureusement, les ann\u00e9es passant, Niro et son \u00e9pouse sont rendu compte que Wahid ne grandissait pas comme les autres enfants. A l&rsquo;\u00e2ge de quatre ans, <strong>le diagnostic est enfin tomb\u00e9&#8230; Wahid est autiste<\/strong>.<\/p>\n<p>Invit\u00e9 d&rsquo;Alexandra Roost sur YouTube, le rappeur est revenu sur ce bouleversement. Aujourd&rsquo;hui \u00e2g\u00e9 de 38 ans, le p\u00e8re de famille a mis des ann\u00e9es avant d&rsquo;accepter la vie \u00e0 laquelle se pr\u00e9destinait son fils. <strong>Car s&rsquo;il a aujourd&rsquo;hui 9 ans, Wahid n&rsquo;est pas un gar\u00e7on comme les autres<\/strong>, et ne le sera jamais. Une r\u00e9alit\u00e9 que Niro a eu beaucoup de mal \u00e0 accepter, et qui le poursuit encore aujourd&rsquo;hui. <\/p>\n<p>Niro avait compris le souci d\u00e8s l&rsquo;\u00e2ge de 18 mois<\/p>\n<p>\u00ab\u00a0Quand j&rsquo;ai appris la mauvaise nouvelle (\u2026) j&rsquo;ai pas fait un d\u00e9ni mais j&rsquo;ai rejet\u00e9 \u00e7a. <strong>Je n&rsquo;acceptais pas le fait qu&rsquo;il serait pas comme les autres<\/strong>, entre guillemets. Dans la norme. Moi, ce qui me faisait le plus mal, il \u00e9tait isol\u00e9. Il n&rsquo;a pas de copains\u00a0\u00bb a d\u00e9clar\u00e9 avec beaucoup d&rsquo;\u00e9motion Niro. Le p\u00e8re de famille a <strong>\u00ab\u00a0sombr\u00e9 pendant tr\u00e8s longtemps, peut-\u00eatre trois ans\u00a0\u00bb<\/strong>&#8230; avant de finalement se relever, doucement et difficilement.<\/p>\n<p>S&rsquo;il a d\u00fb attendre l&rsquo;\u00e2ge de quatre ans pour avoir le diagnostic de <a href=\"https:\/\/vsd.fr\/25318-reportage-le-monde-selon-noah-autiste\/\" target=\"_blank\" rel=\"noopener\">trouble du spectre de l&rsquo;autisme<\/a> pos\u00e9, Niro le pressentait toutefois depuis de longues ann\u00e9es&#8230;<strong> \u00ab\u00a0D\u00e8s l&rsquo;\u00e2ge de dix-huit mois, je savais\u00a0\u00bb<\/strong> <strong>a assur\u00e9 l&rsquo;artiste<\/strong>. Si la maman, elle, s&rsquo;est confort\u00e9e dans un d\u00e9ni, lui \u00e9tait persuad\u00e9 que leur enfant ne grandissait pas normalement&#8230;<\/p>\n<p>Une chanson en h\u00e9ritage<\/p>\n<p>Aujourd&rsquo;hui, Niro affronte un quotidien plus difficile que n&rsquo;importe quel parent : \u00ab\u00a0Et puis \u00e7a m&rsquo;a fait mal d&rsquo;appeler mon fils, qu&rsquo;il me r\u00e9ponde pas. Tu ne sais pas ce qu&rsquo;il ressent, c&rsquo;est le pire. Tu ne sais pas ce qu&rsquo;il pense (\u2026) Ils ont des \u00e9motions, elles sont exacerb\u00e9es. <strong>Mais le fait est qu&rsquo;il soit isol\u00e9 pour le restant de sa vie, \u00e7a m&rsquo;a fait mal au c\u0153ur<\/strong>\u00a0\u00bb a expliqu\u00e9 le chanteur. Pour son fils, il a \u00e9crit Le lion blanc en 2021, un morceau qu&rsquo;il n&rsquo;arrive toujours pas \u00e0 \u00e9couter&#8230;<\/p>\n<p>      Mentionn\u00e9s dans cet article<\/p>\n<p>      Sur le m\u00eame sujet<\/p>\n<p>  <script async src=\"\/\/www.instagram.com\/embed.js\"><\/script><\/p>\n","protected":false},"excerpt":{"rendered":"R\u00e9sum\u00e9 Niro partage avec \u00e9motion son combat et ses doutes face \u00e0 l&rsquo;autisme de son fils Wahid, un&hellip;\n","protected":false},"author":2,"featured_media":299955,"comment_status":"","ping_status":"","sticky":false,"template":"","format":"standard","meta":{"footnotes":""},"categories":[1359],"tags":[8187,58,847,59,1011,27,2173,973,6198],"class_list":{"0":"post-299954","1":"post","2":"type-post","3":"status-publish","4":"format-standard","5":"has-post-thumbnail","7":"category-people","8":"tag-autisme","9":"tag-divertissement","10":"tag-enfant","11":"tag-entertainment","12":"tag-fr","13":"tag-france","14":"tag-interview","15":"tag-people","16":"tag-rappeur"},"share_on_mastodon":{"url":"https:\/\/pubeurope.com\/@fr\/114980900337079586","error":""},"_links":{"self":[{"href":"https:\/\/www.europesays.com\/fr\/wp-json\/wp\/v2\/posts\/299954","targetHints":{"allow":["GET"]}}],"collection":[{"href":"https:\/\/www.europesays.com\/fr\/wp-json\/wp\/v2\/posts"}],"about":[{"href":"https:\/\/www.europesays.com\/fr\/wp-json\/wp\/v2\/types\/post"}],"author":[{"embeddable":true,"href":"https:\/\/www.europesays.com\/fr\/wp-json\/wp\/v2\/users\/2"}],"replies":[{"embeddable":true,"href":"https:\/\/www.europesays.com\/fr\/wp-json\/wp\/v2\/comments?post=299954"}],"version-history":[{"count":0,"href":"https:\/\/www.europesays.com\/fr\/wp-json\/wp\/v2\/posts\/299954\/revisions"}],"wp:featuredmedia":[{"embeddable":true,"href":"https:\/\/www.europesays.com\/fr\/wp-json\/wp\/v2\/media\/299955"}],"wp:attachment":[{"href":"https:\/\/www.europesays.com\/fr\/wp-json\/wp\/v2\/media?parent=299954"}],"wp:term":[{"taxonomy":"category","embeddable":true,"href":"https:\/\/www.europesays.com\/fr\/wp-json\/wp\/v2\/categories?post=299954"},{"taxonomy":"post_tag","embeddable":true,"href":"https:\/\/www.europesays.com\/fr\/wp-json\/wp\/v2\/tags?post=299954"}],"curies":[{"name":"wp","href":"https:\/\/api.w.org\/{rel}","templated":true}]}}