{"id":299956,"date":"2025-08-06T08:34:10","date_gmt":"2025-08-06T08:34:10","guid":{"rendered":"https:\/\/www.europesays.com\/fr\/299956\/"},"modified":"2025-08-06T08:34:10","modified_gmt":"2025-08-06T08:34:10","slug":"lincroyable-chateau-aux-gargouilles-dun-ingenieur-ecossais-a-plabennec","status":"publish","type":"post","link":"https:\/\/www.europesays.com\/fr\/299956\/","title":{"rendered":"L\u2019incroyable \u00ab ch\u00e2teau aux gargouilles \u00bb d&rsquo;un ing\u00e9nieur \u00e9cossais \u00e0 Plabennec"},"content":{"rendered":"<p>Le manoir de la famille Addams existe. Il est \u00e0 Plabennec. Il faut dire qu\u2019avec ses statues de chiens ail\u00e9s, ses vitraux color\u00e9s et ses \u00e9normes gargouilles grima\u00e7antes, cette b\u00e2tisse qu\u2019on appelle le ch\u00e2teau de Leuhan semble tout droit sortie d\u2019un film aux accents gothiques. Longtemps abandonn\u00e9e derri\u00e8re de hauts murs d\u2019enceinte, perdue dans un jardin o\u00f9 la nature reprenait peu \u00e0 peu ses droits, elle a \u00e9t\u00e9 la coqueluche des amateurs d\u2019urbex, ces explorateurs de lieux en d\u00e9sh\u00e9rence. Sensations fortes garanties quand on d\u00e9bouche sur le toit, o\u00f9 des bustes de monstres en pierre semblent surveiller les points cardinaux en grima\u00e7ant. Mais qui a bien pu avoir envie de b\u00e2tir au milieu de la campagne ce qui ressemble \u00e0 un ch\u00e2teau hant\u00e9 \u00e9cossais ? La r\u00e9ponse est simple : un \u00c9cossais.<\/p>\n<p>Une fortune due \u00e0 l\u2019usine de gaz de Brest<\/p>\n<p>L\u2019\u00e9dification de cette maison incroyable est due \u00e0 la famille Burnett Stears. Le p\u00e8re n\u2019est autre que l\u2019ing\u00e9nieur ayant fait construire l\u2019usine de gaz qui alimente les r\u00e9verb\u00e8res de Brest, et c\u2019est de l\u00e0 que vient la fortune familiale. La r\u00e9alisation est confi\u00e9e \u00e0 Victor Lapierre, un sculpteur brestois, architecte et entrepreneur en granit, dont le nom est pour le moins pr\u00e9destin\u00e9. C\u2019est d\u00e9j\u00e0 lui qui a construit en 1860, au sommet de la falaise de Saint-Marc, le ch\u00e2teau brestois de Ker Stears, devenu depuis le lyc\u00e9e F\u00e9nelon.<\/p>\n<p>En 1882, le beau pavillon de chasse h\u00e9riss\u00e9 de gargouilles est achev\u00e9. Il surplombe 8,76\u00a0ha de terres d\u00e9limit\u00e9es par une rivi\u00e8re.<\/p>\n<blockquote><p>Une affaire qui a inspir\u00e9 \u00e0 Maurice Leblanc un chapitre d\u2019Ars\u00e8ne Lupin<\/p><\/blockquote>\n<p>John Burnett Stears Junior et <a href=\"https:\/\/www.letelegramme.fr\/finistere\/brest-29200\/brest-et-ses-personnalites-qui-suis-je-23-184179.php\" target=\"_blank\" rel=\"noopener\">sa femme, B\u00e9atrice Antoinette Charlotte Denis de K\u00e9r\u00e9dern de Trobriand<\/a>, une Franco-Am\u00e9ricaine n\u00e9e \u00e0 New York, y coulent des jours heureux. Jusqu\u2019\u00e0 ce que John Junior d\u00e9c\u00e8de en 1888. En 1900, B\u00e9atrice de Trobriand se remarie avec le comte Olivier Marie-Joseph de Rodellec du Portzic. Ces noms vous disent quelque chose ? Normal : ce couple sera au c\u0153ur de <a href=\"https:\/\/www.letelegramme.fr\/finistere\/brest-29200\/histoires-extraordinaires-de-brest-143-scandale-au-manoir-le-diamant-bleu-a-disparu-6389666.php\" target=\"_blank\" rel=\"noopener\">la rocambolesque disparition du Diamant bleu<\/a>, une affaire qui a inspir\u00e9 \u00e0 Maurice Leblanc un chapitre d\u2019Ars\u00e8ne Lupin (*)\u2026<\/p>\n<p>Vandalis\u00e9 puis rachet\u00e9 en 2022<\/p>\n<p>\u00c0 l\u2019abandon depuis juin 2015, le ch\u00e2teau de Leuhan devient la proie de vandales qui br\u00fblent des meubles d\u00e9cor\u00e9s de figures mythologiques, brisent des vitraux et arrachent une partie des superbes mosa\u00efques qui d\u00e9coraient son int\u00e9rieur. Un des grands chiens de pierre qui veillent sur l\u2019entr\u00e9e est m\u00eame d\u00e9capit\u00e9. Une association tente de racheter le lieu pour le restaurer et en faire un espace ouvert \u00e0 tous. En vain. En 2022, un acheteur priv\u00e9 acquiert le b\u00e2timent et son parc pour 217 000 \u20ac. Rendra-t-il son \u00e9clat \u00e0 l\u2019\u00e9sot\u00e9rique ch\u00e2teau de Leuhan ?<\/p>\n<p class=\"note\">* Histoires extraordinaires de Brest, tome\u00a01<\/p>\n","protected":false},"excerpt":{"rendered":"Le manoir de la famille Addams existe. Il est \u00e0 Plabennec. Il faut dire qu\u2019avec ses statues de&hellip;\n","protected":false},"author":2,"featured_media":299957,"comment_status":"","ping_status":"","sticky":false,"template":"","format":"standard","meta":{"footnotes":""},"categories":[1358],"tags":[1348,1384,1385,3450,1386,58,59,1011,27,44031,22312],"class_list":{"0":"post-299956","1":"post","2":"type-post","3":"status-publish","4":"format-standard","5":"has-post-thumbnail","7":"category-arts-et-design","8":"tag-arts","9":"tag-arts-and-design","10":"tag-arts-et-design","11":"tag-brest","12":"tag-design","13":"tag-divertissement","14":"tag-entertainment","15":"tag-fr","16":"tag-france","17":"tag-histoires-extraordinaires-de-brest","18":"tag-plabennec"},"share_on_mastodon":{"url":"https:\/\/pubeurope.com\/@fr\/114980904323277205","error":""},"_links":{"self":[{"href":"https:\/\/www.europesays.com\/fr\/wp-json\/wp\/v2\/posts\/299956","targetHints":{"allow":["GET"]}}],"collection":[{"href":"https:\/\/www.europesays.com\/fr\/wp-json\/wp\/v2\/posts"}],"about":[{"href":"https:\/\/www.europesays.com\/fr\/wp-json\/wp\/v2\/types\/post"}],"author":[{"embeddable":true,"href":"https:\/\/www.europesays.com\/fr\/wp-json\/wp\/v2\/users\/2"}],"replies":[{"embeddable":true,"href":"https:\/\/www.europesays.com\/fr\/wp-json\/wp\/v2\/comments?post=299956"}],"version-history":[{"count":0,"href":"https:\/\/www.europesays.com\/fr\/wp-json\/wp\/v2\/posts\/299956\/revisions"}],"wp:featuredmedia":[{"embeddable":true,"href":"https:\/\/www.europesays.com\/fr\/wp-json\/wp\/v2\/media\/299957"}],"wp:attachment":[{"href":"https:\/\/www.europesays.com\/fr\/wp-json\/wp\/v2\/media?parent=299956"}],"wp:term":[{"taxonomy":"category","embeddable":true,"href":"https:\/\/www.europesays.com\/fr\/wp-json\/wp\/v2\/categories?post=299956"},{"taxonomy":"post_tag","embeddable":true,"href":"https:\/\/www.europesays.com\/fr\/wp-json\/wp\/v2\/tags?post=299956"}],"curies":[{"name":"wp","href":"https:\/\/api.w.org\/{rel}","templated":true}]}}