{"id":299966,"date":"2025-08-06T08:39:10","date_gmt":"2025-08-06T08:39:10","guid":{"rendered":"https:\/\/www.europesays.com\/fr\/299966\/"},"modified":"2025-08-06T08:39:10","modified_gmt":"2025-08-06T08:39:10","slug":"lozempic-pourrait-avoir-un-effet-secondaire-inattendu-sur-lage-biologique","status":"publish","type":"post","link":"https:\/\/www.europesays.com\/fr\/299966\/","title":{"rendered":"L&rsquo;Ozempic pourrait avoir un effet secondaire inattendu sur l&rsquo;\u00e2ge biologique"},"content":{"rendered":"<p>Dans la qu\u00eate \u00e9ternelle de la jeunesse, la m\u00e9decine tente aujourd&rsquo;hui de freiner, voire d&rsquo;inverser notre \u00e2ge biologique\u00a0\u2013c&rsquo;est-\u00e0-dire celui de nos cellules, souvent diff\u00e9rent de notre \u00e2ge r\u00e9el. Un nom fait une apparition surprise dans ce domaine: l&rsquo;Ozempic. Ce m\u00e9dicament, d\u00e9j\u00e0 bien connu pour son efficacit\u00e9 dans le traitement du diab\u00e8te et de l&rsquo;ob\u00e9sit\u00e9, pourrait aussi devenir une nouvelle arme contre le vieillissement, <a href=\"https:\/\/www.newscientist.com\/article\/2490174-ozempic-really-could-turn-back-the-clock-on-your-biological-age\/\" target=\"_blank\" rel=\"nofollow noopener\">rapporte le magazine hebdomadaire New Scientist<\/a>.<\/p>\n<p>En effet, l&rsquo;Ozempic contient une mol\u00e9cule active, la s\u00e9maglutide, qui est \u00e0 l&rsquo;origine d&rsquo;une d\u00e9couverte r\u00e9cente. Ce traitement, utilis\u00e9 principalement contre le diab\u00e8te de type 2 et r\u00e9cemment <a href=\"https:\/\/www.slate.fr\/sante\/adolescents-etats-unis-ozempic-wegovy-perte-poids-sante-effets-secondaires-dangers-regime\" target=\"_blank\" rel=\"nofollow noopener\">pour la perte de poids<\/a>, semble aussi ralentir le vieillissement cellulaire. Jusque-l\u00e0, ce soup\u00e7on reposait surtout sur des exp\u00e9riences animales et des observations humaines incompl\u00e8tes. Mais pour la premi\u00e8re fois, un essai clinique apporte une preuve de cet effet.<\/p>\n<p>Il est important de pr\u00e9ciser que ce travail scientifique est une pr\u00e9publication <a href=\"https:\/\/www.medrxiv.org\/about\/FAQ#unrefereed\" rel=\"nofollow noopener\" target=\"_blank\">qui n&rsquo;a pas encore \u00e9t\u00e9 \u00e9valu\u00e9e par les pairs<\/a>. Il est donc \u00e0 prendre avec pr\u00e9caution, les r\u00e9sultats devant encore \u00eatre recoup\u00e9s et confirm\u00e9s.<\/p>\n<p>        <img decoding=\"async\" alt=\"Abonnez-vous gratuitement \u00e0 la newsletter de Slate !\" loading=\"lazy\" class=\"ms-4 ms-md-0\" width=\"82\" height=\"82\" src=\"https:\/\/www.slate.fr\/assets\/newsletter-dd7c4ea7fb4ce45aacc56875521d4bde7ec4ba23f0a0ae088566df808b3a80c3.svg\"\/><br \/>\n        Abonnez-vous gratuitement \u00e0 la newsletter de Slate !Les articles sont s\u00e9lectionn\u00e9s pour vous, en fonction de vos centres d\u2019int\u00e9r\u00eat, tous les jours dans votre bo\u00eete mail.<\/p>\n<p>Une diminution moyenne de 3,1 ans<\/p>\n<p>Pour mesurer l&rsquo;\u00e2ge biologique, les scientifiques se servent d&rsquo;horloges \u00e9pig\u00e9n\u00e9tiques. Il s&rsquo;agit de techniques qui analysent l&rsquo;\u00e9tat chimique de notre <a href=\"https:\/\/www.slate.fr\/dossier\/4393\/adn\" class=\"tag-link\" rel=\"nofollow noopener\" target=\"_blank\">ADN<\/a>, particuli\u00e8rement les marques de m\u00e9thylation, qui \u00e9voluent avec l&rsquo;\u00e2ge. Selon le mode de vie, il est donc possible d&rsquo;avoir un \u00e2ge biologique inf\u00e9rieur ou sup\u00e9rieur \u00e0 son \u00e2ge r\u00e9el.<\/p>\n<p>Pour mener <a href=\"https:\/\/www.medrxiv.org\/content\/10.1101\/2025.07.09.25331038v1\" target=\"_blank\" rel=\"nofollow noopener\">leur \u00e9tude<\/a>, des scientifiques ont \u00e9tudi\u00e9 les horloges \u00e9pig\u00e9n\u00e9tiques de 108 personnes atteintes de lipohypertrophie associ\u00e9e au VIH (une maladie responsable d&rsquo;un vieillissement acc\u00e9l\u00e9r\u00e9 des cellules). Gr\u00e2ce \u00e0 des analyses de sang, les chercheurs ont constat\u00e9 une diminution moyenne de 3,1 ans de l&rsquo;\u00e2ge biologique chez les personnes sous s\u00e9maglutide\u00a0\u2013alors qu&rsquo;aucun changement significatif n&rsquo;\u00e9tait visible dans le groupe placebo. Le ralentissement du vieillissement se manifestait aussi dans plusieurs organes, en particulier le cerveau (jusqu&rsquo;\u00e0 cinq ans de rajeunissement) et le syst\u00e8me immunitaire.<\/p>\n<p>Selon les chercheurs qui ont men\u00e9 l&rsquo;\u00e9tude, cet effet de rajeunissement de l&rsquo;\u00e2ge biologique viendrait de l&rsquo;action du m\u00e9dicament sur la r\u00e9partition des graisses et sur la <a href=\"https:\/\/www.slate.fr\/dossier\/233\/sante\" class=\"tag-link\" rel=\"nofollow noopener\" target=\"_blank\">sant\u00e9<\/a> m\u00e9tabolique. La graisse autour des organes produit des mol\u00e9cules qui acc\u00e9l\u00e8rent le vieillissement, modifiant notre ADN. L&rsquo;Ozempic r\u00e9duirait \u00e9galement l&rsquo;inflammation chronique, consid\u00e9r\u00e9e comme un moteur majeur du vieillissement cellulaire.<\/p>\n<p>M\u00eame si l&rsquo;\u00e9tude concernait des patients atteints du VIH, les chercheurs pensent que ces effets pourraient s&rsquo;observer dans la population g\u00e9n\u00e9rale car les m\u00e9canismes biologiques \u00e9tudi\u00e9s d\u00e9passent le simple cadre du VIH. Si les r\u00e9sultats de cette \u00e9tude venaient \u00e0 \u00eatre confirm\u00e9s, cela pourrait ouvrir la voie \u00e0 une nouvelle g\u00e9n\u00e9ration de <a href=\"https:\/\/www.slate.fr\/dossier\/2915\/medicaments\" class=\"tag-link\" rel=\"nofollow noopener\" target=\"_blank\">m\u00e9dicaments<\/a> anti-\u00e2ge issus de traitements d\u00e9j\u00e0 existants, plus rapidement accessible et avec moins de risques d&rsquo;effets ind\u00e9sirables.<\/p>\n","protected":false},"excerpt":{"rendered":"Dans la qu\u00eate \u00e9ternelle de la jeunesse, la m\u00e9decine tente aujourd&rsquo;hui de freiner, voire d&rsquo;inverser notre \u00e2ge biologique\u00a0\u2013c&rsquo;est-\u00e0-dire&hellip;\n","protected":false},"author":2,"featured_media":299967,"comment_status":"","ping_status":"","sticky":false,"template":"","format":"standard","meta":{"footnotes":""},"categories":[10],"tags":[1011,27,72,71],"class_list":{"0":"post-299966","1":"post","2":"type-post","3":"status-publish","4":"format-standard","5":"has-post-thumbnail","7":"category-sante","8":"tag-fr","9":"tag-france","10":"tag-health","11":"tag-sante"},"share_on_mastodon":{"url":"https:\/\/pubeurope.com\/@fr\/114980924042894007","error":""},"_links":{"self":[{"href":"https:\/\/www.europesays.com\/fr\/wp-json\/wp\/v2\/posts\/299966","targetHints":{"allow":["GET"]}}],"collection":[{"href":"https:\/\/www.europesays.com\/fr\/wp-json\/wp\/v2\/posts"}],"about":[{"href":"https:\/\/www.europesays.com\/fr\/wp-json\/wp\/v2\/types\/post"}],"author":[{"embeddable":true,"href":"https:\/\/www.europesays.com\/fr\/wp-json\/wp\/v2\/users\/2"}],"replies":[{"embeddable":true,"href":"https:\/\/www.europesays.com\/fr\/wp-json\/wp\/v2\/comments?post=299966"}],"version-history":[{"count":0,"href":"https:\/\/www.europesays.com\/fr\/wp-json\/wp\/v2\/posts\/299966\/revisions"}],"wp:featuredmedia":[{"embeddable":true,"href":"https:\/\/www.europesays.com\/fr\/wp-json\/wp\/v2\/media\/299967"}],"wp:attachment":[{"href":"https:\/\/www.europesays.com\/fr\/wp-json\/wp\/v2\/media?parent=299966"}],"wp:term":[{"taxonomy":"category","embeddable":true,"href":"https:\/\/www.europesays.com\/fr\/wp-json\/wp\/v2\/categories?post=299966"},{"taxonomy":"post_tag","embeddable":true,"href":"https:\/\/www.europesays.com\/fr\/wp-json\/wp\/v2\/tags?post=299966"}],"curies":[{"name":"wp","href":"https:\/\/api.w.org\/{rel}","templated":true}]}}