{"id":29999,"date":"2025-04-16T21:21:13","date_gmt":"2025-04-16T21:21:13","guid":{"rendered":"https:\/\/www.europesays.com\/fr\/29999\/"},"modified":"2025-04-16T21:21:13","modified_gmt":"2025-04-16T21:21:13","slug":"la-police-a-besoin-de-vous","status":"publish","type":"post","link":"https:\/\/www.europesays.com\/fr\/29999\/","title":{"rendered":"la police a besoin de vous"},"content":{"rendered":"<p>            Par<br \/>\n        <strong><br \/>\n            <a href=\"https:\/\/actu.fr\/auteur\/margot-fournie\" title=\"Consulter tous les articles de Margot Fournie\" rel=\"nofollow noopener\" target=\"_blank\">Margot Fournie<\/a><br \/>\n        <\/strong><\/p>\n<p>        Publi\u00e9 le<\/p>\n<p>            16 avr. 2025 \u00e0 17h59        <\/p>\n<p>Estelle Lapp, une femme \u00e2g\u00e9e de 51\u00a0ans, a \u00e9t\u00e9 vue pour<strong> la derni\u00e8re fois le 14\u00a0avril<\/strong>, \u00e0 13h30. Elle se trouvait alors dans les <strong>parages de l\u2019H\u00f4pital civil<\/strong> de <a href=\"https:\/\/actu.fr\/strasbourg\/\" rel=\"nofollow noopener\" target=\"_blank\">Strasbourg<\/a>.<\/p>\n<p class=\" wall-content\">La police nationale a publi\u00e9 un <a href=\"https:\/\/actu.fr\/tag\/appel-a-temoins\" rel=\"nofollow noopener\" target=\"_blank\">appel \u00e0 t\u00e9moins<\/a> pour <a href=\"https:\/\/actu.fr\/tag\/disparition\" rel=\"nofollow noopener\" target=\"_blank\">disparition inqui\u00e9tante<\/a>.<\/p>\n<p>Une femme mince avec les cheveux gris port\u00e9e disparue<\/p>\n<p class=\" wall-content\">Dans son post sur X, la police nationale d\u00e9crit Estelle Lapp comme une \u00ab\u2009femme avec les cheveux gris, de corpulence mince et <strong>mesurant 1m68<\/strong>.\u2009\u00bb<\/p>\n<p class=\" wall-content\">\n<p class=\" wall-content\">Le jour de sa disparition, toujours selon ce m\u00eame post, elle portait une <strong>doudoune verte,<\/strong> \u00ab\u2009un <strong>foulard turquoise<\/strong> et un sac \u00e0 dos brun.\u2009\u00bb<\/p>\n<p>Elle avait l\u2019air d\u00e9sorient\u00e9e la derni\u00e8re fois qu\u2019elle a \u00e9t\u00e9 vue<\/p>\n<p class=\" wall-content\">Il y est \u00e9galement pr\u00e9cis\u00e9 que la derni\u00e8re fois qu\u2019elle a \u00e9t\u00e9 vue, elle avait \u00ab<strong>\u2009l\u2019air d\u00e9sorient\u00e9e<\/strong> lors de ses d\u00e9placements.\u2009\u00bb<\/p>\n<p>Vid\u00e9os : en ce moment sur Actu<\/p>\n<p class=\" wall-content\">Si vous avez des informations, contactez sans attendre le <strong>03\u200990\u200923\u200915\u200923<\/strong> ou <strong>le 17<\/strong>.<\/p>\n<p class=\" wall-content\">Suivez toute l\u2019actualit\u00e9 de vos villes et m\u00e9dias favoris en vous inscrivant \u00e0 <a href=\"https:\/\/moncompte.actu.fr\" title=\"D\u00e9couvez Mon Actu\" rel=\"nofollow noopener\" data-trk=\"{&quot;cta&quot;:{&quot;action&quot;:&quot;https:\\\/\\\/moncompte.actu.fr&quot;,&quot;category&quot;:&quot;mon compte&quot;,&quot;from&quot;:&quot;article footer&quot;,&quot;name&quot;:&quot;Mon actu&quot;,&quot;type&quot;:&quot;cta&quot;}}\" target=\"_blank\">Mon Actu<\/a>.<\/p>\n<ul class=\"ac-article-tag wall-content\">\n<li><a href=\"https:\/\/actu.fr\/tag\/disparition\" data-trk=\"{&quot;cta&quot;:{&quot;action&quot;:&quot;Disparition inqui\\u00e9tante&quot;,&quot;category&quot;:&quot;tag&quot;,&quot;from&quot;:&quot;article footer&quot;,&quot;name&quot;:&quot;Disparition inqui\\u00e9tante&quot;,&quot;type&quot;:&quot;cta&quot;}}\" rel=\"nofollow noopener\" target=\"_blank\">#Disparition inqui\u00e9tante<\/a><\/li>\n<li><a href=\"https:\/\/actu.fr\/tag\/police\" data-trk=\"{&quot;cta&quot;:{&quot;action&quot;:&quot;Police&quot;,&quot;category&quot;:&quot;tag&quot;,&quot;from&quot;:&quot;article footer&quot;,&quot;name&quot;:&quot;Police&quot;,&quot;type&quot;:&quot;cta&quot;}}\" rel=\"nofollow noopener\" target=\"_blank\">#Police<\/a><\/li>\n<\/ul>\n","protected":false},"excerpt":{"rendered":"Par Margot Fournie Publi\u00e9 le 16 avr. 2025 \u00e0 17h59 Estelle Lapp, une femme \u00e2g\u00e9e de 51\u00a0ans, a&hellip;\n","protected":false},"author":2,"featured_media":30000,"comment_status":"","ping_status":"","sticky":false,"template":"","format":"standard","meta":{"footnotes":""},"categories":[2820],"tags":[1111,11,3676,1777,674,118,1011,27,775,12,1072,25,640],"class_list":{"0":"post-29999","1":"post","2":"type-post","3":"status-publish","4":"format-standard","5":"has-post-thumbnail","7":"category-strasbourg","8":"tag-actu","9":"tag-actualites","10":"tag-disparition-inquietante","11":"tag-eu","12":"tag-europe","13":"tag-faits-divers","14":"tag-fr","15":"tag-france","16":"tag-grand-est","17":"tag-news","18":"tag-police","19":"tag-republique-francaise","20":"tag-strasbourg"},"share_on_mastodon":{"url":"https:\/\/pubeurope.com\/@fr\/114349741432067674","error":""},"_links":{"self":[{"href":"https:\/\/www.europesays.com\/fr\/wp-json\/wp\/v2\/posts\/29999","targetHints":{"allow":["GET"]}}],"collection":[{"href":"https:\/\/www.europesays.com\/fr\/wp-json\/wp\/v2\/posts"}],"about":[{"href":"https:\/\/www.europesays.com\/fr\/wp-json\/wp\/v2\/types\/post"}],"author":[{"embeddable":true,"href":"https:\/\/www.europesays.com\/fr\/wp-json\/wp\/v2\/users\/2"}],"replies":[{"embeddable":true,"href":"https:\/\/www.europesays.com\/fr\/wp-json\/wp\/v2\/comments?post=29999"}],"version-history":[{"count":0,"href":"https:\/\/www.europesays.com\/fr\/wp-json\/wp\/v2\/posts\/29999\/revisions"}],"wp:featuredmedia":[{"embeddable":true,"href":"https:\/\/www.europesays.com\/fr\/wp-json\/wp\/v2\/media\/30000"}],"wp:attachment":[{"href":"https:\/\/www.europesays.com\/fr\/wp-json\/wp\/v2\/media?parent=29999"}],"wp:term":[{"taxonomy":"category","embeddable":true,"href":"https:\/\/www.europesays.com\/fr\/wp-json\/wp\/v2\/categories?post=29999"},{"taxonomy":"post_tag","embeddable":true,"href":"https:\/\/www.europesays.com\/fr\/wp-json\/wp\/v2\/tags?post=29999"}],"curies":[{"name":"wp","href":"https:\/\/api.w.org\/{rel}","templated":true}]}}