{"id":299994,"date":"2025-08-06T08:56:13","date_gmt":"2025-08-06T08:56:13","guid":{"rendered":"https:\/\/www.europesays.com\/fr\/299994\/"},"modified":"2025-08-06T08:56:13","modified_gmt":"2025-08-06T08:56:13","slug":"david-carre-le-president-nous-a-garanti-quon-naura-pas-le-meme-effectif-dans-un-mois","status":"publish","type":"post","link":"https:\/\/www.europesays.com\/fr\/299994\/","title":{"rendered":"David Carr\u00e9 : \u00ab\u00a0Le pr\u00e9sident nous a garanti qu&rsquo;on n&rsquo;aura pas le m\u00eame effectif dans un mois\u00a0\u00bb"},"content":{"rendered":"<p>L&rsquo;objectif annonc\u00e9 par le pr\u00e9sident Michel Mallet il y a plusieurs semaines de finir dans le premier tiers du classement, la p\u00e9nurie d&rsquo;attaquants apr\u00e8s les nombreux d\u00e9parts enregistr\u00e9s durant le mercato, l&rsquo;anonymat dans lequel \u00e9volue son club en comparaison de la ferveur qui accompagne le voisin du FCR&#8230; Pour sa deuxi\u00e8me saison \u00e0 la t\u00eate de Quevilly-Rouen M\u00e9tropole, David Carr\u00e9 va de nouveau tenter de stabiliser les \u00ab Rouge et Jaune \u00bb en National. Mais pour ne pas vivre un exercice gal\u00e8re, le technicien a absolument besoin de renforts.<\/p>\n<p>        <img loading=\"lazy\" width=\"1300\" height=\"915\" src=\"data:image\/svg+xml,%3Csvg%20xmlns=\" http:=\"\" class=\"attachment-post-thumbnail size-post-thumbnail wp-post-image\" alt=\"Alors que QRM a termin\u00e9 la saison sur une tr\u00e8s bonne dynamique, les d\u00e9parts plombent la reprise des joueurs de David Carr\u00e9, dont l'attaque s'effrite au fur et \u00e0 mesure que mercato s'\u00e9coule. \u00a9Rapha\u00ebl Forgues \/ QRM\" decoding=\"async\" data-lazy- data-lazy- data-lazy-src=\"https:\/\/www.europesays.com\/fr\/wp-content\/uploads\/2025\/08\/qrm-david-carre-01-07-2025.jpg\"\/><\/p>\n<p>Alors que QRM a termin\u00e9 la saison sur une tr\u00e8s bonne dynamique, les d\u00e9parts plombent la reprise des joueurs de David Carr\u00e9, dont l&rsquo;attaque s&rsquo;effrite au fur et \u00e0 mesure que mercato s&rsquo;\u00e9coule. \u00a9Rapha\u00ebl Forgues \/ QRM<\/p>\n<p><strong>Fin juin, \u00e0 la veille de la reprise de l&rsquo;entra\u00eenement, votre pr\u00e9sident Michel Mallet a \u00e9voqu\u00e9 chez nos confr\u00e8res de Paris-Normandie un objectif ambitieux pour QRM : finir dans le premier tiers du classement. Votre \u00e9quipe a-t-elle, <strong>aujourd&rsquo;hui<\/strong>, les moyens d&rsquo;assouvir cette ambition ?<\/strong><\/p>\n<p>\u00ab\u00a0Le pr\u00e9sident nous a aussi garanti que l&rsquo;effectif qu&rsquo;on aura dans un mois (\u00e0 la fin du mercato) ne sera pas le m\u00eame qu&rsquo;aujourd&rsquo;hui, \u00e0 la fin de pr\u00e9paration. Cet objectif annonc\u00e9, il faut l&rsquo;envisager \u00e0 long terme dans la saison, il ne faut pas se focaliser dessus. Nous, on se concentre pour r\u00e9aliser le meilleur d\u00e9but de saison possible. Sachant qu\u2019on a une entame qui n&rsquo;est pas facile puisque sur les quatre premiers matchs, on a quand m\u00eame Caen et Ajaccio(1) \u00e0 domicile, un d\u00e9placement \u00e0 Paris 13 qui est toujours p\u00e9rilleux et on se rend aussi \u00e0 Villefranche. Maintenant, il est clair que sur le papier, pour atteindre cet objectif de finir dans le premier tiers, il va falloir se renforcer\u00a0\u00bb.<\/p>\n<p>(1)Maintenu sportivement en Ligue 2, mais r\u00e9trograd\u00e9 administrativement par la DNCG en National en raison de sa situation financi\u00e8re, l&rsquo;AC Ajaccio n&rsquo;a toujours pas pr\u00e9sent\u00e9 les garanties n\u00e9cessaires \u00e0 la poursuite de son existence en troisi\u00e8me division.<\/p>\n<p><strong>Alors que vous avez lutt\u00e9 pour votre maintien jusqu\u2019au bout la saison derni\u00e8re, cet objectif ne para\u00eet-il pas d\u00e9mesur\u00e9 ?<\/strong><\/p>\n<p>\u00ab\u00a0On a jou\u00e9 le maintien jusqu&rsquo;\u00e0 la derni\u00e8re journ\u00e9e, mais au bout du compte, les points, on les avait apr\u00e8s la victoire contre le FC Rouen (J30. 2-1), \u00e7a nous suffisait. Par contre, quand on regarde, et je l&rsquo;avais d\u00e9j\u00e0 mentionn\u00e9, sur les 11 derniers matchs de championnat, donc apr\u00e8s la d\u00e9faite contre Le Mans (J23. 2-1), on est quatri\u00e8me ! Je ne parle m\u00eame pas des cinq derni\u00e8res journ\u00e9es, o\u00f9 l\u00e0, on est troisi\u00e8me. Apr\u00e8s la d\u00e9faite au Mans, on savait qu&rsquo;on jouait le maintien et rien d&rsquo;autre, et on s&rsquo;est focalis\u00e9 l\u00e0-dessus. Les chiffres montrent que les joueurs ont bien r\u00e9pondu et ont v\u00e9cu quelque chose d&rsquo;important ensemble. Quand vous terminez quatri\u00e8me sur les 11 derniers matchs, vous vous dites qu\u2019en renfor\u00e7ant un peu cet effectif, peut-\u00eatre qu&rsquo;on peut terminer dans le premier tiers. Maintenant, il y a la conjoncture \u00e9conomique. Aujourd&rsquo;hui, ce sont les finances qui dirigent le sportif. Et par rapport \u00e0 \u00e7a, on ne peut que s\u2019adapter\u00a0\u00bb.\u00a0<\/p>\n<blockquote class=\"wp-block-quote has-text-align-center is-layout-flow wp-block-quote-is-layout-flow\">\n<p>\u00ab\u00a0La saison derni\u00e8re, sur les 11 derniers matchs, on est quatri\u00e8me (&#8230;) Vous vous dites qu&rsquo;en renfor\u00e7ant un peu cet effectif&#8230;\u00a0\u00bb<\/p>\n<\/blockquote>\n<p><strong>Quels enseignements avez-vous tir\u00e9 justement de l&rsquo;exercice pr\u00e9c\u00e9dent, votre premier en tant que coach d\u2019un club \u00ab <strong>pro<\/strong><\/strong> <strong>\u00bb ?<\/strong><\/p>\n<p>\u00ab\u00a0S&rsquo;il y avait un regret par rapport \u00e0 cette saison, ce serait peut-\u00eatre ne pas avoir vu que l&rsquo;\u00e9quipe avait manqu\u00e9 de ressources au mois de janvier. Peut-\u00eatre qu&rsquo;\u00e0 ce moment-l\u00e0, on aurait d\u00fb insister pour avoir des doublons, notamment aux postes de pistons, parce que le gros trou d&rsquo;air qu&rsquo;on a eu en janvier-f\u00e9vrier, o\u00f9 on ne prend que deux points en six matchs, c&rsquo;est apr\u00e8s la suspension de Kapo Sylva. Le National, c\u2019est un championnat long, qui n\u00e9cessite d&rsquo;avoir un effectif doubl\u00e9. Notamment, lorsque vous jouez avec des pistons, un poste assez \u00e9nergivore. Peut-\u00eatre qu\u2019\u00e0 cette p\u00e9riode, on a loup\u00e9 une \u00e9tape en ignorant certains voyants, en se disant que \u00e7a allait passer, alors qu&rsquo;on aurait d\u00fb se renforcer. Surtout que \u00e7a nous arrive le 7 f\u00e9vrier, une semaine apr\u00e8s la fin du mercato. Et Kapo Sylva prend dix matchs de suspension(2)\u00a0\u00bb.<\/p>\n<p>(2)Apr\u00e8s avoir expuls\u00e9 face \u00e0 Bourg-en-Bresse (J20) pour s&rsquo;\u00eatre accroch\u00e9 avec un adversaire, Kapo Sylva a \u00e9cop\u00e9 de six matchs de suspension ; une sanction \u00e0 laquelle se sont ajout\u00e9s quatre autres matchs pour avoir pari\u00e9, ce qui est formellement interdit pour un joueur professionnelle.<\/p>\n<p><strong>Si on vous compare \u00e0 votre voisin du FC Rouen, Quevilly-Rouen vit dans un certain anonymat. Est-ce que cela ne constitue pas un frein \u00e0 la performance ?<\/strong><\/p>\n<p>\u00ab\u00a0Il y a des choses qui sont plut\u00f4t positives dans cette situation. Mais d\u2019un autre c\u00f4t\u00e9, c&rsquo;est vrai que cette ferveur vous manque par rapport \u00e0 l&rsquo;\u00e9quipe. Avoir disput\u00e9 par exemple le derby retour contre le FC Rouen comme si c&rsquo;\u00e9tait \u00ab\u00a0\u00e0 l\u2019ext\u00e9rieur \u00bb alors qu&rsquo;on \u00e9tait \u00e0 domicile a r\u00e9volt\u00e9 mes joueurs dans la pr\u00e9paration du match. Apr\u00e8s, ce qui para\u00eet comme un obstacle, il faut le transformer en une source de motivation suppl\u00e9mentaire. Il est \u00e9vident qu&rsquo;on n&rsquo;aura jamais la ferveur du FC Rouen. C&rsquo;est s\u00fbr que \u00e7a impacte certaines performances. Jouer \u00e0 domicile pour nous, ce n\u2019est pas forc\u00e9ment la m\u00eame chose que pour d&rsquo;autres clubs. On le sait, on l\u2019a touch\u00e9 du doigt et pour motiver les joueurs sur la dur\u00e9e, il faut trouver d&rsquo;autres alternatives. Il y a le sens de la responsabilit\u00e9 des joueurs. Et je pense que dans ce domaine, on n&rsquo;a pas failli. Apr\u00e8s, les gens qui nous supportent, ils sont fid\u00e8les, ils sont l\u00e0 tous les jours. On les conna\u00eet, ils sont joyeux. On leur dit bonjour tous les jours, parfois, je reste un peu plus de temps avec eux pour discuter\u00a0\u00bb.<\/p>\n<p><strong>Avec les d\u00e9parts d\u2019Isaac Tshipamba (sept buts, une passe d\u00e9cisive), de Belkacem Dali-Amar (six buts, six passes d\u00e9cisives) et derni\u00e8rement de Yassin Fortun\u00e9 (cinq buts, deux passes d\u00e9cisives), trois joueurs qui pesaient pr\u00e8s de 60 % de vos buts marqu\u00e9s la saison derni\u00e8re, votre attaque est compl\u00e8tement \u00e0 reconstruire&#8230;<\/strong><\/p>\n<blockquote class=\"wp-block-quote has-text-align-center is-layout-flow wp-block-quote-is-layout-flow\">\n<p>\u00ab\u00a0Durant la pr\u00e9pa, l&rsquo;animation offensive a \u00e9t\u00e9 un probl\u00e8me un peu r\u00e9current pour d\u00e9s\u00e9quilibreR l&rsquo;adversaire et \u00eatre bon dans la finition\u00a0\u00bb<\/p>\n<\/blockquote>\n<p>\u00ab\u00a0C&rsquo;est clair. En plus, pour d\u00e9buter le championnat, Yankuba Jarju est encore suspendu trois matchs (sur un total de sept qu&rsquo;il avait \u00e9cop\u00e9). Et puis par rapport aux restrictions budg\u00e9taires qui touchent le club, il fait partie des joueurs qui pourraient partir. Si on prend en compte le temps de jeu, il arrivait plut\u00f4t en troisi\u00e8me position dans la hi\u00e9rarchie de nos attaquants, derri\u00e8re Yassin Fortun\u00e9 et Isaac Tshipamba. Noah Adekalom \u00e9tait quatri\u00e8me. Belkacem Dali-Amar, lui, jouait n\u00b0 10. Si Yankuba Jarju est l\u00e0, on va compter sur lui. De toute fa\u00e7on, aujourd&rsquo;hui, on a peu de monde dans ce domaine. Durant nos matchs de pr\u00e9paration, l\u2019animation offensive a \u00e9t\u00e9 un probl\u00e8me un peu r\u00e9current. Pas forc\u00e9ment dans le fait de se cr\u00e9er des occasions, mais plus pour d\u00e9s\u00e9quilibrer l&rsquo;adversaire dans le dernier tiers du terrain et \u00eatre bon dans la finition. On cherche des solutions. Avec mon adjoint Gr\u00e9gory Scaffa, la saison pass\u00e9e, tous les week-ends, on \u00e9tait \u00e0 Lozai pour observer les \u00e9quipes de jeunes (U17-U19) et la r\u00e9serve (R1). D&rsquo;ailleurs, on a fait monter dix jeunes au d\u00e9but de la pr\u00e9pa. Il en reste sept actuellement. Dedans, il y a l&rsquo;attaquant des moins de 17 ans, Warren C\u00e9dille. Il n&rsquo;a que 16 ans, il f\u00eatera ses 17 ans le mois prochain. Il a fait quatre matchs de pr\u00e9pa avec nous, alors qu\u2019il n\u2019a jamais jou\u00e9 avec les moins de 19 ans. Le gap est \u00e9norme, mais aujourd\u2019hui, sur le papier, c\u2019est notre troisi\u00e8me attaquant, peut-\u00eatre m\u00eame le deuxi\u00e8me\u00a0\u00bb.<\/p>\n<p><strong>Est-ce qu\u2019au niveau du mercato, vous vous attendez \u00e0 une fin aussi mouvement\u00e9e que l\u2019an dernier, o\u00f9 quatre joueurs \u00e9taient partis la derni\u00e8re semaine d\u2019ao\u00fbt ?<\/strong><\/p>\n<p>\u00ab\u00a0Oui, parce que le pr\u00e9sident m\u2019y a pr\u00e9par\u00e9. Il y a toujours un c\u00f4t\u00e9 frustrant pour l\u2019entra\u00eeneur, je ne parle pas forc\u00e9ment de moi, mais en g\u00e9n\u00e9ral. L\u2019ann\u00e9e derni\u00e8re, il y a eu 18 arriv\u00e9es sur 21 joueurs. C&rsquo;\u00e9tait \u00e9norme. Il restait Kayne Bonnevie, Nadjib Ciss\u00e9 et Th\u00e9o Pionnier de la saison pr\u00e9c\u00e9dente. L\u00e0, en d\u00e9fense, on perd Nadjib Ciss\u00e9 et Ahmed Soihili. Ce dernier est remplac\u00e9 par Yasser Bald\u00e9. Par rapport au caract\u00e8re (dans le sens leadership), il le remplace de mani\u00e8re positive. Et puis, encore une fois notre attaque\u2026 Quand vous mettez un projet de jeu en place avec des principes bien d\u00e9finis, et que vous vous dites que vous partez avec tant de recrues la premi\u00e8re ann\u00e9e, apr\u00e8s il suffira d&rsquo;un ou deux r\u00e9ajustements. Aujourd&rsquo;hui, ce n\u2019est pas propre \u00e0 QRM, c\u2019est notre m\u00e9tier et cette division-l\u00e0 o\u00f9 le championnat et les effectifs sont illisibles, m\u00eame au cours d&rsquo;une saison. Le Mans a montr\u00e9 l&rsquo;ann\u00e9e derni\u00e8re que la stabilit\u00e9 \u00e9tait la recette de la r\u00e9ussite. Il avait cette stabilit\u00e9 et \u00e7a a fini par payer\u00a0\u00bb.<\/p>\n<p>David Carr\u00e9 n&rsquo;a pas d&rsquo;alternative, il va devoir int\u00e9grer des jeunes<\/p>\n<p><img loading=\"lazy\" decoding=\"async\" width=\"1024\" height=\"721\" src=\"data:image\/svg+xml,%3Csvg%20xmlns=\" http:=\"\" alt=\"\u00c0 l'image de Warren C\u00e9dille, 16 ans seulement, et deuxi\u00e8me avant uniquement disponible, David Carr\u00e9 ne va pas avoir le choix que de donner du temps de jeu \u00e0 des jeunes \u00e0 peine pr\u00eats \u00e0 jouer \u00e0 ce niveau. \u00a9 Rapha\u00ebl Forgues \/ QRM\" class=\"wp-image-46873\" data-lazy- data-lazy- data-lazy-src=\"https:\/\/www.europesays.com\/fr\/wp-content\/uploads\/2025\/08\/qrm-warren-cedille-01-07-2025-1024x721.jpg\"\/><\/p>\n<p>Du haut de ses 16 ans, Warren C\u00e9dille est le deuxi\u00e8me attaquant disponible dans l&rsquo;effectif de David Carr\u00e9. \u00a9Rapha\u00ebl Forgues \/ QRM<\/p>\n<p>\u00c0 l&rsquo;image de Warren C\u00e9dille qui, \u00e0 16 ans, est avec Noah Adekalom le seul attaquant \u00ab\u00a0de m\u00e9tier\u00a0\u00bb disponible pour la premi\u00e8re journ\u00e9e de championnat, David Carr\u00e9 va devoir faire de la place aux jeunes en ce d\u00e9but de saison. Alors qu&rsquo;il en avait convoqu\u00e9 une dizaine \u00e0 la reprise de l&rsquo;entra\u00eenement le 1er juillet, le technicien en comptait encore sept dans son groupe ces derniers jours. \u00ab\u00a0Affirmer aujourd\u2019hui \u00ab\u00a0ce jeune est pr\u00eat\u00a0\u00bb, je ne peux pas le faire. On ne peut pas demander \u00e0 un gamin qui vient de R1, ou des U19 d\u2019\u00eatre tout de suite op\u00e9rationnel pour jouer National 1. L&rsquo;ann\u00e9e derni\u00e8re, quand on \u00e9tait en manque d\u2019effectif, il y a des gar\u00e7ons qui s&rsquo;entra\u00eenaient r\u00e9guli\u00e8rement avec nous et qui sont entr\u00e9s en championnat. Ruben Rosa en d\u00e9but de saison, puis S\u00e9kou Traor\u00e9 sur le dernier match qui a jou\u00e9 un quart d\u2019heure. Il est clair que cette ann\u00e9e, \u00e7a ne va pas se limiter \u00e0 un quart d&rsquo;heure\u00a0\u00bb.<\/p>\n<p>Alors que son effectif est encore loin d&rsquo;afficher complet, l&rsquo;ex-formateur \u00e0 l&rsquo;AJ Auxerre n&rsquo;a pas d&rsquo;autres choix que de les int\u00e9grer rapidement. \u00ab\u00a0Cette saison, ils vont pouvoir montrer ce qu&rsquo;ils savent faire. \u00c7a va venir naturellement. Souvent, les meilleurs jeunes donnent tout sur la pr\u00e9pa et apr\u00e8s, ils s\u2019essoufflent. Et ensuite, on dit qu&rsquo;ils ne sont pas pr\u00eats. Non, il faut qu&rsquo;ils dig\u00e8rent tout \u00e7a\u00a0\u00bb. Idem pour les recrues qui arrivent de divisions inf\u00e9rieures et qui vont devoir se mettre au niveau tr\u00e8s rapidement. \u00ab\u00a0Ibrahima Samoura montre qu&rsquo;il peut tenir une heure sur les matchs amicaux, mais apr\u00e8s, c&rsquo;est plus difficile pour lui. Les jeunes, le probl\u00e8me n\u2019est pas forc\u00e9ment sur la partie course ou agressivit\u00e9, c&rsquo;est plus la technique. On parle d&rsquo;\u00e9motions aussi. Ce n&rsquo;est pas facile d\u2019entrer en jeu \u00e0 ce niveau\u00a0\u00bb.\u00a0<\/p>\n<blockquote class=\"wp-block-quote has-text-align-center is-layout-flow wp-block-quote-is-layout-flow\">\n<p>\u00ab\u00a0Entre la R1 et la N1, vous avez presque 160 clubs, environ 4 000 joueurs qui, sur le papier, sont plus forts que vous\u00a0\u00bb<\/p>\n<\/blockquote>\n<p>Le pass\u00e9 d&rsquo;\u00e9ducateur de David Carr\u00e9 facilite l&rsquo;int\u00e9gration des jeunes g\u00e9n\u00e9rations au sein de son groupe. \u00ab\u00a0C&rsquo;est une partie que j&rsquo;aime bien, j&rsquo;ai cette vocation. Les joueurs le savent, s\u2019ils sont bons, ils jouent. Quand je suis arriv\u00e9 \u00e0 QRM, Kayne Bonnevie devait partir. Apr\u00e8s quelques semaines d&rsquo;entra\u00eenement, je m&rsquo;y suis oppos\u00e9. J\u2019ai vu rapidement ses qualit\u00e9s\u00a0\u00bb. Le gardien est d\u00e9sormais titulaire dans les cages. Mais le coach souligne le gap tr\u00e8s important pour des joueurs qui arrivent de la r\u00e9serve, soit trois divisions en dessous. \u00ab\u00a0Entre la R1 et la N1, vous avez presque 160 clubs. \u00c7a veut dire environ 4 000 joueurs qui, sur le papier, sont plus forts que vous. Il faut avoir confiance dans leurs progr\u00e8s. Il suffit de bien entrer une fois 20 minutes, pour qu\u2019ils prennent confiance. On a l\u2019objectif de les faire progresser, pas pour leur faire plaisir, mais parce qu&rsquo;on a besoin qu\u2019ils soient performants\u00a0\u00bb. Et si possible tr\u00e8s vite.<\/p>\n<p>Le mercato de Quevilly-Rouen M\u00e9tropole<\/p>\n<ul class=\"wp-block-list\">\n<li><strong>Arriv\u00e9es :<\/strong>\u00a0Youssouf Kanout\u00e9\u00a0(AS Beauvais-Oise, N2), Medhi Moujetsky (FC Bourgoin-Jallieu, N3), Ibrahima Samoura (CMS Oissel, N3), Yasser Bald\u00e9 (Raja Casablanca, MAR), J\u00e9r\u00e9my Mounsesse (Olympique Lyonnais \u00ab\u00a0B\u00a0\u00bb, N3)<\/li>\n<li><strong>D\u00e9parts :<\/strong>\u00a0Nadjib Ciss\u00e9 (Girondins de Bordeaux, N2), Alane Bedfian (Gaz\u00e9lec Ajaccio, N3), Isaac Tshipamba (NK Maribor, Slov\u00e9nie), Beres Owusu (AS Saint-Etienne, L2, rp), Belkacem Dali-Amar (SM Caen, N1), Nohim Chibani (Aubagne FC, N1, p), Yassin Fortun\u00e9 (FC Vizela, Portugal, D2), Ahmed Soilihi (SC Toulon, N2), Benjamin Capron-Littique<\/li>\n<\/ul>\n<p><strong>L&rsquo;effectif de QRM :<\/strong><\/p>\n<ul class=\"wp-block-list\">\n<li>Gardiens : Pierre Patron, Kayne Bonnevie, Eliot Boudet<\/li>\n<li>D\u00e9fenseurs : Yanis D\u00e9d\u00e9-Lhomme, Th\u00e9o Pionnier, Namakoro Diallo, Youssouf Kanout\u00e9, Yasser Bald\u00e9, Jason Tr\u00e9, J\u00e9r\u00e9my Mounsesse<\/li>\n<li>Milieux : Tony Njik\u00e9, Kapo Sylva, Noah Vandenbosshe, Jordan Leborgne, Natana\u00ebl Bouekou, L\u00e9ny Pirringuel, Ibrahima Samoura, Medhi Moujetsky<\/li>\n<li>Attaquants : Noah Adekalom, Yankuba Jarku<\/li>\n<\/ul>\n","protected":false},"excerpt":{"rendered":"L&rsquo;objectif annonc\u00e9 par le pr\u00e9sident Michel Mallet il y a plusieurs semaines de finir dans le premier tiers&hellip;\n","protected":false},"author":2,"featured_media":299995,"comment_status":"","ping_status":"","sticky":false,"template":"","format":"standard","meta":{"footnotes":""},"categories":[9587],"tags":[1111,11,1777,674,1011,27,12,5161,25,9590],"class_list":{"0":"post-299994","1":"post","2":"type-post","3":"status-publish","4":"format-standard","5":"has-post-thumbnail","7":"category-rouen","8":"tag-actu","9":"tag-actualites","10":"tag-eu","11":"tag-europe","12":"tag-fr","13":"tag-france","14":"tag-news","15":"tag-normandie","16":"tag-republique-francaise","17":"tag-rouen"},"share_on_mastodon":{"url":"https:\/\/pubeurope.com\/@fr\/114980990647968489","error":""},"_links":{"self":[{"href":"https:\/\/www.europesays.com\/fr\/wp-json\/wp\/v2\/posts\/299994","targetHints":{"allow":["GET"]}}],"collection":[{"href":"https:\/\/www.europesays.com\/fr\/wp-json\/wp\/v2\/posts"}],"about":[{"href":"https:\/\/www.europesays.com\/fr\/wp-json\/wp\/v2\/types\/post"}],"author":[{"embeddable":true,"href":"https:\/\/www.europesays.com\/fr\/wp-json\/wp\/v2\/users\/2"}],"replies":[{"embeddable":true,"href":"https:\/\/www.europesays.com\/fr\/wp-json\/wp\/v2\/comments?post=299994"}],"version-history":[{"count":0,"href":"https:\/\/www.europesays.com\/fr\/wp-json\/wp\/v2\/posts\/299994\/revisions"}],"wp:featuredmedia":[{"embeddable":true,"href":"https:\/\/www.europesays.com\/fr\/wp-json\/wp\/v2\/media\/299995"}],"wp:attachment":[{"href":"https:\/\/www.europesays.com\/fr\/wp-json\/wp\/v2\/media?parent=299994"}],"wp:term":[{"taxonomy":"category","embeddable":true,"href":"https:\/\/www.europesays.com\/fr\/wp-json\/wp\/v2\/categories?post=299994"},{"taxonomy":"post_tag","embeddable":true,"href":"https:\/\/www.europesays.com\/fr\/wp-json\/wp\/v2\/tags?post=299994"}],"curies":[{"name":"wp","href":"https:\/\/api.w.org\/{rel}","templated":true}]}}