{"id":299996,"date":"2025-08-06T08:58:09","date_gmt":"2025-08-06T08:58:09","guid":{"rendered":"https:\/\/www.europesays.com\/fr\/299996\/"},"modified":"2025-08-06T08:58:09","modified_gmt":"2025-08-06T08:58:09","slug":"pres-de-grenoble-la-sortie-en-canyoning-tourne-mal-une-femme-chute-lourdement-dans-le-vercors","status":"publish","type":"post","link":"https:\/\/www.europesays.com\/fr\/299996\/","title":{"rendered":"Pr\u00e8s de Grenoble. La sortie en canyoning tourne mal, une femme chute lourdement dans le Vercors"},"content":{"rendered":"<p>            Par<br \/>\n        <strong><br \/>\n            <a href=\"https:\/\/actu.fr\/auteur\/lisa-rodrigues\" title=\"Consulter tous les articles de Lisa Rodrigues\" rel=\"nofollow noopener\" target=\"_blank\">Lisa Rodrigues<\/a><br \/>\n        <\/strong><\/p>\n<p>        Publi\u00e9 le<\/p>\n<p>            6 ao\u00fbt 2025 \u00e0 10h24        <\/p>\n<p>En \u00e9t\u00e9, le Peloton de gendarmerie de haute montagne (PGHM) reste mobilis\u00e9 pour porter secours aux randonneurs, touristes et locaux dans les massifs.\u00a0Mardi 5 ao\u00fbt, ils ont \u00e9t\u00e9 appel\u00e9s pour une intervention au <strong>canyon du Furon<\/strong> \u00e0 Engins, dans le Vercors pr\u00e8s de <a href=\"https:\/\/actu.fr\/auvergne-rhone-alpes\/grenoble_38185\" rel=\"nofollow noopener\" target=\"_blank\">Grenoble<\/a>.<\/p>\n<p>    <a href=\"https:\/\/www.google.com\/maps\/embed?pb=!1m18!1m12!1m3!1d113334.37100627979!2d5.543183065038647!3d45.20635580200621!2m3!1f0!2f0!3f0!3m2!1i1024!2i768!4f13.1!3m3!1m2!1s0x478af3c44bd85687%3A0x4f6ae148a362e9af!2sCanyon%20FURON%20(D%C3%A9part%20Haut)!5e0!3m2!1sfr!2sfr!4v1754466953763!5m2!1sfr!2sfr\" title=\"Ouvrie le lien\" rel=\"nofollow noopener\" target=\"_blank\">Cliquez ici pour visualiser le contenu<\/a><\/p>\n<p class=\" wall-content\">Une <strong>femme \u00e2g\u00e9e d\u2019une quarantaine d\u2019ann\u00e9es<\/strong> a \u00e9t\u00e9 prise en charge, \u00ab\u00a0victime d\u2019un traumatisme dorsal\u00a0\u00bb pendant une sortie sur ce site pris\u00e9 des amateurs de canyoning.<\/p>\n<p>La victime h\u00e9litreuill\u00e9e\u00a0<\/p>\n<p class=\" wall-content\">La victime a d\u2019abord \u00e9t\u00e9 m\u00e9dicalis\u00e9e sur place, avant d\u2019\u00eatre extraite du canyon par six secouristes.<\/p>\n<p>    <a href=\"https:\/\/www.facebook.com\/plugins\/post.php?href=https%3A%2F%2Fwww.facebook.com%2FPGHM38%2Fposts%2Fpfbid02UqQWFmHdKtDA9Td9vA9og7bwpHuXcn6ZYyeMxSaXPCkccddzJiYuN9ZAK7UbaeYvl&amp;show_text=true&amp;width=350\" title=\"Ouvrie le lien\" rel=\"nofollow noopener\" target=\"_blank\">Cliquez ici pour visualiser le contenu<\/a><\/p>\n<p class=\" wall-content\">Elle a ensuite \u00e9t\u00e9 h\u00e9litreuill\u00e9e et \u00e9vacu\u00e9e par h\u00e9licopt\u00e8re vers le <a href=\"https:\/\/actu.fr\/tag\/chu-grenoble-alpes\" rel=\"nofollow noopener\" target=\"_blank\">CHU Grenoble-Alpes<\/a> pour y recevoir des soins.<\/p>\n<p class=\" wall-content\">Suivez toute l\u2019actualit\u00e9 de vos villes et m\u00e9dias favoris en vous inscrivant \u00e0 <a href=\"https:\/\/moncompte.actu.fr\" title=\"D\u00e9couvez Mon Actu\" rel=\"nofollow noopener\" data-trk=\"{&quot;cta&quot;:{&quot;action&quot;:&quot;https:\\\/\\\/moncompte.actu.fr&quot;,&quot;category&quot;:&quot;mon compte&quot;,&quot;from&quot;:&quot;article footer&quot;,&quot;name&quot;:&quot;Mon actu&quot;,&quot;type&quot;:&quot;cta&quot;}}\" target=\"_blank\">Mon Actu<\/a>.<\/p>\n","protected":false},"excerpt":{"rendered":"Par Lisa Rodrigues Publi\u00e9 le 6 ao\u00fbt 2025 \u00e0 10h24 En \u00e9t\u00e9, le Peloton de gendarmerie de haute&hellip;\n","protected":false},"author":2,"featured_media":299997,"comment_status":"","ping_status":"","sticky":false,"template":"","format":"standard","meta":{"footnotes":""},"categories":[9566],"tags":[119,1111,11,2430,1777,674,118,1011,27,2731,12,1311,25],"class_list":{"0":"post-299996","1":"post","2":"type-post","3":"status-publish","4":"format-standard","5":"has-post-thumbnail","7":"category-grenoble","8":"tag-accident","9":"tag-actu","10":"tag-actualites","11":"tag-auvergne-rhone-alpes","12":"tag-eu","13":"tag-europe","14":"tag-faits-divers","15":"tag-fr","16":"tag-france","17":"tag-grenoble","18":"tag-news","19":"tag-pompiers","20":"tag-republique-francaise"},"share_on_mastodon":{"url":"https:\/\/pubeurope.com\/@fr\/114980998543405270","error":""},"_links":{"self":[{"href":"https:\/\/www.europesays.com\/fr\/wp-json\/wp\/v2\/posts\/299996","targetHints":{"allow":["GET"]}}],"collection":[{"href":"https:\/\/www.europesays.com\/fr\/wp-json\/wp\/v2\/posts"}],"about":[{"href":"https:\/\/www.europesays.com\/fr\/wp-json\/wp\/v2\/types\/post"}],"author":[{"embeddable":true,"href":"https:\/\/www.europesays.com\/fr\/wp-json\/wp\/v2\/users\/2"}],"replies":[{"embeddable":true,"href":"https:\/\/www.europesays.com\/fr\/wp-json\/wp\/v2\/comments?post=299996"}],"version-history":[{"count":0,"href":"https:\/\/www.europesays.com\/fr\/wp-json\/wp\/v2\/posts\/299996\/revisions"}],"wp:featuredmedia":[{"embeddable":true,"href":"https:\/\/www.europesays.com\/fr\/wp-json\/wp\/v2\/media\/299997"}],"wp:attachment":[{"href":"https:\/\/www.europesays.com\/fr\/wp-json\/wp\/v2\/media?parent=299996"}],"wp:term":[{"taxonomy":"category","embeddable":true,"href":"https:\/\/www.europesays.com\/fr\/wp-json\/wp\/v2\/categories?post=299996"},{"taxonomy":"post_tag","embeddable":true,"href":"https:\/\/www.europesays.com\/fr\/wp-json\/wp\/v2\/tags?post=299996"}],"curies":[{"name":"wp","href":"https:\/\/api.w.org\/{rel}","templated":true}]}}