{"id":299998,"date":"2025-08-06T09:00:16","date_gmt":"2025-08-06T09:00:16","guid":{"rendered":"https:\/\/www.europesays.com\/fr\/299998\/"},"modified":"2025-08-06T09:00:16","modified_gmt":"2025-08-06T09:00:16","slug":"a-louest-cetaient-les-lensois","status":"publish","type":"post","link":"https:\/\/www.europesays.com\/fr\/299998\/","title":{"rendered":"A l&rsquo;Ouest, c&rsquo;\u00e9taient les Lensois !"},"content":{"rendered":"<p style=\"text-align: justify;\">Apr\u00e8s Samba et Fofana, un autre ancien Lensois prend la direction de la Bretagne. Przemys\u0142aw Frankowski rejoint officiellement le Stade Rennais. \u00c0 30\u00a0ans, le lat\u00e9ral droit polonais arrive en provenance de Galatasaray\u2026 pour mieux retrouver une Ligue\u00a01 qu\u2019il conna\u00eet sur le bout des crampons.<\/p>\n<p style=\"text-align: justify;\">De Gda\u0144sk \u00e0 Rennes, en passant par Bia\u0142ystok, Chicago, Lens et Istanbul, Frankowski s\u2019est impos\u00e9 au fil des ann\u00e9es comme \u00ab\u2009un joueur de premier plan au cours de la derni\u00e8re d\u00e9cennie\u2009\u00bb, selon le communiqu\u00e9 du SRFC. D\u00e9fenseur solide, centreur pr\u00e9cis et finisseur adroit, il affiche un CV robuste avec\u00a0469\u00a0rencontres professionnelles, 65\u00a0buts et 49\u00a0passes d\u00e9cisives.<\/p>\n<p style=\"text-align: justify;\">\u00c9lu\u00a0r\u00e9v\u00e9lation surprise de la saison\u00a02021-2022\u00a0aux Troph\u00e9es UNFP, Frankie a marqu\u00e9 la Ligue\u00a01 de son empreinte avec le RC Lens, o\u00f9 il est devenu un pilier du couloir droit entre 2021 et 2025. Il a brill\u00e9 dans les derbys, en Ligue des champions, et m\u00eame face \u00e0 Rennes lors de son tout premier match avec les Sang et Or.<\/p>\n<p style=\"text-align: justify;\">Le communiqu\u00e9 rennais insiste sur \u00ab\u2009sa capacit\u00e9 \u00e0 avaler les kilom\u00e8tres\u2009\u00bb et son apport dans un poste exigeant o\u00f9 il a \u00ab\u2009su s\u2019imposer avec finesse et constance\u2009\u00bb. Apr\u00e8s un passage express, mais riche \u00e0 Galatasaray \u2014 15\u00a0matchs, un doubl\u00e9 championnat\/coupe \u2014 il revient en France avec une grosse dose d\u2019exp\u00e9rience et l\u2019envie de continuer \u00e0 performer.<\/p>\n<p style=\"text-align: justify;\">Selon\u00a0L\u2019\u00c9quipe, le pr\u00eat est pr\u00e9vu pour deux saisons, avec une option d\u2019achat estim\u00e9e entre 5,5 et 6 millions d\u2019euros. Si elle est activ\u00e9e, cette clause m\u00e8nerait \u00e0 deux ann\u00e9es suppl\u00e9mentaires de contrat pour le joueur. Un deal malin pour Rennes, qui r\u00e9cup\u00e8re un joueur exp\u00e9riment\u00e9 sans engagement imm\u00e9diat. Galatasaray, qui avait d\u00e9bours\u00e9 10 millions d\u2019euros pour s\u2019attacher ses services en f\u00e9vrier dernier, le laisse partir seulement six mois plus tard. C\u2019est une opportunit\u00e9 pour le SRFC, qui enregistre, ici, sa troisi\u00e8me recrue majeure de l\u2019\u00e9t\u00e9 apr\u00e8s Quentin Merlin et Valentin Rongier.<\/p>\n<p style=\"text-align: justify;\">Partenaire de Robert Lewandowski avec les Aigles blancs, le Polonais a disput\u00e9 l\u2019Euro 2020, la Coupe du monde 2022, et a de nouveau \u00e9t\u00e9 convoqu\u00e9 pour l\u2019Euro 2024. Son profil de joueur complet, fiable, et capable de livrer dans les moments cl\u00e9s sera important pour le Stade rennais. Avec ses r\u00e9f\u00e9rences, son moteur sans fin, et sa science du jeu, Przemys\u0142aw Frankowski est un renfort de choix pour le Stade Rennais. Le Roazhon Park tient son nouveau piston droit. Cr\u00e9dit : Stade rennais.\u00a0<\/p>\n","protected":false},"excerpt":{"rendered":"Apr\u00e8s Samba et Fofana, un autre ancien Lensois prend la direction de la Bretagne. Przemys\u0142aw Frankowski rejoint officiellement&hellip;\n","protected":false},"author":2,"featured_media":299999,"comment_status":"","ping_status":"","sticky":false,"template":"","format":"standard","meta":{"footnotes":""},"categories":[2821],"tags":[1111,11,829,1777,674,1011,27,12,584,25],"class_list":{"0":"post-299998","1":"post","2":"type-post","3":"status-publish","4":"format-standard","5":"has-post-thumbnail","7":"category-rennes","8":"tag-actu","9":"tag-actualites","10":"tag-bretagne","11":"tag-eu","12":"tag-europe","13":"tag-fr","14":"tag-france","15":"tag-news","16":"tag-rennes","17":"tag-republique-francaise"},"share_on_mastodon":{"url":"https:\/\/pubeurope.com\/@fr\/114981006403582138","error":""},"_links":{"self":[{"href":"https:\/\/www.europesays.com\/fr\/wp-json\/wp\/v2\/posts\/299998","targetHints":{"allow":["GET"]}}],"collection":[{"href":"https:\/\/www.europesays.com\/fr\/wp-json\/wp\/v2\/posts"}],"about":[{"href":"https:\/\/www.europesays.com\/fr\/wp-json\/wp\/v2\/types\/post"}],"author":[{"embeddable":true,"href":"https:\/\/www.europesays.com\/fr\/wp-json\/wp\/v2\/users\/2"}],"replies":[{"embeddable":true,"href":"https:\/\/www.europesays.com\/fr\/wp-json\/wp\/v2\/comments?post=299998"}],"version-history":[{"count":0,"href":"https:\/\/www.europesays.com\/fr\/wp-json\/wp\/v2\/posts\/299998\/revisions"}],"wp:featuredmedia":[{"embeddable":true,"href":"https:\/\/www.europesays.com\/fr\/wp-json\/wp\/v2\/media\/299999"}],"wp:attachment":[{"href":"https:\/\/www.europesays.com\/fr\/wp-json\/wp\/v2\/media?parent=299998"}],"wp:term":[{"taxonomy":"category","embeddable":true,"href":"https:\/\/www.europesays.com\/fr\/wp-json\/wp\/v2\/categories?post=299998"},{"taxonomy":"post_tag","embeddable":true,"href":"https:\/\/www.europesays.com\/fr\/wp-json\/wp\/v2\/tags?post=299998"}],"curies":[{"name":"wp","href":"https:\/\/api.w.org\/{rel}","templated":true}]}}