{"id":300004,"date":"2025-08-06T09:04:18","date_gmt":"2025-08-06T09:04:18","guid":{"rendered":"https:\/\/www.europesays.com\/fr\/300004\/"},"modified":"2025-08-06T09:04:18","modified_gmt":"2025-08-06T09:04:18","slug":"nice-confirme-son-statut-de-place-forte-de-lesport-levo-reviendra-en-2026","status":"publish","type":"post","link":"https:\/\/www.europesays.com\/fr\/300004\/","title":{"rendered":"Nice confirme son statut de place forte de l\u2019esport : l\u2019EVO reviendra en 2026"},"content":{"rendered":"<p>                    <img loading=\"lazy\" decoding=\"async\" src=\"https:\/\/www.europesays.com\/fr\/wp-content\/uploads\/2025\/08\/7b27589701d8b7ac050cb96e630746.png\" class=\"img-responsive post-image\" width=\"680\" height=\"510\" alt=\"Nice confirme son statut\" title=\"Nice confirme son statut de place forte de l'esport : l'EVO reviendra en 2026\"\/><\/p>\n<p class=\"chapo\">Alors que l\u2019<a href=\"https:\/\/www.petitesaffiches.fr\/actualites,069\/economie,045\/nice-accueillera-l-evo-2025-une,30808.html\" rel=\"nofollow noopener\" target=\"_blank\">\u00e9dition 2025<\/a> de l\u2019Evolution Championship Series (EVO) n\u2019a pas encore eu lieu, les organisateurs ont d\u2019ores et d\u00e9j\u00e0 officialis\u00e9 le retour de l\u2019\u00e9v\u00e9nement en 2026 dans la capitale azur\u00e9enne. Une annonce faite \u00e0 Las Vegas, lors de l\u2019\u00e9v\u00e9nement am\u00e9ricain, qui confirme l\u2019implantation durable de ce rendez-vous mondial du jeu vid\u00e9o de combat en France.<\/p>\n<p>\u00ab\u00a0Apr\u00e8s l\u2019\u00e9dition 2025, Nice accueillera de nouveau l\u2019EVO en 2026, le plus grand tournoi de jeu vid\u00e9o de combat au monde\u00a0\u00bb, ont d\u00e9clar\u00e9 les organisateurs, ent\u00e9rinant ainsi la reconduction d\u2019un \u00e9v\u00e9nement majeur de la sc\u00e8ne esport internationale sur la C\u00f4te d\u2019Azur.<\/p>\n<p>Pr\u00e9vue du <strong>10 au 12 octobre 2025<\/strong> au Palais des Expositions, cette premi\u00e8re \u00e9dition europ\u00e9enne de l\u2019EVO suscite d\u00e9j\u00e0 un engouement in\u00e9dit. \u00c0 deux mois de l\u2019\u00e9v\u00e9nement,<strong> les chiffres d\u00e9passent toutes les attentes\u00a0: <\/strong> plus de 65 nationalit\u00e9s repr\u00e9sent\u00e9es, et trois records battus avant m\u00eame la fin des inscriptions. Il s\u2019agira du plus grand tournoi de jeu de combat jamais organis\u00e9 en Europe, ainsi que des plus grandes comp\u00e9titions europ\u00e9ennes jamais enregistr\u00e9es pour les franchises Tekken et Street Fighter. Ces donn\u00e9es traduisent l\u2019impact croissant de l\u2019esport sur le Vieux Continent, mais aussi l\u2019attractivit\u00e9 renforc\u00e9e de Nice comme terre d\u2019accueil de comp\u00e9titions internationales. \u00ab\u00a0Ce renouvellement t\u00e9moigne de la confiance des organisateurs en notre capacit\u00e9 \u00e0 offrir un cadre optimal \u00e0 l\u2019un des plus grands \u00e9v\u00e9nements esportif de la plan\u00e8te \u00a0\u00bb, a r\u00e9agi <strong>Christian Estrosi<\/strong>, Maire de Nice, saluant la d\u00e9cision des organisateurs.<br class=\"texte\"\/><br \/>\nPour les collectivit\u00e9s locales, l\u2019EVO s\u2019inscrit dans une strat\u00e9gie plus large de valorisation du territoire \u00e0 travers les nouvelles formes de culture.<br class=\"autobr\"\/><br \/>\n\u00ab\u00a0Cette fid\u00e9lit\u00e9 s\u2019inscrit pleinement dans notre ambition de faire de notre ville une place forte de l\u2019esport en Europe\u00a0\u00bb, poursuit Christian Estrosi, qui rappelle que cette orientation s\u2019ins\u00e8re dans le projet de faire de Nice une \u00ab\u00a0destination 4 saisons, innovante, dynamique et ouverte \u00e0 toutes les formes de culture, y compris la culture num\u00e9rique et comp\u00e9titive\u00a0\u00bb.<br class=\"autobr\"\/><br \/>\nDerri\u00e8re le choix de Nice, ce sont les infrastructures, la capacit\u00e9 logistique et l\u2019implication des acteurs publics qui ont su convaincre les organisateurs d\u2019inscrire la ville durablement dans le circuit mondial de l\u2019EVO.<\/p>\n<p>La prochaine \u00e9dition, en octobre 2025, s\u2019annonce donc d\u00e9j\u00e0 comme un tournant dans l\u2019histoire europ\u00e9enne de l\u2019esport. Avec l\u2019annonce du retour en 2026, Nice confirme son ambition de devenir une r\u00e9f\u00e9rence incontournable sur la sc\u00e8ne comp\u00e9titive mondiale. \u00ab\u00a0Je remercie une nouvelle fois toutes les \u00e9quipes mobilis\u00e9es, et je donne rendez-vous aux passionn\u00e9s du monde entier pour une \u00e9dition 2026 encore plus m\u00e9morable\u00a0\u00bb, conclut le maire de Nice.<\/p>\n<p>Lire aussi\u00a0: <a href=\"https:\/\/www.petitesaffiches.fr\/sport,015\/evo-2025-a-nice-trois-rendez-vous,36375.html\" rel=\"nofollow noopener\" target=\"_blank\">EVO 2025 \u00e0 Nice\u00a0: Trois rendez-vous cl\u00e9s pour tenter de se qualifier avant le grand tournoi mondial<\/a><\/p>\n<p>Visuel de Une\u00a0: illustration \u00a9DR<\/p>\n","protected":false},"excerpt":{"rendered":"Alors que l\u2019\u00e9dition 2025 de l\u2019Evolution Championship Series (EVO) n\u2019a pas encore eu lieu, les organisateurs ont d\u2019ores&hellip;\n","protected":false},"author":2,"featured_media":300005,"comment_status":"","ping_status":"","sticky":false,"template":"","format":"standard","meta":{"footnotes":""},"categories":[2819],"tags":[1111,11,2408,1777,674,1011,27,12,2401,882,25],"class_list":{"0":"post-300004","1":"post","2":"type-post","3":"status-publish","4":"format-standard","5":"has-post-thumbnail","7":"category-nice","8":"tag-actu","9":"tag-actualites","10":"tag-appels-d","11":"tag-eu","12":"tag-europe","13":"tag-fr","14":"tag-france","15":"tag-news","16":"tag-nice","17":"tag-provence-alpes-cote-dazur","18":"tag-republique-francaise"},"share_on_mastodon":{"url":"https:\/\/pubeurope.com\/@fr\/114981022168977856","error":""},"_links":{"self":[{"href":"https:\/\/www.europesays.com\/fr\/wp-json\/wp\/v2\/posts\/300004","targetHints":{"allow":["GET"]}}],"collection":[{"href":"https:\/\/www.europesays.com\/fr\/wp-json\/wp\/v2\/posts"}],"about":[{"href":"https:\/\/www.europesays.com\/fr\/wp-json\/wp\/v2\/types\/post"}],"author":[{"embeddable":true,"href":"https:\/\/www.europesays.com\/fr\/wp-json\/wp\/v2\/users\/2"}],"replies":[{"embeddable":true,"href":"https:\/\/www.europesays.com\/fr\/wp-json\/wp\/v2\/comments?post=300004"}],"version-history":[{"count":0,"href":"https:\/\/www.europesays.com\/fr\/wp-json\/wp\/v2\/posts\/300004\/revisions"}],"wp:featuredmedia":[{"embeddable":true,"href":"https:\/\/www.europesays.com\/fr\/wp-json\/wp\/v2\/media\/300005"}],"wp:attachment":[{"href":"https:\/\/www.europesays.com\/fr\/wp-json\/wp\/v2\/media?parent=300004"}],"wp:term":[{"taxonomy":"category","embeddable":true,"href":"https:\/\/www.europesays.com\/fr\/wp-json\/wp\/v2\/categories?post=300004"},{"taxonomy":"post_tag","embeddable":true,"href":"https:\/\/www.europesays.com\/fr\/wp-json\/wp\/v2\/tags?post=300004"}],"curies":[{"name":"wp","href":"https:\/\/api.w.org\/{rel}","templated":true}]}}