{"id":300010,"date":"2025-08-06T09:08:11","date_gmt":"2025-08-06T09:08:11","guid":{"rendered":"https:\/\/www.europesays.com\/fr\/300010\/"},"modified":"2025-08-06T09:08:11","modified_gmt":"2025-08-06T09:08:11","slug":"r1-codir-ce-mercredi-pour-valider-le-changement-de-poule-des-girondins-de-bordeaux","status":"publish","type":"post","link":"https:\/\/www.europesays.com\/fr\/300010\/","title":{"rendered":"R1 : CODIR ce mercredi pour valider le changement de poule des Girondins de Bordeaux"},"content":{"rendered":"<p><img decoding=\"async\" src=\"https:\/\/www.europesays.com\/fr\/wp-content\/uploads\/2025\/08\/671_e3a4f29c8d5b09a357ec8acdb041483e.png\" alt=\"R1 : CODIR ce mercredi pour valider le changement de poule des Girondins de Bordeaux\" class=\"img-responsive mt-3\"\/><\/p>\n<p class=\"text-center mb-3\" style=\"font-size: 14px\">\u00a9 Iconsport<\/p>\n<p style=\"text-align: justify;\">L&rsquo;\u00e9quipe r\u00e9serve des Girondins de Bordeaux \u00e9volue au niveau R\u00e9gional 1 cette saison dans la poule A avec les \u00e9quipes qui se situent g\u00e9ographiquement dans les d\u00e9partements au nord de la Gironde : Charente, Charente-Maritime, Haute-Vienne, etc.<\/p>\n<p style=\"text-align: justify;\">Or, le rep\u00eachage de L\u00e8ge-Cap-Ferret en National 3 a lib\u00e9r\u00e9 une place dans la Poule B compos\u00e9e des \u00e9quipes de Gironde, et des d\u00e9partements du Sud de la R\u00e9gion Nouvelle-Aquitaine.<\/p>\n<p style=\"text-align: justify;\">Ainsi, un Comit\u00e9 de Direction se d\u00e9roule ce soir \u00e0 la LFNA et la question de la bascule des Girondins de Bordeaux de la Poule A \u00e0 la Poule B sera \u00e9tudi\u00e9.<\/p>\n<p style=\"text-align: justify;\">Voici les compositions des poules avant rep\u00eachage :<\/p>\n<p style=\"text-align: justify;\"><strong>Poule A<\/strong> : Angoul\u00eame (2), Jarnac Sport, FC P\u00e9rigny, Rochefort, Brive, Tr\u00e9lissac, Bordeaux (2), Nueillaubiers, Bressuire, Thouard, Parthenay Viennay, Neuville, Limoges et Feytiat.<\/p>\n<p style=\"text-align: justify;\"><strong>Poule B<\/strong> : Bergerac (2), Saint-M\u00e9dard-en-Jalles, S.A M\u00e9rignacais, Biganos, M\u00e9rignac Arlac, Stade Bordelais, Jeunesse Villenavaise, L\u00e8ge Cap Ferret( Bascul\u00e9 en N3), Saint-Paul Sport, Bo\u00e9 Bon Encontre, Marmande 47, Arin Luzien, Aviron Bayonnais (2).<\/p>\n<p>Ce retour annonc\u00e9 des Girondins de Bordeaux dans la Poule B de R1 promet de beaux derbys tout au long de cette saison.<\/p>\n<p style=\"text-align: justify;\">\u00c0 lire aussi &gt;&gt; <strong><a href=\"https:\/\/www.webgirondins.com\/actualite-girondins-girondins-andrea-lardez-on-veut-de-la-reconnaissance-du-respect-et-un-minimum-de-moyens-129911\" target=\"_blank\" rel=\"noopener\">Andr\u00e9a Lardez : \u201cOn veut de la reconnaissance, du respect et un minimum de moyens\u201d<\/a><\/strong><\/p>\n<p>Notre podcast court \u00e0 \u00e9couter :<\/p>\n","protected":false},"excerpt":{"rendered":"\u00a9 Iconsport L&rsquo;\u00e9quipe r\u00e9serve des Girondins de Bordeaux \u00e9volue au niveau R\u00e9gional 1 cette saison dans la poule&hellip;\n","protected":false},"author":2,"featured_media":300011,"comment_status":"","ping_status":"","sticky":false,"template":"","format":"standard","meta":{"footnotes":""},"categories":[2817],"tags":[1111,11,1997,3233,6560,13410,44032,1446,2859,1777,674,1011,27,1987,2705,6774,12,2219,4789,471,25,18357,33998],"class_list":{"0":"post-300010","1":"post","2":"type-post","3":"status-publish","4":"format-standard","5":"has-post-thumbnail","7":"category-bordeaux","8":"tag-actu","9":"tag-actualites","10":"tag-bordeaux","11":"tag-championnat","12":"tag-changement","13":"tag-changer","14":"tag-codir","15":"tag-dans","16":"tag-devrait","17":"tag-eu","18":"tag-europe","19":"tag-fr","20":"tag-france","21":"tag-girondins","22":"tag-groupe","23":"tag-mercredi","24":"tag-news","25":"tag-nouvelle-aquitaine","26":"tag-poule","27":"tag-pour","28":"tag-republique-francaise","29":"tag-reserve","30":"tag-valider"},"share_on_mastodon":{"url":"https:\/\/pubeurope.com\/@fr\/114981037960064139","error":""},"_links":{"self":[{"href":"https:\/\/www.europesays.com\/fr\/wp-json\/wp\/v2\/posts\/300010","targetHints":{"allow":["GET"]}}],"collection":[{"href":"https:\/\/www.europesays.com\/fr\/wp-json\/wp\/v2\/posts"}],"about":[{"href":"https:\/\/www.europesays.com\/fr\/wp-json\/wp\/v2\/types\/post"}],"author":[{"embeddable":true,"href":"https:\/\/www.europesays.com\/fr\/wp-json\/wp\/v2\/users\/2"}],"replies":[{"embeddable":true,"href":"https:\/\/www.europesays.com\/fr\/wp-json\/wp\/v2\/comments?post=300010"}],"version-history":[{"count":0,"href":"https:\/\/www.europesays.com\/fr\/wp-json\/wp\/v2\/posts\/300010\/revisions"}],"wp:featuredmedia":[{"embeddable":true,"href":"https:\/\/www.europesays.com\/fr\/wp-json\/wp\/v2\/media\/300011"}],"wp:attachment":[{"href":"https:\/\/www.europesays.com\/fr\/wp-json\/wp\/v2\/media?parent=300010"}],"wp:term":[{"taxonomy":"category","embeddable":true,"href":"https:\/\/www.europesays.com\/fr\/wp-json\/wp\/v2\/categories?post=300010"},{"taxonomy":"post_tag","embeddable":true,"href":"https:\/\/www.europesays.com\/fr\/wp-json\/wp\/v2\/tags?post=300010"}],"curies":[{"name":"wp","href":"https:\/\/api.w.org\/{rel}","templated":true}]}}