{"id":300016,"date":"2025-08-06T09:11:10","date_gmt":"2025-08-06T09:11:10","guid":{"rendered":"https:\/\/www.europesays.com\/fr\/300016\/"},"modified":"2025-08-06T09:11:10","modified_gmt":"2025-08-06T09:11:10","slug":"six-balades-gratuites-a-la-decouverte-de-la-nature-dans-la-metropole-de-lille","status":"publish","type":"post","link":"https:\/\/www.europesays.com\/fr\/300016\/","title":{"rendered":"six balades gratuites \u00e0 la d\u00e9couverte de la nature dans la m\u00e9tropole de Lille"},"content":{"rendered":"<p>            Par<br \/>\n        <strong><br \/>\n            <a href=\"https:\/\/actu.fr\/auteur\/amandine-vachez\" title=\"Consulter tous les articles de Amandine Vachez\" target=\"_blank\" rel=\"noopener\">Amandine Vachez<\/a><br \/>\n        <\/strong><\/p>\n<p>        Publi\u00e9 le<\/p>\n<p>            6 ao\u00fbt 2025 \u00e0 10h50        <\/p>\n<p>L\u2019\u00e9t\u00e9, la <b>MEL<\/b>, M\u00e9tropole europ\u00e9enne de <a href=\"https:\/\/actu.fr\/lille\/\" target=\"_blank\" rel=\"noopener\">Lille<\/a> (Nord), propose des <a href=\"https:\/\/actu.fr\/tag\/balade\" target=\"_blank\" rel=\"noopener\">balades<\/a> gratuites sur son territoire, pour (re) d\u00e9couvrir<b> la faune<\/b> <b>dans la nature <\/b>proche de chez vous. Apr\u00e8s un <a href=\"https:\/\/actu.fr\/hauts-de-france\/lille_59350\/metropole-de-lille-sorties-10-balades-gratuites-estivales-pour-feter-la-nature-et-lete_62844948.html\" target=\"_blank\" rel=\"noopener\">joli programme en juillet<\/a>, six balades sont \u00e0 <b>l\u2019agenda, en ao\u00fbt\u00a02025.<\/b><\/p>\n<p class=\" wall-content\">\u00ab\u2009En \u00e9cho \u00e0 <a href=\"https:\/\/actu.fr\/hauts-de-france\/lille_59350\/lille-la-fete-universelle-et-intemporelle-la-saison-fiesta-deboule-bientot-dans-la-metropole_62190090.html\" target=\"_blank\" rel=\"noopener\">l\u2019\u00e9nergie festive de lille3000<\/a>, laissez-vous porter par la beaut\u00e9 des paysages, le chant des oiseaux et la magie du vivant\u2009\u00bb, commente la MEL, dans sa pr\u00e9sentation. \u00ab\u2009Que vous soyez amoureux de la nature, amateur de plantes sauvages ou simplement en qu\u00eate d\u2019un moment de d\u00e9tente au grand air, il y en aura pour tous les go\u00fbts\u2009!\u2009\u00bb<\/p>\n<p>Le programme des balades en ao\u00fbt<\/p>\n<ul class=\" wall-content\">\n<li><b>Jeudi 7\u00a0ao\u00fbt \u00e0 Willems\u2009: l<\/b><b>es 7 grandes familles d\u2019insectes<\/b><\/li>\n<\/ul>\n<p class=\" wall-content\">Accompagn\u00e9s par Vincent Gav\u00e9riaux, les participants partiront \u00e0 la recherche des 7 principales familles d\u2019insectes (Odonates, L\u00e9pidopt\u00e8res, Orthopt\u00e8res, Dipt\u00e8res, Hym\u00e9nopt\u00e8res, Col\u00e9opt\u00e8res, H\u00e9t\u00e9ropt\u00e8res) \u00e0 l\u2019aide d\u2019une fiche d\u2019identification bas\u00e9e sur des crit\u00e8res simples et clairs. Captures et observations \u00e0 l\u2019aide d\u2019une bo\u00eete-loupe puis dessins sur une fiche d\u2019observation pour petits et grands.<\/p>\n<p class=\" wall-content\">Rendez-vous\u2009: 14\u2009h\u200930 Base de loisirs des 6 Bonniers, 7 rue de Ch\u00e9reng \u00e0 Willems. Public\u2009: \u00e0 partir de 7\u00a0ans. Bon \u00e0 savoir\u2009: nombre de places limit\u00e9, animation gratuite sur inscription par mail \u00e0 <a href=\"https:\/\/actu.fr\/cdn-cgi\/l\/email-protection\" class=\"__cf_email__\" data-cfemail=\"314354425443475045585e5f1c505f585c5045585e5f71585d5d444245435045585e5f1c5f50454443541f525e5c\" target=\"_blank\" rel=\"noopener\">[email\u00a0protected]<\/a>.\u00a0Contact\u2009: MEL\u00a003\u200959\u200900\u200924\u200962<\/p>\n<ul class=\" wall-content\">\n<li><b>Jeudi 14\u00a0ao\u00fbt \u00e0 Bouvines\u2009: d<\/b><b>\u00e9fil\u00e9 \u00ab\u2009haute-fourrure\u2009\u00bb, les mammif\u00e8res \u00e0 l\u2019honneur<\/b><\/li>\n<\/ul>\n<p class=\" wall-content\">Un d\u00e9fil\u00e9 de mammif\u00e8res pour d\u00e9couvrir ce qui rend ce groupe d\u2019esp\u00e8ces unique. Le public en saura plus sur leurs \u00e9tonnantes adaptations et apprendra \u00e0 reconna\u00eetre les esp\u00e8ces locales. En qu\u00eate de traces et d\u2019indices, les participants plongeront dans l\u2019univers discret de ces vedettes de la nature.<\/p>\n<p class=\" wall-content\">Rendez-vous\u2009: 14h Parking du Bois d\u2019Infi\u00e8re \u00e0 Bouvines. Public\u2009: \u00e0 partir de 6\u00a0ans.\u00a0Bon \u00e0 savoir\u2009: nombre de places limit\u00e9, animation gratuite sur inscription par mail \u00e0 <a href=\"https:\/\/actu.fr\/cdn-cgi\/l\/email-protection\" class=\"__cf_email__\" data-cfemail=\"056970666c602b696c62647069714569756a2b6377\" target=\"_blank\" rel=\"noopener\">[email\u00a0protected]<\/a>. Contact\u2009: LPO Lucie 07\u200949\u200912\u200994\u200929 ou <a href=\"https:\/\/actu.fr\/cdn-cgi\/l\/email-protection\" class=\"__cf_email__\" data-cfemail=\"d1bda4b2b8b4ffbdb8b6b0a4bda591bda1beffb7a3\" target=\"_blank\" rel=\"noopener\">[email\u00a0protected]<\/a>.<\/p>\n<ul class=\" wall-content\">\n<li><b>Jeudi 21\u00a0ao\u00fbt \u00e0 Wambrechies\u2009: l<\/b><b>e bal des papillons<\/b><b\/><\/li>\n<\/ul>\n<p class=\" wall-content\">L\u2019\u00e9v\u00e8nement commence dans une prairie humide et fleurie. Un spectacle haut en couleur et tout en mouvement. Paon du jour, vanesses, pi\u00e9rides, Vulcain ou autres Tircis vont virevolter. Pour reconna\u00eetre et distinguer ces virtuoses du vol, une s\u00e9ance d\u2019observation est organis\u00e9e avec un (e) animateur (trice) de Nord Nature Chico Mend\u00e8s. Du jaune, du brun, du bleu, il y en a de toutes les couleurs.<\/p>\n<p class=\" wall-content\">Rendez-vous\u2009: 14\u2009h, espace Chico Mend\u00e8s, chemin de halage (apr\u00e8s le parc Robersart et le pont de la rocade) \u00e0 Wambrechies. Dur\u00e9e\u2009: 2\u2009h. Public\u2009: Tout public. Contact\u2009: Nord Nature Chico Mend\u00e8s au 03\u200920\u200912\u200985\u200900.<\/p>\n<ul class=\" wall-content\">\n<li><b>Samedi 23\u00a0ao\u00fbt \u00e0 Wavrin (Nocturne)\u2009: l<\/b><b>e ballet des chauves-souris<\/b><\/li>\n<\/ul>\n<p class=\" wall-content\">Quand le soleil se couche et que la lumi\u00e8re baisse, elles sortent de leurs abris et commencent un ballet fr\u00e9n\u00e9tique au rythme des ultrasons. Les Chauves-souris volent alors dans tous les sens, r\u00e9galant les m\u00e9tropolitains d\u2019un spectacle hors du commun\u2009! Gr\u00e2ce \u00e0 l\u2019animatrice, le public aura peut-\u00eatre la chance de les voir\u2026 et m\u00eame de les entendre\u2009!<\/p>\n<p class=\" wall-content\">Rendez-vous\u2009: 21\u2009h Parking du Marais de la Ville \u00e0 Wavrin. Dur\u00e9e\u2009: 2\u2009h. Public\u2009: \u00e0 partir de 6\u00a0ans.\u00a0Contact\u2009: Nord Nature Chico Mend\u00e8s au 03\u200920\u200912\u200985\u200900.<\/p>\n<ul class=\" wall-content\">\n<li><b>Mercredi 27\u00a0ao\u00fbt \u00e0 Lomme\u2009: l<\/b><b>e ballet des libellules<\/b><\/li>\n<\/ul>\n<p class=\" wall-content\">Une balade pour prendre le temps de se poser un instant au bord de la mare. Un spectacle haut en couleur et tout en mouvement va commencer. Libellules et fr\u00eales demoiselles vont virevolter. Fortement li\u00e9es aux milieux humides, les libellules y passent une partie de leur vie. Au travers d\u2019une animation m\u00ealant activit\u00e9s ludiques, scientifiques, sensibles et sensorielles, c\u2019est l\u2019occasion de d\u00e9couvrir leur surprenant cycle de vie.<\/p>\n<p class=\" wall-content\">Rendez-vous\u2009: 14\u2009h\u200930 \u00e0 la ZA du grand but, 14 rue du Ch\u00e2teau d\u2019Isenghien (entr\u00e9e du parc urbain entre Campanile et restaurant Trattoria Norte) \u00e0 Lomme. Dur\u00e9e\u2009: 2\u2009h. Public\u2009: Tout public. Contact\u2009: Nord Nature Chico Mend\u00e8s au 03\u200920\u200912\u200985\u200900 ou <a href=\"https:\/\/actu.fr\/cdn-cgi\/l\/email-protection\" class=\"__cf_email__\" data-cfemail=\"dbbebfaeb8baafb2b4b59bb5b5f6b8b3b2b8b4b6beb5bfbea8f5b4a9bc\" target=\"_blank\" rel=\"noopener\">[email\u00a0protected]<\/a>.<\/p>\n<ul class=\" wall-content\">\n<li><b>Samedi 30\u00a0ao\u00fbt \u00e0 Willems\u2009: q<\/b><b>uand la nuit tombe, les chauve-souris dansent<\/b><\/li>\n<\/ul>\n<p class=\" wall-content\">Toutes les chauve-souris sont de sortie. C\u2019est leur nuit\u2009! Mais la f\u00eate pourrait bien tourner court. En effet, Muriel, le Murin de Daubenton qui organise la soir\u00e9e, est accus\u00e9e de la disparition des poissons d\u2019un \u00e9tang. Une belle occasion pour le public d\u2019aider sa famille \u00e0 l\u2019innocenter avant la tomb\u00e9e de la nuit.<\/p>\n<p class=\" wall-content\">Rendez-vous\u2009: 17\u2009h, entr\u00e9e de la base de loisirs des 6 Bonniers \u00e0 Willems. Public\u2009: \u00e0 partir de 7\u00a0ans.\u00a0Contact\u2009: Takoda au\u00a007\u200968\u200962\u200901\u200972.<\/p>\n<p class=\" wall-content\">Suivez toute l\u2019actualit\u00e9 de vos villes et m\u00e9dias favoris en vous inscrivant \u00e0 <a href=\"https:\/\/moncompte.actu.fr\" title=\"D\u00e9couvez Mon Actu\" rel=\"nofollow noopener\" data-trk=\"{&quot;cta&quot;:{&quot;action&quot;:&quot;https:\\\/\\\/moncompte.actu.fr&quot;,&quot;category&quot;:&quot;mon compte&quot;,&quot;from&quot;:&quot;article footer&quot;,&quot;name&quot;:&quot;Mon actu&quot;,&quot;type&quot;:&quot;cta&quot;}}\" target=\"_blank\">Mon Actu<\/a>.<\/p>\n","protected":false},"excerpt":{"rendered":"Par Amandine Vachez Publi\u00e9 le 6 ao\u00fbt 2025 \u00e0 10h50 L\u2019\u00e9t\u00e9, la MEL, M\u00e9tropole europ\u00e9enne de Lille (Nord),&hellip;\n","protected":false},"author":2,"featured_media":300017,"comment_status":"","ping_status":"","sticky":false,"template":"","format":"standard","meta":{"footnotes":""},"categories":[2815],"tags":[1111,11,7552,6557,1777,674,652,1011,27,811,1307,1652,12,25],"class_list":{"0":"post-300016","1":"post","2":"type-post","3":"status-publish","4":"format-standard","5":"has-post-thumbnail","7":"category-lille","8":"tag-actu","9":"tag-actualites","10":"tag-balade","11":"tag-bon-plan-a-lille","12":"tag-eu","13":"tag-europe","14":"tag-famille","15":"tag-fr","16":"tag-france","17":"tag-hauts-de-france","18":"tag-lille","19":"tag-loisirs-culture","20":"tag-news","21":"tag-republique-francaise"},"share_on_mastodon":{"url":"https:\/\/pubeurope.com\/@fr\/114981049728891596","error":""},"_links":{"self":[{"href":"https:\/\/www.europesays.com\/fr\/wp-json\/wp\/v2\/posts\/300016","targetHints":{"allow":["GET"]}}],"collection":[{"href":"https:\/\/www.europesays.com\/fr\/wp-json\/wp\/v2\/posts"}],"about":[{"href":"https:\/\/www.europesays.com\/fr\/wp-json\/wp\/v2\/types\/post"}],"author":[{"embeddable":true,"href":"https:\/\/www.europesays.com\/fr\/wp-json\/wp\/v2\/users\/2"}],"replies":[{"embeddable":true,"href":"https:\/\/www.europesays.com\/fr\/wp-json\/wp\/v2\/comments?post=300016"}],"version-history":[{"count":0,"href":"https:\/\/www.europesays.com\/fr\/wp-json\/wp\/v2\/posts\/300016\/revisions"}],"wp:featuredmedia":[{"embeddable":true,"href":"https:\/\/www.europesays.com\/fr\/wp-json\/wp\/v2\/media\/300017"}],"wp:attachment":[{"href":"https:\/\/www.europesays.com\/fr\/wp-json\/wp\/v2\/media?parent=300016"}],"wp:term":[{"taxonomy":"category","embeddable":true,"href":"https:\/\/www.europesays.com\/fr\/wp-json\/wp\/v2\/categories?post=300016"},{"taxonomy":"post_tag","embeddable":true,"href":"https:\/\/www.europesays.com\/fr\/wp-json\/wp\/v2\/tags?post=300016"}],"curies":[{"name":"wp","href":"https:\/\/api.w.org\/{rel}","templated":true}]}}