{"id":300026,"date":"2025-08-06T09:16:10","date_gmt":"2025-08-06T09:16:10","guid":{"rendered":"https:\/\/www.europesays.com\/fr\/300026\/"},"modified":"2025-08-06T09:16:10","modified_gmt":"2025-08-06T09:16:10","slug":"pres-de-lyon-un-vehicule-louche-intrigue-les-gendarmes-il-refait-surface-au-bout-de-trois-ans","status":"publish","type":"post","link":"https:\/\/www.europesays.com\/fr\/300026\/","title":{"rendered":"Pr\u00e8s de Lyon. Un v\u00e9hicule louche intrigue les gendarmes, il refait surface au bout de trois ans"},"content":{"rendered":"<p>            Par<br \/>\n        <strong><br \/>\n            <a href=\"https:\/\/actu.fr\/auteur\/julien-sournies\" title=\"Consulter tous les articles de Julien Sournies\" rel=\"nofollow noopener\" target=\"_blank\">Julien Sournies<\/a><br \/>\n        <\/strong><\/p>\n<p>        Publi\u00e9 le<\/p>\n<p>            6 ao\u00fbt 2025 \u00e0 11h07        <\/p>\n<p>Il faisait partie des v\u00e9hicules encore introuvables. Alors qu\u2019un convoi de caravanes et camping-cars a pris ill\u00e9galement ses quartiers sur le stade de la commune de Lucenay (<a href=\"https:\/\/actu.fr\/auvergne-rhone-alpes\/rhone_69\" rel=\"nofollow noopener\" target=\"_blank\">Rh\u00f4ne<\/a>), au nord de <a href=\"https:\/\/actu.fr\/lyon\/\" rel=\"nofollow noopener\" target=\"_blank\">Lyon<\/a>, le 21 juillet dernier, un camping-car en particulier a <strong>interpell\u00e9 les gendarmes<\/strong> de Villefranche-sur-Sa\u00f4ne.<\/p>\n<p>Un vaste r\u00e9seau de vol de v\u00e9hicules<\/p>\n<p class=\" wall-content\">En effet, outre le fait que celui-ci \u00e9tait vol\u00e9, les forces de l\u2019ordre se sont rendu compte qu\u2019il faisait partie d\u2019un <strong>r\u00e9seau national de vol de v\u00e9hicules<\/strong> r\u00e9cemment d\u00e9mantel\u00e9.<\/p>\n<p class=\" wall-content\">Une enqu\u00eate au cours de laquelle pas moins de \u00ab\u00a0150 v\u00e9hicules, dont 58 camping-cars ont pu \u00eatre r\u00e9cup\u00e9r\u00e9s apr\u00e8s des investigations minutieuses de la gendarmerie au niveau national\u00a0\u00bb, indiquent notamment les militaires.<\/p>\n<p>Vol\u00e9 il y a trois ans<\/p>\n<p class=\" wall-content\">Alors que d\u2019autres v\u00e9hicules restaient \u00e0 trouver, les militaires ont vraisemblablement retrouv\u00e9 la trace de l\u2019un d\u2019entre eux. \u00ab\u00a0Dans le but de mener des investigations plus pouss\u00e9es, le camping-car d\u2019une valeur d\u2019environ<strong> 60 000 euros<\/strong> est saisi\u00a0\u00bb, commentent les gendarmes du Rh\u00f4ne.<\/p>\n<p class=\" wall-content\">Ces derniers indiquent par ailleurs que les utilisateurs ont \u00e9t\u00e9 entendus sur les faits de recel provenant d\u2019un vol et que le v\u00e9hicule sera restitu\u00e9 \u00e0 l\u2019assurance qui a couvert une indemnisation suite \u00e0 son vol en 2022.<\/p>\n<p class=\" wall-content\">Suivez toute l\u2019actualit\u00e9 de vos villes et m\u00e9dias favoris en vous inscrivant \u00e0 <a href=\"https:\/\/moncompte.actu.fr\" title=\"D\u00e9couvez Mon Actu\" rel=\"nofollow noopener\" data-trk=\"{&quot;cta&quot;:{&quot;action&quot;:&quot;https:\\\/\\\/moncompte.actu.fr&quot;,&quot;category&quot;:&quot;mon compte&quot;,&quot;from&quot;:&quot;article footer&quot;,&quot;name&quot;:&quot;Mon actu&quot;,&quot;type&quot;:&quot;cta&quot;}}\" target=\"_blank\">Mon Actu<\/a>.<\/p>\n","protected":false},"excerpt":{"rendered":"Par Julien Sournies Publi\u00e9 le 6 ao\u00fbt 2025 \u00e0 11h07 Il faisait partie des v\u00e9hicules encore introuvables. Alors&hellip;\n","protected":false},"author":2,"featured_media":300027,"comment_status":"","ping_status":"","sticky":false,"template":"","format":"standard","meta":{"footnotes":""},"categories":[1889],"tags":[1111,11,2430,1777,674,1011,27,3381,2428,12,25,104],"class_list":{"0":"post-300026","1":"post","2":"type-post","3":"status-publish","4":"format-standard","5":"has-post-thumbnail","7":"category-lyon","8":"tag-actu","9":"tag-actualites","10":"tag-auvergne-rhone-alpes","11":"tag-eu","12":"tag-europe","13":"tag-fr","14":"tag-france","15":"tag-gendarmerie","16":"tag-lyon","17":"tag-news","18":"tag-republique-francaise","19":"tag-societe"},"share_on_mastodon":{"url":"https:\/\/pubeurope.com\/@fr\/114981069370217955","error":""},"_links":{"self":[{"href":"https:\/\/www.europesays.com\/fr\/wp-json\/wp\/v2\/posts\/300026","targetHints":{"allow":["GET"]}}],"collection":[{"href":"https:\/\/www.europesays.com\/fr\/wp-json\/wp\/v2\/posts"}],"about":[{"href":"https:\/\/www.europesays.com\/fr\/wp-json\/wp\/v2\/types\/post"}],"author":[{"embeddable":true,"href":"https:\/\/www.europesays.com\/fr\/wp-json\/wp\/v2\/users\/2"}],"replies":[{"embeddable":true,"href":"https:\/\/www.europesays.com\/fr\/wp-json\/wp\/v2\/comments?post=300026"}],"version-history":[{"count":0,"href":"https:\/\/www.europesays.com\/fr\/wp-json\/wp\/v2\/posts\/300026\/revisions"}],"wp:featuredmedia":[{"embeddable":true,"href":"https:\/\/www.europesays.com\/fr\/wp-json\/wp\/v2\/media\/300027"}],"wp:attachment":[{"href":"https:\/\/www.europesays.com\/fr\/wp-json\/wp\/v2\/media?parent=300026"}],"wp:term":[{"taxonomy":"category","embeddable":true,"href":"https:\/\/www.europesays.com\/fr\/wp-json\/wp\/v2\/categories?post=300026"},{"taxonomy":"post_tag","embeddable":true,"href":"https:\/\/www.europesays.com\/fr\/wp-json\/wp\/v2\/tags?post=300026"}],"curies":[{"name":"wp","href":"https:\/\/api.w.org\/{rel}","templated":true}]}}