{"id":300102,"date":"2025-08-06T10:02:11","date_gmt":"2025-08-06T10:02:11","guid":{"rendered":"https:\/\/www.europesays.com\/fr\/300102\/"},"modified":"2025-08-06T10:02:11","modified_gmt":"2025-08-06T10:02:11","slug":"sanary-sur-mer-se-prepare-a-leclosion-de-bebes-tortues-caouannes-sur-ses-plages","status":"publish","type":"post","link":"https:\/\/www.europesays.com\/fr\/300102\/","title":{"rendered":"Sanary-sur-Mer se pr\u00e9pare \u00e0 l\u2019\u00e9closion de b\u00e9b\u00e9s tortues caouannes sur ses plages"},"content":{"rendered":"<p>Sanary-sur-Mer se pr\u00e9pare \u00e0 l\u2019\u00e9closion de b\u00e9b\u00e9s tortues caouannes, 40 jours apr\u00e8s une ponte exceptionnelle sur la plage.<\/p>\n<p><img fetchpriority=\"high\" decoding=\"async\" width=\"1000\" height=\"750\" alt=\"tortue caouanne Sanary-sur-Mer b\u00e9b\u00e9s tortues saint-cyr\" title=\"Tortues Saint Cyr 13 septembre\" src=\"https:\/\/www.europesays.com\/fr\/wp-content\/uploads\/2025\/08\/Tortues-Saint-Cyr-13-septembre.jpg\" class=\"img-responsive wp-image-15252\"\/><\/p>\n<p>tortue caouanne Sanary-sur-Mer \u2013 CREDIT : VarActu<\/p>\n<p data-start=\"86\" data-end=\"209\"><strong data-start=\"86\" data-end=\"209\">Quarante jours apr\u00e8s la ponte, les associations et la commune sont mobilis\u00e9es pour prot\u00e9ger cette esp\u00e8ce marine menac\u00e9e<\/strong><\/p>\n<p data-start=\"211\" data-end=\"267\"><strong data-start=\"211\" data-end=\"267\">Un \u00e9v\u00e9nement rare et pr\u00e9cieux sur le littoral varois<\/strong><\/p>\n<p data-start=\"269\" data-end=\"667\">Il y a <strong data-start=\"276\" data-end=\"294\">quarante jours<\/strong>, une <strong data-start=\"300\" data-end=\"319\">tortue caouanne<\/strong> a pondu ses \u0153ufs \u2026<\/p>\n<p>Lire la suite dans l\u2019article <a href=\"https:\/\/www.varactu.fr\/sanary-sur-mer-se-prepare-a-leclosion-de-bebes-tortues-caouannes-sur-ses-plages\/\" rel=\"nofollow noopener\" target=\"_blank\">Sanary-sur-Mer se pr\u00e9pare \u00e0 l\u2019\u00e9closion de b\u00e9b\u00e9s tortues caouannes sur ses plages<\/a> qui est apparu en premier sur <a href=\"https:\/\/www.varactu.fr\" rel=\"nofollow noopener\" target=\"_blank\">Var Actu<\/a>.<\/p>\n","protected":false},"excerpt":{"rendered":"Sanary-sur-Mer se pr\u00e9pare \u00e0 l\u2019\u00e9closion de b\u00e9b\u00e9s tortues caouannes, 40 jours apr\u00e8s une ponte exceptionnelle sur la plage.&hellip;\n","protected":false},"author":2,"featured_media":300103,"comment_status":"","ping_status":"","sticky":false,"template":"","format":"standard","meta":{"footnotes":""},"categories":[9619],"tags":[1111,11,1777,674,1011,27,12,882,25,2310],"class_list":{"0":"post-300102","1":"post","2":"type-post","3":"status-publish","4":"format-standard","5":"has-post-thumbnail","7":"category-toulon","8":"tag-actu","9":"tag-actualites","10":"tag-eu","11":"tag-europe","12":"tag-fr","13":"tag-france","14":"tag-news","15":"tag-provence-alpes-cote-dazur","16":"tag-republique-francaise","17":"tag-toulon"},"share_on_mastodon":{"url":"https:\/\/pubeurope.com\/@fr\/114981250271782428","error":""},"_links":{"self":[{"href":"https:\/\/www.europesays.com\/fr\/wp-json\/wp\/v2\/posts\/300102","targetHints":{"allow":["GET"]}}],"collection":[{"href":"https:\/\/www.europesays.com\/fr\/wp-json\/wp\/v2\/posts"}],"about":[{"href":"https:\/\/www.europesays.com\/fr\/wp-json\/wp\/v2\/types\/post"}],"author":[{"embeddable":true,"href":"https:\/\/www.europesays.com\/fr\/wp-json\/wp\/v2\/users\/2"}],"replies":[{"embeddable":true,"href":"https:\/\/www.europesays.com\/fr\/wp-json\/wp\/v2\/comments?post=300102"}],"version-history":[{"count":0,"href":"https:\/\/www.europesays.com\/fr\/wp-json\/wp\/v2\/posts\/300102\/revisions"}],"wp:featuredmedia":[{"embeddable":true,"href":"https:\/\/www.europesays.com\/fr\/wp-json\/wp\/v2\/media\/300103"}],"wp:attachment":[{"href":"https:\/\/www.europesays.com\/fr\/wp-json\/wp\/v2\/media?parent=300102"}],"wp:term":[{"taxonomy":"category","embeddable":true,"href":"https:\/\/www.europesays.com\/fr\/wp-json\/wp\/v2\/categories?post=300102"},{"taxonomy":"post_tag","embeddable":true,"href":"https:\/\/www.europesays.com\/fr\/wp-json\/wp\/v2\/tags?post=300102"}],"curies":[{"name":"wp","href":"https:\/\/api.w.org\/{rel}","templated":true}]}}