{"id":300104,"date":"2025-08-06T10:03:10","date_gmt":"2025-08-06T10:03:10","guid":{"rendered":"https:\/\/www.europesays.com\/fr\/300104\/"},"modified":"2025-08-06T10:03:10","modified_gmt":"2025-08-06T10:03:10","slug":"juan-ignacio-brex-est-deja-amoureux-du-rct-et-de-toulon-je-ne-pensais-pas-que-ce-reve-deviendrait-realite","status":"publish","type":"post","link":"https:\/\/www.europesays.com\/fr\/300104\/","title":{"rendered":"Juan Ignacio Brex est d\u00e9j\u00e0 amoureux du RCT et de Toulon : \u00ab\u00a0Je ne pensais pas que ce r\u00eave deviendrait r\u00e9alit\u00e9 !\u00a0\u00bb"},"content":{"rendered":"<p>Le trois-quarts centre international Italien Juan Ignacio Brex a rejoint les rangs du Rugby Club Toulonnais cet \u00e9t\u00e9.<\/p>\n<p>Le joueur de 33 ans qui compte 46 s\u00e9lections avec l\u2019Italie arrive en provenance de Tr\u00e9vise. Il va apporter toute son exp\u00e9rience au groupe Varois.<\/p>\n<p>Lors d\u2019un entretien accord\u00e9 au journal r\u00e9gional <a href=\"https:\/\/www.varmatin.com\/sport\/c-est-comme-un-reve-d-etre-a-toulon-l-international-italien-juan-ignacio-brex-euphorique-a-propos-de-son-arrivee-au-rct-996999?t=1754465169\" rel=\"nofollow noopener\" target=\"_blank\">Var-matin<\/a>, ce-dernier exprime sa joie de pouvoir rejoindre le RCT.<\/p>\n<p><strong>Il est admiratif du club Toulonnais. Extrait:<\/strong><\/p>\n<p>C\u2019est un club que j\u2019ai toujours regard\u00e9. Quand je mettais le rugby \u00e0 la t\u00e9l\u00e9, plus jeune, c\u2019\u00e9tait bien souvent Toulon, en particulier durant les ann\u00e9es glorieuses, 2013, 2014, 2015\u2026 J\u2019adorais. J\u2019ai aussi des amis qui ont jou\u00e9 ici, comme Facundo Isa. Ils m\u2019ont beaucoup parl\u00e9 du club, qui est historique en France. Pour moi, c\u2019est comme un r\u00eave d\u2019\u00eatre l\u00e0. Je ne pensais pas que ce r\u00eave deviendrait r\u00e9alit\u00e9. Mais \u00e7a s\u2019est fait. Et j\u2019en suis si heureux!<\/p>\n<p><strong>Il l\u2019affirme : c\u2019\u00e9tait le bon moment pour lui de quitter l\u2019Italie et de d\u00e9couvrir le Top 14. Extrait:<\/strong><\/p>\n<p>Apr\u00e8s huit ans l\u00e0-bas, et parce que les choses ont chang\u00e9 dans le club de Tr\u00e9vise, il \u00e9tait temps pour moi de bouger. J\u2019ai trouv\u00e9 cette superbe opportunit\u00e9 et, forc\u00e9ment, je l\u2019ai tout de suite saisie.<\/p>\n<p><strong>Il se plait d\u00e9j\u00e0 \u00e9norm\u00e9ment \u00e0 Toulon. Extrait:<\/strong><\/p>\n<p>\u00c7a a l\u2019air incroyable. \u00c9videmment, vivre pr\u00e8s de la mer avec mes deux enfants, c\u2019est \u00e0 la fois diff\u00e9rent et tr\u00e8s bien pour eux. J\u2019ai h\u00e2te de voir l\u2019atmosph\u00e8re lorsque le championnat commencera.<\/p>\n<p><strong>Il a d\u2019ailleurs d\u00e9j\u00e0 jou\u00e9 \u00e0 Mayol. Extrait:<\/strong><\/p>\n<p>J\u2019\u00e9tais venu avec le Benetton et les supporters \u00e9taient fous! Ils \u00e9taient tr\u00e8s bruyants, ils criaient tout le temps. Quand c\u2019est en votre faveur, ce genre de choses vous donne de l\u2019\u00e9nergie suppl\u00e9mentaire. \u00c0 Mayol, je m\u2019attends \u00e0 d\u00e9couvrir beaucoup de gens, de passion et d\u2019\u00e9nergie. J\u2019ai toujours bataill\u00e9 dans les meilleures comp\u00e9titions en Europe, et parfois m\u00eame en France. \u00catre ici signifie donc \u00e9norm\u00e9ment. Je viens pour essayer de gagner, d\u2019accomplir quelque chose.<\/p>\n","protected":false},"excerpt":{"rendered":"Le trois-quarts centre international Italien Juan Ignacio Brex a rejoint les rangs du Rugby Club Toulonnais cet \u00e9t\u00e9.&hellip;\n","protected":false},"author":2,"featured_media":300105,"comment_status":"","ping_status":"","sticky":false,"template":"","format":"standard","meta":{"footnotes":""},"categories":[9619],"tags":[1111,11,1777,674,1011,27,12,882,25,2310],"class_list":{"0":"post-300104","1":"post","2":"type-post","3":"status-publish","4":"format-standard","5":"has-post-thumbnail","7":"category-toulon","8":"tag-actu","9":"tag-actualites","10":"tag-eu","11":"tag-europe","12":"tag-fr","13":"tag-france","14":"tag-news","15":"tag-provence-alpes-cote-dazur","16":"tag-republique-francaise","17":"tag-toulon"},"share_on_mastodon":{"url":"https:\/\/pubeurope.com\/@fr\/114981254198153599","error":""},"_links":{"self":[{"href":"https:\/\/www.europesays.com\/fr\/wp-json\/wp\/v2\/posts\/300104","targetHints":{"allow":["GET"]}}],"collection":[{"href":"https:\/\/www.europesays.com\/fr\/wp-json\/wp\/v2\/posts"}],"about":[{"href":"https:\/\/www.europesays.com\/fr\/wp-json\/wp\/v2\/types\/post"}],"author":[{"embeddable":true,"href":"https:\/\/www.europesays.com\/fr\/wp-json\/wp\/v2\/users\/2"}],"replies":[{"embeddable":true,"href":"https:\/\/www.europesays.com\/fr\/wp-json\/wp\/v2\/comments?post=300104"}],"version-history":[{"count":0,"href":"https:\/\/www.europesays.com\/fr\/wp-json\/wp\/v2\/posts\/300104\/revisions"}],"wp:featuredmedia":[{"embeddable":true,"href":"https:\/\/www.europesays.com\/fr\/wp-json\/wp\/v2\/media\/300105"}],"wp:attachment":[{"href":"https:\/\/www.europesays.com\/fr\/wp-json\/wp\/v2\/media?parent=300104"}],"wp:term":[{"taxonomy":"category","embeddable":true,"href":"https:\/\/www.europesays.com\/fr\/wp-json\/wp\/v2\/categories?post=300104"},{"taxonomy":"post_tag","embeddable":true,"href":"https:\/\/www.europesays.com\/fr\/wp-json\/wp\/v2\/tags?post=300104"}],"curies":[{"name":"wp","href":"https:\/\/api.w.org\/{rel}","templated":true}]}}