{"id":300110,"date":"2025-08-06T10:06:09","date_gmt":"2025-08-06T10:06:09","guid":{"rendered":"https:\/\/www.europesays.com\/fr\/300110\/"},"modified":"2025-08-06T10:06:09","modified_gmt":"2025-08-06T10:06:09","slug":"les-victimes-sont-assez-sonnees","status":"publish","type":"post","link":"https:\/\/www.europesays.com\/fr\/300110\/","title":{"rendered":"\u00ab Les victimes sont assez sonn\u00e9es \u00bb"},"content":{"rendered":"<p>            Par<br \/>\n        <strong><br \/>\n            <a href=\"https:\/\/actu.fr\/auteur\/julien-bouteiller\" title=\"Consulter tous les articles de Julien Bouteiller\" rel=\"nofollow noopener\" target=\"_blank\">Julien Bouteiller<\/a><br \/>\n        <\/strong><\/p>\n<p>        Publi\u00e9 le<\/p>\n<p>            6 ao\u00fbt 2025 \u00e0 11h40        <\/p>\n<p><strong>Un home-jacking effrayant et un accident violent<\/strong>. Dans la nuit du 5 au 6 ao\u00fbt 2025, un homme s\u2019est introduit chez un couple de <a href=\"https:\/\/actu.fr\/normandie\/maromme_76410\" rel=\"nofollow noopener\" target=\"_blank\">Maromme<\/a>, pr\u00e8s de Rouen, <strong>pour voler leur voiture<\/strong>. Mais selon une source polici\u00e8re, tout cela a mal tourn\u00e9.<\/p>\n<p>Il entre, menace et vole la voiture<\/p>\n<p class=\" wall-content\">La police est appel\u00e9e vers 4h30 du matin. Un couple explique qu\u2019un homme est entr\u00e9 chez eux par la porte du sous-sol alors qu\u2019ils dormaient. \u00ab\u00a0Il est mont\u00e9 jusqu\u2019\u00e0 leur chambre, <strong>a cri\u00e9 qu\u2019il avait une carabine<\/strong> et qu\u2019il voulait les cl\u00e9s de la voiture\u00a0\u00bb, d\u00e9taille notre source. La femme s\u2019ex\u00e9cute et lui remet les cl\u00e9s du Sc\u00e9nic. <strong>\u00ab\u00a0Les victimes sont assez sonn\u00e9es.\u00a0\u00bb<\/strong><\/p>\n<p class=\" wall-content\">Le suspect prend la fuite \u00e0 bord du v\u00e9hicule. C\u2019est alors qu\u2019une autre patrouille de police est appel\u00e9e \u00e0 intervenir <strong>pour un accident, route de Dieppe<\/strong> \u00e0 <a href=\"https:\/\/actu.fr\/normandie\/deville-les-rouen_76216\" rel=\"nofollow noopener\" target=\"_blank\">D\u00e9ville-l\u00e8s-Rouen<\/a>.<\/p>\n<p>Mais il a un accident<\/p>\n<p class=\" wall-content\">Sur place, les policiers remarquent \u00ab\u00a0un Sc\u00e9nic sur le flanc et un individu assis \u00e0 c\u00f4t\u00e9\u00a0\u00bb. Ce dernier <strong>correspond au signalement du suspect<\/strong> donn\u00e9 par le couple.<\/p>\n<p class=\" wall-content\"><strong>\u00ab\u00a0Compl\u00e8tement ivre\u00a0\u00bb<\/strong>, il reconna\u00eet imm\u00e9diatement le home-jacking. Pour compl\u00e9ter le tableau, il n\u2019avait pas le permis de conduire. \u00c2g\u00e9 de 25 ans, il est transport\u00e9 au CHU pour des v\u00e9rifications avant d\u2019\u00eatre plac\u00e9 en garde \u00e0 vue.<\/p>\n<p>Suivez l\u2019actualit\u00e9 de Rouen <a href=\"https:\/\/www.whatsapp.com\/channel\/0029VaKfnf99hXF2ddApFB1D\" rel=\"nofollow noopener\" target=\"_blank\">sur notre cha\u00eene WhatsApp<\/a> et <a href=\"https:\/\/www.tiktok.com\/@76actu.fr?lang=fr\" rel=\"nofollow noopener\" target=\"_blank\">sur notre compte TikTok<\/a><\/p>\n<p class=\" wall-content\">Suivez toute l\u2019actualit\u00e9 de vos villes et m\u00e9dias favoris en vous inscrivant \u00e0 <a href=\"https:\/\/moncompte.actu.fr\" title=\"D\u00e9couvez Mon Actu\" rel=\"nofollow noopener\" data-trk=\"{&quot;cta&quot;:{&quot;action&quot;:&quot;https:\\\/\\\/moncompte.actu.fr&quot;,&quot;category&quot;:&quot;mon compte&quot;,&quot;from&quot;:&quot;article footer&quot;,&quot;name&quot;:&quot;Mon actu&quot;,&quot;type&quot;:&quot;cta&quot;}}\" target=\"_blank\">Mon Actu<\/a>.<\/p>\n<p>                    <script async src=\"\/\/www.tiktok.com\/embed.js\"><\/script><\/p>\n","protected":false},"excerpt":{"rendered":"Par Julien Bouteiller Publi\u00e9 le 6 ao\u00fbt 2025 \u00e0 11h40 Un home-jacking effrayant et un accident violent. Dans&hellip;\n","protected":false},"author":2,"featured_media":300111,"comment_status":"","ping_status":"","sticky":false,"template":"","format":"standard","meta":{"footnotes":""},"categories":[9587],"tags":[119,1111,11,1777,674,118,1011,27,9816,12,5161,1072,25,9590],"class_list":{"0":"post-300110","1":"post","2":"type-post","3":"status-publish","4":"format-standard","5":"has-post-thumbnail","7":"category-rouen","8":"tag-accident","9":"tag-actu","10":"tag-actualites","11":"tag-eu","12":"tag-europe","13":"tag-faits-divers","14":"tag-fr","15":"tag-france","16":"tag-home-jacking","17":"tag-news","18":"tag-normandie","19":"tag-police","20":"tag-republique-francaise","21":"tag-rouen"},"share_on_mastodon":{"url":"https:\/\/pubeurope.com\/@fr\/114981265933300131","error":""},"_links":{"self":[{"href":"https:\/\/www.europesays.com\/fr\/wp-json\/wp\/v2\/posts\/300110","targetHints":{"allow":["GET"]}}],"collection":[{"href":"https:\/\/www.europesays.com\/fr\/wp-json\/wp\/v2\/posts"}],"about":[{"href":"https:\/\/www.europesays.com\/fr\/wp-json\/wp\/v2\/types\/post"}],"author":[{"embeddable":true,"href":"https:\/\/www.europesays.com\/fr\/wp-json\/wp\/v2\/users\/2"}],"replies":[{"embeddable":true,"href":"https:\/\/www.europesays.com\/fr\/wp-json\/wp\/v2\/comments?post=300110"}],"version-history":[{"count":0,"href":"https:\/\/www.europesays.com\/fr\/wp-json\/wp\/v2\/posts\/300110\/revisions"}],"wp:featuredmedia":[{"embeddable":true,"href":"https:\/\/www.europesays.com\/fr\/wp-json\/wp\/v2\/media\/300111"}],"wp:attachment":[{"href":"https:\/\/www.europesays.com\/fr\/wp-json\/wp\/v2\/media?parent=300110"}],"wp:term":[{"taxonomy":"category","embeddable":true,"href":"https:\/\/www.europesays.com\/fr\/wp-json\/wp\/v2\/categories?post=300110"},{"taxonomy":"post_tag","embeddable":true,"href":"https:\/\/www.europesays.com\/fr\/wp-json\/wp\/v2\/tags?post=300110"}],"curies":[{"name":"wp","href":"https:\/\/api.w.org\/{rel}","templated":true}]}}