{"id":300112,"date":"2025-08-06T10:07:10","date_gmt":"2025-08-06T10:07:10","guid":{"rendered":"https:\/\/www.europesays.com\/fr\/300112\/"},"modified":"2025-08-06T10:07:10","modified_gmt":"2025-08-06T10:07:10","slug":"club-des-600-julien-correia-je-suis-ne-a-rouen-jai-grandi-a-rouen-je-me-suis-fait-dans-les-hautes-alpes","status":"publish","type":"post","link":"https:\/\/www.europesays.com\/fr\/300112\/","title":{"rendered":"Club des 600. Julien Correia : \u00ab Je suis n\u00e9 \u00e0 Rouen, j&rsquo;ai grandi \u00e0 Rouen, je me suis fait dans les Hautes-Alpes \u00bb"},"content":{"rendered":"<p>\u00a0<\/p>\n<p class=\"chapeau\">Pour sa derni\u00e8re saison en Synerglace Ligue Magnus, Julien Correia a atteint la barre symbolique des 600 matchs et int\u00e9gr\u00e9 le club des 600. Pass\u00e9 par Rouen, Strasbourg, Lyon et Gap, l\u2019attaquant revient sur ses 17 saisons riches en rebondissements entre la D1, l\u2019\u00e9quipe de France mais aussi le titre en Ligue Magnus et le Troph\u00e9e Albert Hassler !<\/p>\n<p style=\"text-align: right;\">Cr\u00e9dit photo : Hugo Gu\u00e9rin<\/p>\n<p><strong>Tu as annonc\u00e9 la fin de ta carri\u00e8re cette saison apr\u00e8s avoir pass\u00e9 17 ans en Ligue Magnus. Quel bilan fais-tu de celle-ci\u00a0? <\/strong><\/p>\n<p>C\u2019\u00e9tait une belle aventure (sourires). Quand j\u2019\u00e9tais petit, c\u2019\u00e9tait mon r\u00eave de pouvoir vivre de ma passion. J\u2019ai rencontr\u00e9 \u00e9norm\u00e9ment de personnes avec des horizons diff\u00e9rentes et j\u2019ai appris beaucoup de choses dans le hockey, dans ma vie. Partout o\u00f9 je suis pass\u00e9, je n\u2019ai gard\u00e9 que des bons souvenirs. Je pense que c\u2019est un bilan positif.<\/p>\n<p><strong>C\u2019est lors de cette derni\u00e8re saison que tu as rejoins le club des 600 avec 605 matchs jou\u00e9s dans l\u2019\u00e9lite. Que repr\u00e9sente ce chiffre pour toi\u00a0? <\/strong><\/p>\n<p>C\u2019est cool d\u2019avoir int\u00e9gr\u00e9 ce club (rires). Mais je pense qu\u2019il va vite \u00eatre d\u00e9pass\u00e9. On a commenc\u00e9 avec des saisons \u00e0 26 matchs, et depuis maintenant 7 ou 8 ans, on a quasiment doubl\u00e9 le volume de rencontres. Donc, soit on va devenir tr\u00e8s nombreux dans le club des 600, soit vous allez faire des clubs plus importants apr\u00e8s (rires). Mais \u00e7a veut aussi dire que j\u2019ai pu profiter d\u2019une longue exp\u00e9rience et j\u2019en suis ravi.<\/p>\n<p><strong>Depuis tes d\u00e9buts, comment d\u00e9crierais-tu le championnat fran\u00e7ais\u00a0? Sur quels aspects aurait-il \u00e9voluer positivement\u00a0? <\/strong><\/p>\n<p>Je pense qu\u2019il n\u2019a \u00e9volu\u00e9 que positivement (le championnat). Quand j\u2019ai commenc\u00e9, les r\u00e8gles du hockey n\u2019\u00e9taient pas les m\u00eames. Maintenant, l\u2019accent a \u00e9t\u00e9 mis sur l\u2019offensive, la vitesse donc pour un petit joueur comme moi, c\u2019\u00e9tait la direction parfaite \u00e0 prendre. La Synerglace Ligue Magnus s\u2019est \u00e9norm\u00e9ment professionnalis\u00e9e\u00a0! Il y a encore des choses \u00e0 faire, c\u2019est vrai, mais les salaires des jeunes joueurs d\u2019aujourd\u2019hui sont mieux que ceux qu\u2019on a connus par exemple. Et c\u2019est d\u00e9j\u00e0 un bon premier pas. Il y a beaucoup de choses qui vont dans la bonne direction.<\/p>\n<blockquote>\n<p><strong>\u00ab\u00a0Je les remercie pour l\u2019opportunit\u00e9 qu\u2019ils m\u2019ont donn\u00e9 de m\u2019\u00e9panouir en tant qu\u2019hockeyeur et j\u2019aimerais le rendre au club en apportant mon exp\u00e9rience\u00a0\u00bb<\/strong><\/p>\n<\/blockquote>\n<p><strong>En plus d\u2019\u00eatre capitaine de Rouen en U18, tu d\u00e9couvres la Ligue Magnus en 2005-2006. Raconte-nous ce premier match\u00a0!<\/strong><\/p>\n<p>C\u2019\u00e9tait un grand moment, mais en fait tu es trop jeune pour t\u2019en rendre compte. J\u2019avais 17 ans et quelques jours donc tu ne r\u00e9alises pas vraiment. Tu te r\u00e9veilles le matin, c\u2019est un match comme les autres. Mais une fois dans la patinoire, il y a beaucoup de monde dans les tribunes, avec que des adultes, qui ne savent pas ce que tu fais avec ta grille sur le casque. L\u00e0, tu te rends compte que \u00e7a ne sera pas un match comme les autres. Finalement, c\u2019est mon insouciance qui m\u2019a permis de jouer quelques matchs cette saison l\u00e0 en \u00e9tant si jeune. Je ne me rendais pas compte des enjeux, et je m\u2019amusais juste sur la glace.<\/p>\n<p><strong>Lors de la saison 2017-2018, en plus de la Coupe de France avec Lyon, tu gagnes le troph\u00e9e Albert Hassler de meilleur joueur fran\u00e7ais. Quel est ton ressenti sur ce troph\u00e9e individuel ? <\/strong><\/p>\n<p>Je ne m\u2019y attendais pas. Quand je l\u2019ai appris, j\u2019\u00e9tais dans ma voiture. Il y a beaucoup de param\u00e8tres qui m\u2019ont permis d\u2019avoir ce troph\u00e9e. La saison collective qu\u2019on avait fait \u00e0 Lyon cette ann\u00e9e-l\u00e0 est un atout majeur pour y parvenir.<br \/>J\u2019\u00e9tais content, c\u2019\u00e9tait un peu l\u2019aboutissement de cette merveilleuse saison. Et je me suis dit que je laissais mon nom dans le palmar\u00e8s de ce troph\u00e9e individuel. J\u2019avais d\u00e9j\u00e0 plein de copains qui l\u2019avaient eu, j\u2019\u00e9tais heureux de me joindre \u00e0 eux.<\/p>\n<p><strong>Tu as termin\u00e9 ta carri\u00e8re \u00e0 Gap apr\u00e8s 13 ann\u00e9es cumul\u00e9es chez les Rapaces, d\u2019abord capitaine en U22 puis joueur et capitaine assistant de l\u2019\u00e9quipe premi\u00e8re. Comment as-tu v\u00e9cu tout ton parcours en Hautes-Alpes\u00a0? <\/strong><\/p>\n<p>Je dis tr\u00e8s souvent, je suis n\u00e9 \u00e0 Rouen, j\u2019ai grandi \u00e0 Rouen, et je me suis fait dans les Hautes-Alpes (sourires). C\u2019est ma deuxi\u00e8me maison, c\u2019est mon chez moi. J\u2019y suis parti apr\u00e8s quelques ann\u00e9es pour d\u00e9couvrir d\u2019autres choses, mais dans ma t\u00eate j\u2019avais toujours l\u2019envie de revenir. Et quand l\u2019opportunit\u00e9 s\u2019est pr\u00e9sent\u00e9e il y a sept ans, je n\u2019ai pas h\u00e9sit\u00e9 une seconde. Je me consid\u00e8re compl\u00e8tement gapen\u00e7ais. Mes enfants sont maintenant aussi au club de Gap et j\u2019ai envie de m\u2019investir justement dans la formation des jeunes joueurs gapen\u00e7ais. Je les remercie pour l\u2019opportunit\u00e9 qu\u2019ils m\u2019ont donn\u00e9 de m\u2019\u00e9panouir en tant qu\u2019hockeyeur et j\u2019aimerais le rendre au club en apportant mon exp\u00e9rience.<\/p>\n<p><strong>Cr\u00e9dit photo\u00a0 : Rapaces de Gap<\/strong><\/p>\n<p><strong>As-tu un regret de finir par deux saisons \u00e0 se battre pour le maintien ? <\/strong><\/p>\n<p>Oui, c\u2019est une \u00e9norme d\u00e9ception. Surtout que les deux saisons pr\u00e9c\u00e9dentes, on fait deux finales de Coupe de France, et des belles s\u00e9ries de playoffs. La chute a \u00e9t\u00e9 un peu brutale. (il r\u00e9fl\u00e9chit) Ce n\u2019est clairement pas ce que le public, les actionnaires et les investisseurs gapen\u00e7ais m\u00e9ritent. Je pense que certaines d\u00e9cisions ont \u00e9t\u00e9 prises pour rem\u00e9dier \u00e0 \u00e7a. C\u2019est dommage que \u00e7a se termine pour moi comme \u00e7a mais \u00e7a fait partie aussi du sport. Si on ne vivait que des belles saisons, on ne saurait pas autant en profiter. Ces saisons d\u00e9licates font parties de notre histoire et \u00e7a reste de beaux enseignements dans nos vies personnelles.<\/p>\n<p><strong>Tu as jou\u00e9 en championnat majeur un peu \u00e0 Rouen, puis \u00e0 Strasbourg, Lyon et Gap. Dans quel club as-tu eu les meilleures sensations\u00a0?<\/strong><\/p>\n<p>Ce sont quatre clubs totalement diff\u00e9rents (rires). J\u2019ai grandi \u00e0 Rouen o\u00f9 c\u2019\u00e9tait vraiment une culture des plaines du hockey. \u00c0 cette \u00e9poque, c\u2019\u00e9tait un des clubs moteurs de la formation des joueurs en France. C\u2019est en grande partie gr\u00e2ce \u00e0 eux que j\u2019ai pu vivre de ma passion. Strasbourg et Lyon \u00e9taient des clubs avec moins d\u2019Histoire. Les deux ont essay\u00e9 de se d\u00e9velopper du mieux qu\u2019ils le pouvaient, et au cumul\u00e9, j\u2019ai pass\u00e9 huit ans fabuleux. Et Gap, c\u2019est totalement diff\u00e9rent. C\u2019\u00e9tait un autre challenge que j\u2019ai aussi ador\u00e9. Quand je suis arriv\u00e9, Gap \u00e9tait en Division 1, il a fallu remonter en \u00c9lite. J\u2019y ai vraiment tout connu.<\/p>\n<p><strong>Cr\u00e9dit photo : Le DL\/Vincent Ollivier<\/strong><\/p>\n<p><strong>Avec quel co\u00e9quipier as-tu le plus li\u00e9 une relation d\u2019amiti\u00e9\u00a0? Qu\u2019est-ce qui a fonctionn\u00e9 entre vous\u00a0?<\/strong><\/p>\n<p>Elle est dure cette question. C\u2019est un joueur avec qui j\u2019ai commenc\u00e9 ma carri\u00e8re \u00e0 Gap, Maximilien Tromeur. On vient du m\u00eame club, on est de la m\u00eame g\u00e9n\u00e9ration, on a tous les deux grandi \u00e0 Rouen. Je pense que \u00e7a a bien march\u00e9 entre nous surtout parce qu\u2019on \u00e9tait rarement d\u2019accord mais qu\u2019on arrivait toujours \u00e0 aller dans la m\u00eame direction (rires). C\u2019est toujours mon meilleur ami, c\u2019est le parrain de mon fils, et r\u00e9ciproquement.<\/p>\n<blockquote>\n<p><strong>\u00ab\u00a0J\u2019ai envie de transmettre tout ce que j\u2019ai appris pendant plus de 30 ans\u00a0\u00bb<\/strong><\/p>\n<\/blockquote>\n<p><strong>Avec quel joueur aurais-tu aim\u00e9 jouer et qui est pass\u00e9 par la Synerglace Ligue Magnus\u00a0?<\/strong><\/p>\n<p>C\u2019est une bonne question. Il y en a plusieurs avec qui je n\u2019ai jamais jou\u00e9 et que j\u2019aurais aim\u00e9. Je n\u2019ai jamais \u00e9t\u00e9 co\u00e9quipier avec Philippe Halley, mais je suis convaincu que c\u2019\u00e9tait un profil o\u00f9 on aurait pu bien s\u2019entendre sur la glace. J\u2019ai toujours pris beaucoup de plaisir \u00e0 discuter avec lui en se croisant sur les matchs. Et apr\u00e8s, il y a des joueurs qui sont arriv\u00e9s avec une \u00e9norme exp\u00e9rience o\u00f9 j\u2019aurais beaucoup aim\u00e9 \u00e9changer avec eux comme \u00c9ric Chouinard. Cela aurait \u00e9t\u00e9 aussi un bon moment.\u00a0De mon c\u00f4t\u00e9, j\u2019ai eu la chance de jouer avec J\u00e1n Pardav\u00fd, vice-champion olympique avec la Slovaquie. C\u2019\u00e9tait exceptionnel de pouvoir discuter avec cette personne.<\/p>\n<p><strong>En plus de ton exp\u00e9rience en club, tu as particip\u00e9 \u00e0 10 rencontres de l\u2019Equipe de France avec un but marqu\u00e9. Qu\u2019est-ce que \u00e7a fait d\u2019avoir ce maillot sur le dos\u00a0?<\/strong><\/p>\n<p>C\u2019\u00e9tait une fiert\u00e9 et une cons\u00e9cration \u00e0 chaque \u00e9tape, en U16, en U18, en U20, puis apr\u00e8s en seniors. J\u2019aurais aim\u00e9 avoir une histoire plus longue avec l\u2019\u00c9quipe de France Seniors, mais je n\u2019ai peut-\u00eatre pas fait les bons choix \u00e0 certains moments dans ma carri\u00e8re. Je n\u2019ai pas de regrets l\u00e0-dessus, mais c\u2019est peut-\u00eatre la seule partie que je changerais de ma carri\u00e8re.<\/p>\n<p><strong>Cr\u00e9dit photo : Fabien Baldino<\/strong><\/p>\n<p><strong>Et quand tu as \u00e9t\u00e9 nomm\u00e9 capitaine en U18. Qu\u2019est-ce que \u00e7a repr\u00e9sente d\u2019avoir ces responsabilit\u00e9s\u00a0?<\/strong><\/p>\n<p>Pour moi, c\u2019\u00e9tait une r\u00e9compense. Cela signifiait que j\u2019avais la bonne attitude et que j\u2019\u00e9tais un exemple pour mes co\u00e9quipiers. J\u2019ai pris ces responsabilit\u00e9s tr\u00e8s \u00e0 c\u0153ur. C\u2019\u00e9tait Lionel Charrier qui m\u2019avait donn\u00e9 cette lettre sur le maillot et je l\u2019en remercie \u00e9norm\u00e9ment. C\u2019\u00e9tait une super exp\u00e9rience.<\/p>\n<p><strong>On peut dire que tu pr\u00e9pares d\u00e9j\u00e0 ton avenir dans le hockey en faisant une formation pour devenir entra\u00eeneur. Qu\u2019est-ce qui t\u2019a motiv\u00e9 \u00e0 passer le concours\u00a0?<\/strong><\/p>\n<p>C\u2019est en sentant la fin de ma carri\u00e8re de joueur arriver, qu\u2019il y a quelques ann\u00e9es, je me suis dit que j\u2019aimais trop ce sport pour faire autre chose apr\u00e8s. Et donc quand tu ne peux plus \u00eatre joueur, le plus simple pour garder la comp\u00e9tition, c\u2019est de devenir entra\u00eeneur. Je me suis donc inscrit \u00e0 cette formation (Dipl\u00f4me d\u2019Etat Sportif de Haut Niveau) pour voir si \u00e7a pouvait me plaire, et pour l\u2019instant, je me r\u00e9gale. Je pense que je vais essayer de rester un moment encore dans ce milieu. C\u2019est ma passion, et j\u2019ai envie de transmettre tout ce que j\u2019ai appris pendant plus de 30 ans.<\/p>\n<blockquote>\n<p><strong>\u00ab\u00a0Peter Almasy avait une rigueur extraordinaire, c\u2019est lui qui m\u2019a format\u00e9\u00a0\u00bb<\/strong><\/p>\n<\/blockquote>\n<p><strong>Est-ce que justement tu as un entra\u00eeneur qui t\u2019as marqu\u00e9 durant ta carri\u00e8re\u00a0?<\/strong><\/p>\n<p>Il y en a plusieurs, mais je citerais mon premier entra\u00eeneur en jeunes, Peter Almasy. Je pense que beaucoup d\u2019anciens le connaissent. Il avait une rigueur extraordinaire, et pour moi, c\u2019est lui qui m\u2019a format\u00e9. Plus tard, j\u2019ai rencontr\u00e9 Mitja Sivic. C\u2019\u00e9taient ces d\u00e9buts d\u2019entra\u00eeneur, mais il avait une vision que je partage totalement. Il m\u2019a fait passer un cap et changer de dimension en tant que joueur. C\u2019est un peu des deux que j\u2019aimerais m\u2019inspirer.<\/p>\n<p><strong>Que peut-on te souhaiter pour la suite\u00a0?<\/strong><\/p>\n<p>On peut souhaiter beaucoup de courage \u00e0 mes futurs joueurs et m\u2019\u00e9panouir en tant qu\u2019entra\u00eeneur.<\/p>\n<p><strong>Questions p\u00eale-m\u00eale<\/strong><\/p>\n<ul>\n<li><strong>Ton meilleur match en Synerglace Ligue Magnus<\/strong><\/li>\n<\/ul>\n<p>Mon meilleur match\u2026 (il h\u00e9site) Je ne sais pas quoi r\u00e9pondre, c\u2019est exceptionnel. Avec 600 rencontres, cela fait beaucoup. J\u2019ai souvenir d\u2019un match avec Lyon o\u00f9 je finis avec trois buts sur le match alors que j\u2019avais 40 de fi\u00e8vre et que j\u2019\u00e9tais physiquement \u00e0 la cave. Mais du coup, j\u2019ai jou\u00e9 compl\u00e8tement rel\u00e2ch\u00e9 et tout a fonctionn\u00e9. Je pourrais le rejouer dix fois, \u00e7a ne se passerait jamais pareil.<\/p>\n<ul>\n<li><strong>Ton pire match en Synerglace Ligue Magnus<\/strong><\/li>\n<\/ul>\n<p>L\u00e0, il y en a plein par contre (rires). Dans un pass\u00e9 proche, il y a deux-trois saisons, je joue un match o\u00f9 sur quatre pr\u00e9sences sur la glace, on prend trois buts. Ils ne sont pas tous \u00e0 cause de moi, mais le coach nous a fait asseoir jusqu\u2019\u00e0 la fin et on a compris pourquoi. Ce n\u2019\u00e9tait pas un super moment pour nous.<\/p>\n<ul>\n<li><strong>Le meilleur souvenir de ta carri\u00e8re ?<\/strong><\/li>\n<\/ul>\n<p>(il r\u00e9fl\u00e9chit) Pour moi, ce sont toutes les finales jou\u00e9es \u00e0 Bercy. Il y a des tr\u00e8s belles patinoires maintenant en France, beaucoup d\u2019ar\u00e9nas de haut-niveau avec d\u2019excellentes infrastructures. Mais Bercy, l\u2019Accor Arena maintenant, c\u2019est le graal. Cela n\u2019arrive pas toujours dans notre carri\u00e8re, donc c\u2019\u00e9taient vraiment de grands moments. Je rajouterai aussi le Winter Classic \u00e0 Lyon, qui \u00e9tait quelque chose de grandiose.<\/p>\n<p>Quand j\u2019ai pris la d\u00e9cision que \u00e7a allait \u00eatre la derni\u00e8re ann\u00e9e de ma carri\u00e8re. J\u2019ai fait ce choix au cours de la saison. Cela a \u00e9t\u00e9 tr\u00e8s dur \u00e0 accepter. Je savais que c\u2019\u00e9tait la bonne d\u00e9cision, donc \u00e7a l\u2019a rendue plus facile, mais \u00e9motionnellement, c\u2019\u00e9tait tr\u00e8s douloureux.<\/p>\n<p>2017-2018\u00a0! C\u2019est l\u2019ann\u00e9e de la naissance de mon fils.<\/p>\n<p><strong>Cr\u00e9dit photo : Xavier Lain\u00e9<\/strong><\/p>\n<p>Clairement la derni\u00e8re. Je me suis tr\u00e8s peu bless\u00e9 dans ma carri\u00e8re, mais sur celle-ci, je me blesse en d\u00e9but de saison et rien ne s\u2019est pass\u00e9 comme pr\u00e9vu. En plus de savoir que c\u2019\u00e9tait la derni\u00e8re, c\u2019\u00e9tait compliqu\u00e9.<\/p>\n<p>Un penalty o\u00f9 je fais une Forsberg, il n\u2019y a pas si longtemps. Je ne l\u2019avais pas fait depuis des ann\u00e9es et cela m\u2019a fait tr\u00e8s plaisir de la ressortir \u00e0 37 ans.<\/p>\n<p><b>Julien Correia en bref<\/b><\/p>\n<ul>\n<li style=\"font-weight: 400;\">N\u00e9 le 14 janvier 1988<\/li>\n<li style=\"font-weight: 400;\">Fran\u00e7ais<\/li>\n<li style=\"font-weight: 400;\">Attaquant<\/li>\n<li style=\"font-weight: 400;\"><b>Clubs en France (uniquement Synerglace Ligue Magnus) : <\/b>Rouen (2005-2006), Gap (2009-2011\/2019-2025), Strasbourg (2011-2014), Lyon (2014-2019)<\/li>\n<li style=\"font-weight: 400;\"><b>Nombre de matches en Synerglace Ligue Magnus :<\/b> 605 (526 en saison r\u00e9guli\u00e8re, 32 en playdowns et 47 en playoffs), pour un total de 495 points inscrits dont 180 buts<\/li>\n<li><strong>\u00c9lu meilleur joueur fran\u00e7ais de la Ligue Magnus (2017-2018)<\/strong><\/li>\n<li><strong>Vainqueur de la Ligue Magnus (2017-2018)<\/strong><\/li>\n<\/ul>\n<p>Les interviews des membres du club des 600<\/p>\n","protected":false},"excerpt":{"rendered":"\u00a0 Pour sa derni\u00e8re saison en Synerglace Ligue Magnus, Julien Correia a atteint la barre symbolique des 600&hellip;\n","protected":false},"author":2,"featured_media":300113,"comment_status":"","ping_status":"","sticky":false,"template":"","format":"standard","meta":{"footnotes":""},"categories":[9587],"tags":[1111,11,1777,674,1011,27,12,5161,25,9590],"class_list":{"0":"post-300112","1":"post","2":"type-post","3":"status-publish","4":"format-standard","5":"has-post-thumbnail","7":"category-rouen","8":"tag-actu","9":"tag-actualites","10":"tag-eu","11":"tag-europe","12":"tag-fr","13":"tag-france","14":"tag-news","15":"tag-normandie","16":"tag-republique-francaise","17":"tag-rouen"},"share_on_mastodon":{"url":"https:\/\/pubeurope.com\/@fr\/114981269854935879","error":""},"_links":{"self":[{"href":"https:\/\/www.europesays.com\/fr\/wp-json\/wp\/v2\/posts\/300112","targetHints":{"allow":["GET"]}}],"collection":[{"href":"https:\/\/www.europesays.com\/fr\/wp-json\/wp\/v2\/posts"}],"about":[{"href":"https:\/\/www.europesays.com\/fr\/wp-json\/wp\/v2\/types\/post"}],"author":[{"embeddable":true,"href":"https:\/\/www.europesays.com\/fr\/wp-json\/wp\/v2\/users\/2"}],"replies":[{"embeddable":true,"href":"https:\/\/www.europesays.com\/fr\/wp-json\/wp\/v2\/comments?post=300112"}],"version-history":[{"count":0,"href":"https:\/\/www.europesays.com\/fr\/wp-json\/wp\/v2\/posts\/300112\/revisions"}],"wp:featuredmedia":[{"embeddable":true,"href":"https:\/\/www.europesays.com\/fr\/wp-json\/wp\/v2\/media\/300113"}],"wp:attachment":[{"href":"https:\/\/www.europesays.com\/fr\/wp-json\/wp\/v2\/media?parent=300112"}],"wp:term":[{"taxonomy":"category","embeddable":true,"href":"https:\/\/www.europesays.com\/fr\/wp-json\/wp\/v2\/categories?post=300112"},{"taxonomy":"post_tag","embeddable":true,"href":"https:\/\/www.europesays.com\/fr\/wp-json\/wp\/v2\/tags?post=300112"}],"curies":[{"name":"wp","href":"https:\/\/api.w.org\/{rel}","templated":true}]}}