{"id":300118,"date":"2025-08-06T10:12:10","date_gmt":"2025-08-06T10:12:10","guid":{"rendered":"https:\/\/www.europesays.com\/fr\/300118\/"},"modified":"2025-08-06T10:12:10","modified_gmt":"2025-08-06T10:12:10","slug":"conflit-au-chu-de-rennes-lhelicoptere-du-samu-a-repris-ses-vols-apres-trois-semaines-darret","status":"publish","type":"post","link":"https:\/\/www.europesays.com\/fr\/300118\/","title":{"rendered":"Conflit au CHU de Rennes\u00a0: l&rsquo;h\u00e9licopt\u00e8re du SAMU a repris ses vols apr\u00e8s trois semaines d&rsquo;arr\u00eat"},"content":{"rendered":"<p>L&rsquo;h\u00e9licopt\u00e8re du SAMU 35 a repris ses vols mardi 5 ao\u00fbt 2025 alors qu&rsquo;il \u00e9tait \u00e0 l&rsquo;arr\u00eat depuis le 11 juillet. C&rsquo;est ce qu&rsquo;annonce la direction du CHU de Rennes.  Les pilotes et les assistants de vol avaient utilis\u00e9 leur droit de retrait suite \u00e0 des tensions les opposant au chef du SAMU.<\/p>\n<p>L&rsquo;h\u00e9licopt\u00e8re du SAMU 35 a repris ses missions de transport sanitaire d&rsquo;urgence mardi 5 ao\u00fbt 2025 alors que l&rsquo;appareil \u00e9tait clou\u00e9 au sol depuis le 11 juillet. C&rsquo;est ce qu&rsquo;annonce la direction du CHU de Rennes. <strong>L&rsquo;int\u00e9gralit\u00e9 de l&rsquo;\u00e9quipage \u00e9tait en conflit avec le chef du SAMU d&rsquo;Ille-et-Vilaine<\/strong>. Les pilotes et les assistants de vol avaient utilis\u00e9 leur droit de retrait suite \u00e0 des tensions les opposant \u00e0 Louis Soulat. \u00ab\u00a0La reprise, c&rsquo;\u00e9tait la priorit\u00e9\u00a0\u00bb confirme ce dernier \u00e0 ICI Armorique sans commenter davantage les conditions de cette reprise.<\/p>\n<p>Des pannes \u00e0 r\u00e9p\u00e9tition<\/p>\n<p>En mars 2025,\u00a0<a class=\"IciLink ici-link IciArticleLink g-ici-body-regular-1 underline brand svelte-lu7k6w\" href=\"https:\/\/www.francebleu.fr\/infos\/sante-sciences\/l-helicoptere-du-samu-35-est-encore-en-panne-on-ne-repond-plus-a-nos-missions-dit-le-patron-des-urgences-3141801\" rel=\"nofollow noopener\" target=\"_blank\">Louis Soulat n&rsquo;avait pas cach\u00e9 son exasp\u00e9ration apr\u00e8s une s\u00e9rie de pannes de l&rsquo;h\u00e9licopt\u00e8re<\/a>\u00a0exploit\u00e9 par la soci\u00e9t\u00e9 anglaise Babcock retenue dans le cadre d&rsquo;un appel d&rsquo;offres lanc\u00e9 au niveau r\u00e9gional par trois h\u00f4pitaux, Rennes, Brest et Saint-Brieuc. A cette p\u00e9riode, le SAMU connaissait sa\u00a0septi\u00e8me interruption de service depuis le d\u00e9but de l&rsquo;ann\u00e9e entrainant des risques pour les patients en extr\u00eame urgence suite notamment \u00e0 des AVC ou des infarctus. Pendant les trois semaines d&rsquo;arr\u00eat, des solutions alternatives ont du \u00eatre trouv\u00e9es pour \u00e9vacuer les patients en urgence avec l&rsquo;intervention notamment de l&rsquo;h\u00e9licopt\u00e8re de la s\u00e9curit\u00e9 civile.<\/p>\n","protected":false},"excerpt":{"rendered":"L&rsquo;h\u00e9licopt\u00e8re du SAMU 35 a repris ses vols mardi 5 ao\u00fbt 2025 alors qu&rsquo;il \u00e9tait \u00e0 l&rsquo;arr\u00eat depuis&hellip;\n","protected":false},"author":2,"featured_media":300119,"comment_status":"","ping_status":"","sticky":false,"template":"","format":"standard","meta":{"footnotes":""},"categories":[2821],"tags":[1111,11,829,1777,674,1011,27,12,584,25],"class_list":{"0":"post-300118","1":"post","2":"type-post","3":"status-publish","4":"format-standard","5":"has-post-thumbnail","7":"category-rennes","8":"tag-actu","9":"tag-actualites","10":"tag-bretagne","11":"tag-eu","12":"tag-europe","13":"tag-fr","14":"tag-france","15":"tag-news","16":"tag-rennes","17":"tag-republique-francaise"},"share_on_mastodon":{"url":"https:\/\/pubeurope.com\/@fr\/114981289540251512","error":""},"_links":{"self":[{"href":"https:\/\/www.europesays.com\/fr\/wp-json\/wp\/v2\/posts\/300118","targetHints":{"allow":["GET"]}}],"collection":[{"href":"https:\/\/www.europesays.com\/fr\/wp-json\/wp\/v2\/posts"}],"about":[{"href":"https:\/\/www.europesays.com\/fr\/wp-json\/wp\/v2\/types\/post"}],"author":[{"embeddable":true,"href":"https:\/\/www.europesays.com\/fr\/wp-json\/wp\/v2\/users\/2"}],"replies":[{"embeddable":true,"href":"https:\/\/www.europesays.com\/fr\/wp-json\/wp\/v2\/comments?post=300118"}],"version-history":[{"count":0,"href":"https:\/\/www.europesays.com\/fr\/wp-json\/wp\/v2\/posts\/300118\/revisions"}],"wp:featuredmedia":[{"embeddable":true,"href":"https:\/\/www.europesays.com\/fr\/wp-json\/wp\/v2\/media\/300119"}],"wp:attachment":[{"href":"https:\/\/www.europesays.com\/fr\/wp-json\/wp\/v2\/media?parent=300118"}],"wp:term":[{"taxonomy":"category","embeddable":true,"href":"https:\/\/www.europesays.com\/fr\/wp-json\/wp\/v2\/categories?post=300118"},{"taxonomy":"post_tag","embeddable":true,"href":"https:\/\/www.europesays.com\/fr\/wp-json\/wp\/v2\/tags?post=300118"}],"curies":[{"name":"wp","href":"https:\/\/api.w.org\/{rel}","templated":true}]}}