{"id":30013,"date":"2025-04-16T21:28:10","date_gmt":"2025-04-16T21:28:10","guid":{"rendered":"https:\/\/www.europesays.com\/fr\/30013\/"},"modified":"2025-04-16T21:28:10","modified_gmt":"2025-04-16T21:28:10","slug":"sortir-a-toulouse-carnaval-brocante-des-capitouls-foire-que-faire-ce-week-end","status":"publish","type":"post","link":"https:\/\/www.europesays.com\/fr\/30013\/","title":{"rendered":"Sortir \u00e0 Toulouse. Carnaval, brocante des Capitouls, foire&#8230;. : que faire ce week-end\u00a0?"},"content":{"rendered":"<p>            Par<br \/>\n        <strong><br \/>\n            <a href=\"https:\/\/actu.fr\/auteur\/gabriel-kenedi\" title=\"Consulter tous les articles de Gabriel Kenedi\" target=\"_blank\" rel=\"noopener\">Gabriel Kenedi<\/a><br \/>\n        <\/strong><\/p>\n<p>        Publi\u00e9 le<\/p>\n<p>            16 avr. 2025 \u00e0 20h12        <\/p>\n<p>Pas de rel\u00e2che, m\u00eame pendant les vacances ! Culturels, festifs, voire m\u00eame les deux, de nombreux \u00e9v\u00e9nements vont avoir lieu du vendredi 18 au lundi 21 avril 2025 (qui est f\u00e9ri\u00e9, rappelons-le, week-end pascal oblige), \u00e0 <strong>Toulouse<\/strong>. La grande parade du carnaval, la Foire de <a href=\"http:\/\/www.actu.fr\/toulouse\" target=\"_blank\" rel=\"noopener\">Toulouse<\/a>, une brocante rue d\u2019Alsace, du sport, des spectacles\u2026 On vous a s\u00e9lectionn\u00e9 <strong>10 sorties <\/strong>\u00e0 faire ce week-end dans la Ville rose. Let\u2019s go !\u00a0<\/p>\n<p>#1. Samedi, c\u2019est carnaval\u00a0<br \/>\n      <img   decoding=\"async\" loading=\"lazy\" src=\"https:\/\/www.europesays.com\/fr\/wp-content\/uploads\/2025\/04\/carnaval-toulouse-2024-mlc-22-960x640.jpg\" alt=\"Les images du carnaval \u00e0 Toulouse. \" width=\"960\" height=\"640\"\/><br \/>\n    Le carnaval de Toulouse revient pour une nouvelle \u00e9dition, samedi 19 avril 2025. (\u00a9M\u00e9lina Le Corre \/ Actu Toulouse)<\/p>\n<p class=\" wall-content\">Ah le carnaval, \u00e0 Toulouse, c\u2019est quelque chose ! La l\u00e9gende raconte qu\u2019un certain Claude Nougaro \u2013 <a href=\"https:\/\/actu.fr\/occitanie\/toulouse_31555\/toulouse-claude-sicre-lhomme-qui-a-fait-chanter-nougaro-sur-le-toit-du-capitole_60956861.html\" target=\"_blank\" rel=\"noopener\">d\u00e9guis\u00e9 en oiseau de feu<\/a> \u2013 aurait m\u00eame chant\u00e9 sur le toit du Capitole en cette occasion, il y a de \u00e7a pr\u00e8s de 40 ans ! Une autre \u00e9poque !\u00a0<\/p>\n<p class=\" wall-content\">Que nous r\u00e9serve le carnaval en 2025 ? L\u2019association le COCU organise sa grande parade, samedi soir, au centre-ville de Toulouse, de 19h30 \u00e0 0h00. Un \u00e9v\u00e9nement gratuit, populaire et festif incontournable\u2026 Cette ann\u00e9e, le dressing est simple : venez d\u00e9guiser en rose ! Vous voil\u00e0 pr\u00e9venus.\u00a0<\/p>\n<p>Infos pratiques<br \/>\nSamedi 19 avril, de 19h30 \u00e0 23h45, d\u2019Arnaud-Bernard jusqu\u2019aux Ramblas.\u00a0<br \/>\nPlus d\u2019infos <a href=\"https:\/\/carnavaldetoulouse.fr\/SiteCarnaval\/presentation\/\" target=\"_blank\" rel=\"noopener\">sur le site du Cocu<\/a>.\u00a0#2. Dimanche, viens faire un tour \u00e0 la brocante des Capitouls !\u00a0<br \/>\n      <img   decoding=\"async\" loading=\"lazy\" src=\"https:\/\/www.europesays.com\/fr\/wp-content\/uploads\/2025\/04\/brocante-capitouls-toulouse-brocante-sur-les-allees-960x640.jpg\" alt=\"Une brocante avec des exposants professionnels s'installe rue Alsace-Lorraine, dimanche 22 ocotbre 2023.\" width=\"960\" height=\"640\"\/><br \/>\n    Une brocante s\u2019installe rue Alsace-Lorraine, dimanche 20 avril 2025. (\u00a9Brocante les all\u00e9es)<\/p>\n<p class=\" wall-content\">Dimanche 20 avril, venez fl\u00e2ner \u00e0 la brocante en plein c\u0153ur de Toulouse ! De Jeanne d\u2019Arc \u00e0 Esquirol, plus de 50 brocanteurs et antiquaires viennent exposer pour la journ\u00e9e leurs derni\u00e8res trouvailles tout le long de la rue Alsace Lorraine. De l\u2019objet d\u00e9co insolite au mobilier parfait pour votre salon sans oublier les vieux bouquins, il y en aura pour tous les go\u00fbts et toutes les bourses !<\/p>\n<p>Dimanche 20 avril, de 7h \u00e0 18h, rue d\u2019Alsace-Lorraine.Buvette et restauration sur place. Plus d\u2019infos sur le site de la <a href=\"https:\/\/brocante-les-allees.com\/\" target=\"_blank\" rel=\"noopener\">Brocante des All\u00e9es<\/a>.\u00a0#3. Une gigantesque chasse aux \u0153ufs\u00a0<br \/>\n      <img   decoding=\"async\" loading=\"lazy\" src=\"https:\/\/www.europesays.com\/fr\/wp-content\/uploads\/2025\/04\/51f638ae2975635f638ae2975f8f63v-960x640.jpg\" alt=\"Fera-t-il beau en Vend\u00e9e pour ce week-end de P\u00e2ques ?\u00a0\" width=\"960\" height=\"640\"\/><br \/>\n    Fera-t-il beau en Vend\u00e9e pour ce week-end de P\u00e2ques ?\u00a0 (\u00a9\u00a9Chateau de Merville)<\/p>\n<p class=\" wall-content\">Les 19, 20 et 21 avril 2025, le Labyrinthe de Merville propose une chasse aux \u0153ufs g\u00e9ante avec 110 000 \u0153ufs en chocolat cach\u00e9s dans les 10 km d\u2019all\u00e9es de buis. Une occasion ludique de d\u00e9couvrir le plus grand labyrinthe de buis d\u2019Europe et de f\u00eater P\u00e2ques. Ce sont les enfants qui devraient \u00eatre ravis !\u00a0<\/p>\n<p>Informations pratiques : Le labyrinthe est situ\u00e9 \u00e0 Merville, \u00e0 environ 30 km de Toulouse. Ouvert de 10h \u00e0 17h. Tarifs : 13 \u20ac pour les adultes, 11 \u20ac pour les enfants de 4 \u00e0 12 ans. Plus d\u2019infos sur le site du Labyrinthe de Merville.<\/p>\n<p>#4. Foire Internationale de Toulouse<\/p>\n<p class=\" wall-content\">Du 18 au 27 avril 2025, la 92\u1d49 \u00e9dition de la Foire Internationale de Toulouse se tient au MEETT. Au programme : mode, sport, innovation, produits \u00e9thiques et design. Un \u00e9v\u00e9nement incontournable pour d\u00e9couvrir les tendances de demain. Une expo sur TAT sera aussi \u00e0 d\u00e9couvrir !\u00a0<\/p>\n<p>\u00a0Informations pratiques : Le MEETT est situ\u00e9 \u00e0 Aussonne, \u00e0 environ 20 km de Toulouse. Horaires : 10h \u00e0 19h. Tarifs : 7 \u20ac pour les adultes, gratuit pour les moins de 10 ans. Plus d\u2019infos sur le site de la<a href=\"https:\/\/www.foiredetoulouse.com\/fr\" target=\"_blank\" rel=\"noopener\"> foire internationale de Toulouse<\/a>.#5. L\u2019Urban Trail de Toulouse<\/p>\n<p class=\" wall-content\">Ne soyez pas \u00e9tonn\u00e9s si vous voyez passer des coureurs par dizaines, \u00e0 Toulouse, samedi 19 avril. Le Toulouse Urban Trail d\u00e9barque pour la premi\u00e8re fois dans la Ville rose. Le principe ? Parcourir un itin\u00e9raire de 9, 14 ou 24 kilom\u00e8tres \u00e0 travers les rues, les parcs, les places et les b\u00e2timents de Toulouse pour explorer la ville de mani\u00e8re originale. Au village d\u00e9part-arriv\u00e9e situ\u00e9 sur les all\u00e9es Jules Guesde, vous profitez d\u2019un village accessible aux coureurs et grand public, avec des animations et un espace de restauration.\u00a0<\/p>\n<p>Samedi 19 avril, \u00e0 partir de 14 heures. Plus d\u2019infos sur le site du <a href=\"https:\/\/toulouse-urbantrail.fr\/\" target=\"_blank\" rel=\"noopener\">Toulouse Urban Trail<\/a>.\u00a0#6. La Convention du Disque au Bikini<br \/>\n      <img   decoding=\"async\" loading=\"lazy\" src=\"https:\/\/www.europesays.com\/fr\/wp-content\/uploads\/2025\/04\/e1a28ad3ccf762b538ad3ccf757838v-960x640.jpeg\" alt=\"La Convention du disque : tout un monde de sons, de galettes et de passionn\u00e9s.\" width=\"960\" height=\"640\"\/><br \/>\n    La Convention du disque : tout un monde de sons, de galettes et de passionn\u00e9s. (\u00a9DR)<\/p>\n<p class=\" wall-content\">Rendez-vous incontournable des amateurs de musique, la Convention du Disque revient au Bikini, lundi 21 avril 2025. Au menu de cette 23\u00b0 \u00e9dition : des dizaines de milliers de 45T, 33T, CD, DVD, accessoires et produits d\u00e9riv\u00e9s pr\u00e9sent\u00e9s par de nombreux exposants, professionnels, particuliers et associatifs. Rock, pop, punk, m\u00e9tal, soul, funk, hip-hop, world, jazz, \u00e9lectro, vari\u00e9t\u00e9s fran\u00e7aise et internationale\u2026\u00a0tous les courants musicaux seront repr\u00e9sent\u00e9s.<\/p>\n<p class=\" wall-content\">De 10h \u00e0 18h, vous pourrez d\u00e9ambuler parmi des dizaines de boutiques \u00e9ph\u00e9m\u00e8res dans le cadre accueillant du Bikini et profiter de son patio, sa piscine, ses deux bars et son espace restauration.<\/p>\n<p>Entr\u00e9e : 3 euros. Plus d\u2019infos <a href=\"https:\/\/lebikini.com\/2025\/04\/21\/23degree-convention-du-disque-de-toulouse\" target=\"_blank\" rel=\"noopener\">sur le site du Bikini<\/a>.\u00a0#7. Na\u00efve New Beaters\u00a0<\/p>\n<p class=\" wall-content\">Il y a 15 ans, les Na\u00efve New Beaters soufflaient un vent frais et fantasque sur l\u2019Hexagone. Avec leur premier album \u201cWallace\u201d et le tube \u201cLive good\u201d, on s\u2019initiait \u00e0 la chaloupe sur des rythmes pop, rock et \u00e9lectro irr\u00e9sistibles. Aujourd\u2019hui, David Boring, Martin Luther BB King et Eurobelix reviennent avec \u201cFVTVRVM\u201d, un album aussi dansant que surprenant d\u2019\u00e9motion et de profondeur. L\u2019excentrique trio \u00e9lectro-pop est de retour \u00e0 Toulouse, apr\u00e8s 5 ans, pour un concert \u00e0 Interference ! Une soir\u00e9e qui s\u2019annonce explosive, o\u00f9 l\u2019\u00e9nergie d\u00e9jant\u00e9e et les rythmes \u00e9lectrisants viendront enflammer la sc\u00e8ne.<\/p>\n<p>Vendredi 18 avril, \u00e0 partir de 19 heures, \u00e0 Interference (Balma). Infos et tarifs<a href=\"https:\/\/www.interference-toulouse.fr\/\" target=\"_blank\" rel=\"noopener\"> sur le site de la salle de spectacles<\/a>.\u00a0#7. Starmusical au Z\u00e9nith de Toulouse\u00a0<\/p>\n<p class=\" wall-content\">Starmusical invite le public \u00e0 d\u00e9couvrir une r\u00e9trospective des plus grands tubes de com\u00e9dies musicales de ces 50 derni\u00e8res ann\u00e9es, avec certains des artistes qui les ont incarn\u00e9es. Une com\u00e9die musicale \u00ab\u00a0feel good\u00a0\u00bb \u00e0 d\u00e9couvrir au Z\u00e9nith de Toulouse, dimanche 20 avril.\u00a0<\/p>\n<p>Dimanche 20 avril, \u00e0 17h. Tarifs : 45 \u00e0 70 euros. Plus d\u2019infos <a href=\"https:\/\/zenith-toulousemetropole.com\/shows\/STARMUSICAL-19493\" target=\"_blank\" rel=\"noopener\">sur le site du Z\u00e9nith.<\/a>\u00a0#8. Didier Super &amp; Marcel et son orchestre, le retour\u00a0<\/p>\n<p class=\" wall-content\">Remonter un groupe de rock, voil\u00e0 la dr\u00f4le d\u2019id\u00e9e qu\u2019a eu Didier Super ! Sa musique et son ton toujours caustique seront donc \u00e0 (re)d\u00e9couvrir sur sc\u00e8ne, au Bikini, vendredi 18 avril. Et pour couronner le tout, il partagera le plateau avec la joyeuse bande de Marcel et son orchestre.\u00a0<\/p>\n<p>Au Bikini, vendredi 18 avril, \u00e0 partir de 19h00. Plus d\u2019infos <a href=\"https:\/\/lebikini.com\/2025\/04\/18\/didier-super-and-marcel-and-son-orchestre\" target=\"_blank\" rel=\"noopener\">sur le site du Bikini<\/a>.\u00a0#8. Se faire une expo<\/p>\n<p class=\" wall-content\">Du Mus\u00e9e imaginaire d\u2019Oli aux Abattoirs, \u00e0 l\u2019expo sur MC Escher au Bazacle en passant par le Mus\u00e9e Bemberg ou le mus\u00e9e Saint-Raymond, de nombreux mus\u00e9es organisent de passionnantes expositions temporaires.\u00a0<\/p>\n<p class=\" wall-content\">Pour en savoir plus, <strong>lire notre article complet :<\/strong>\u00a0<\/p>\n<p class=\" wall-content\">Suivez toute l\u2019actualit\u00e9 de vos villes et m\u00e9dias favoris en vous inscrivant \u00e0 <a href=\"https:\/\/moncompte.actu.fr\" title=\"D\u00e9couvez Mon Actu\" rel=\"nofollow noopener\" data-trk=\"{&quot;cta&quot;:{&quot;action&quot;:&quot;https:\\\/\\\/moncompte.actu.fr&quot;,&quot;category&quot;:&quot;mon compte&quot;,&quot;from&quot;:&quot;article footer&quot;,&quot;name&quot;:&quot;Mon actu&quot;,&quot;type&quot;:&quot;cta&quot;}}\" target=\"_blank\">Mon Actu<\/a>.<\/p>\n","protected":false},"excerpt":{"rendered":"Par Gabriel Kenedi Publi\u00e9 le 16 avr. 2025 \u00e0 20h12 Pas de rel\u00e2che, m\u00eame pendant les vacances !&hellip;\n","protected":false},"author":2,"featured_media":30014,"comment_status":"","ping_status":"","sticky":false,"template":"","format":"standard","meta":{"footnotes":""},"categories":[2816],"tags":[1111,11,1777,674,1011,27,3478,1652,12,2680,4769,25,1341,2312],"class_list":{"0":"post-30013","1":"post","2":"type-post","3":"status-publish","4":"format-standard","5":"has-post-thumbnail","7":"category-toulouse","8":"tag-actu","9":"tag-actualites","10":"tag-eu","11":"tag-europe","12":"tag-fr","13":"tag-france","14":"tag-le-bikini","15":"tag-loisirs-culture","16":"tag-news","17":"tag-occitanie","18":"tag-paques","19":"tag-republique-francaise","20":"tag-sortir-a-toulouse","21":"tag-toulouse"},"share_on_mastodon":{"url":"https:\/\/pubeurope.com\/@fr\/114349768949760360","error":""},"_links":{"self":[{"href":"https:\/\/www.europesays.com\/fr\/wp-json\/wp\/v2\/posts\/30013","targetHints":{"allow":["GET"]}}],"collection":[{"href":"https:\/\/www.europesays.com\/fr\/wp-json\/wp\/v2\/posts"}],"about":[{"href":"https:\/\/www.europesays.com\/fr\/wp-json\/wp\/v2\/types\/post"}],"author":[{"embeddable":true,"href":"https:\/\/www.europesays.com\/fr\/wp-json\/wp\/v2\/users\/2"}],"replies":[{"embeddable":true,"href":"https:\/\/www.europesays.com\/fr\/wp-json\/wp\/v2\/comments?post=30013"}],"version-history":[{"count":0,"href":"https:\/\/www.europesays.com\/fr\/wp-json\/wp\/v2\/posts\/30013\/revisions"}],"wp:featuredmedia":[{"embeddable":true,"href":"https:\/\/www.europesays.com\/fr\/wp-json\/wp\/v2\/media\/30014"}],"wp:attachment":[{"href":"https:\/\/www.europesays.com\/fr\/wp-json\/wp\/v2\/media?parent=30013"}],"wp:term":[{"taxonomy":"category","embeddable":true,"href":"https:\/\/www.europesays.com\/fr\/wp-json\/wp\/v2\/categories?post=30013"},{"taxonomy":"post_tag","embeddable":true,"href":"https:\/\/www.europesays.com\/fr\/wp-json\/wp\/v2\/tags?post=30013"}],"curies":[{"name":"wp","href":"https:\/\/api.w.org\/{rel}","templated":true}]}}