{"id":300136,"date":"2025-08-06T10:22:13","date_gmt":"2025-08-06T10:22:13","guid":{"rendered":"https:\/\/www.europesays.com\/fr\/300136\/"},"modified":"2025-08-06T10:22:13","modified_gmt":"2025-08-06T10:22:13","slug":"un-bus-scolaire-qui-transportait-12-enfants-prend-feu-sur-lautoroute-pres-de-toulouse","status":"publish","type":"post","link":"https:\/\/www.europesays.com\/fr\/300136\/","title":{"rendered":"Un bus scolaire qui transportait 12 enfants prend feu sur l&rsquo;autoroute, pr\u00e8s de Toulouse"},"content":{"rendered":"<p>            Par<br \/>\n        <strong><br \/>\n            <a href=\"https:\/\/actu.fr\/auteur\/anaelle-montagne\" title=\"Consulter tous les articles de Anaelle Montagne\" target=\"_blank\" rel=\"noopener\">Anaelle Montagne<\/a><br \/>\n        <\/strong><\/p>\n<p>        Publi\u00e9 le<\/p>\n<p>            6 ao\u00fbt 2025 \u00e0 11h07        <\/p>\n<p>Un <strong>impressionnant incendie<\/strong> est en cours sur <a href=\"https:\/\/actu.fr\/tag\/autoroute-68-a68\" target=\"_blank\" rel=\"noopener\"><strong>l\u2019autoroute A68<\/strong><\/a>, au niveau de <strong><a href=\"https:\/\/actu.fr\/occitanie\/castelmaurou_31117\" target=\"_blank\" rel=\"noopener\">Castelmaurou<\/a>, <\/strong>au nord-est de la Ville rose, ce mercredi 6 ao\u00fbt 2025. Un<strong> bus scolaire<\/strong>, qui circulait dans le<strong> sens Toulouse-Albi<\/strong>, est en proie aux flammes depuis 10h15.\u00a0<\/p>\n<p>12 enfants et quatre adultes \u00e0 l\u2019int\u00e9rieur<\/p>\n<p class=\" wall-content\">D\u2019apr\u00e8s nos informations, il transportait <strong>12 enfants<\/strong> \u00e2g\u00e9s de trois \u00e0 six ans, accompagn\u00e9s de<strong> trois accompagnateurs et du conducteur<\/strong>. Tous sont sortis en s\u00e9curit\u00e9 du v\u00e9hicule, mais les bambins sont tr\u00e8s choqu\u00e9s.\u00a0<\/p>\n<p class=\" wall-content\">Le SDIS confirme \u00e0 Actu Toulouse que tous les passagers ont pu \u00e9vacuer \u00e0 temps. \u00ab\u00a0Ils sont <strong>en s\u00e9curit\u00e9<\/strong> derri\u00e8re les rambardes de s\u00e9curit\u00e9\u00a0\u00bb, rassure-t-il.<\/p>\n<p>Qu\u2019est-ce qui a caus\u00e9 l\u2019incendie ?\u00a0<\/p>\n<p class=\" wall-content\">Le feu aurait d\u00e9marr\u00e9 <strong>au niveau du moteur<\/strong> de ce grand bus, d\u2019une capacit\u00e9 de 50 passagers. Rapidement, il s\u2019est <strong>enti\u00e8rement enflamm\u00e9<\/strong>. Le feu s\u2019est aussi propag\u00e9 \u00e0 de <strong>la v\u00e9g\u00e9tation<\/strong> sur le bas-c\u00f4t\u00e9.\u00a0<\/p>\n<p class=\" wall-content\">Les pompiers et les gendarmes ont \u00e9t\u00e9 appel\u00e9s \u00e0 intervenir sur les lieux, au niveau du point kilom\u00e9trique 10. Ils sont actuellement sur place.\u00a0<\/p>\n<p>    <a href=\"https:\/\/www.google.com\/maps\/embed?pb=!1m18!1m12!1m3!1d23039.000128092695!2d1.7210925581239376!3d43.79620643072301!2m3!1f0!2f0!3f0!3m2!1i1024!2i768!4f13.1!3m3!1m2!1s0x12ae81e234cf747b%3A0x9d65c7398c384f9e!2sA68!5e0!3m2!1sen!2sfr!4v1754471152121!5m2!1sen!2sfr\" title=\"Ouvrie le lien\" target=\"_blank\" rel=\"noopener\">Cliquez ici pour visualiser le contenu<\/a><\/p>\n<p>Vid\u00e9os : en ce moment sur ActuLa circulation coup\u00e9e sur une voie<\/p>\n<p class=\" wall-content\">Les op\u00e9rations de secours n\u00e9cessitent en outre une <strong>coupure de la circulation<\/strong> au niveau de l\u2019accident, dans le sens Toulouse-<a href=\"https:\/\/actu.fr\/occitanie\/albi_81004\" target=\"_blank\" rel=\"noopener\">Albi<\/a>. Un l\u00e9ger bouchon d\u2019<strong>1,5 km<\/strong> s\u2019est form\u00e9 suite au r\u00e9tr\u00e9cissement des voies \u00e0 Castelmaurou. L\u2019incident \u00e9tait toujours en cours \u00e0 10h55. Cette intervention mobilise 4 engins et 16 sapeurs-pompiers, indique de son c\u00f4t\u00e9 le SDIS de la Haute-Garonne.<\/p>\n<p class=\" wall-content\">Suivez toute l\u2019actualit\u00e9 de vos villes et m\u00e9dias favoris en vous inscrivant \u00e0 <a href=\"https:\/\/moncompte.actu.fr\" title=\"D\u00e9couvez Mon Actu\" rel=\"nofollow noopener\" data-trk=\"{&quot;cta&quot;:{&quot;action&quot;:&quot;https:\\\/\\\/moncompte.actu.fr&quot;,&quot;category&quot;:&quot;mon compte&quot;,&quot;from&quot;:&quot;article footer&quot;,&quot;name&quot;:&quot;Mon actu&quot;,&quot;type&quot;:&quot;cta&quot;}}\" target=\"_blank\">Mon Actu<\/a>.<\/p>\n<ul class=\"ac-article-tag wall-content\">\n<li><a href=\"https:\/\/actu.fr\/tag\/autoroute-68-a68\" data-trk=\"{&quot;cta&quot;:{&quot;action&quot;:&quot;Autoroute 68 (A68)&quot;,&quot;category&quot;:&quot;tag&quot;,&quot;from&quot;:&quot;article footer&quot;,&quot;name&quot;:&quot;Autoroute 68 (A68)&quot;,&quot;type&quot;:&quot;cta&quot;}}\" target=\"_blank\" rel=\"noopener\">#Autoroute 68 (A68)<\/a><\/li>\n<li><a href=\"https:\/\/actu.fr\/tag\/incendie\" data-trk=\"{&quot;cta&quot;:{&quot;action&quot;:&quot;Incendie&quot;,&quot;category&quot;:&quot;tag&quot;,&quot;from&quot;:&quot;article footer&quot;,&quot;name&quot;:&quot;Incendie&quot;,&quot;type&quot;:&quot;cta&quot;}}\" target=\"_blank\" rel=\"noopener\">#Incendie<\/a><\/li>\n<\/ul>\n","protected":false},"excerpt":{"rendered":"Par Anaelle Montagne Publi\u00e9 le 6 ao\u00fbt 2025 \u00e0 11h07 Un impressionnant incendie est en cours sur l\u2019autoroute&hellip;\n","protected":false},"author":2,"featured_media":300137,"comment_status":"","ping_status":"","sticky":false,"template":"","format":"standard","meta":{"footnotes":""},"categories":[2816],"tags":[1111,11,5727,1777,674,118,1011,27,1310,12,2680,25,2312],"class_list":{"0":"post-300136","1":"post","2":"type-post","3":"status-publish","4":"format-standard","5":"has-post-thumbnail","7":"category-toulouse","8":"tag-actu","9":"tag-actualites","10":"tag-autoroute-68-a68","11":"tag-eu","12":"tag-europe","13":"tag-faits-divers","14":"tag-fr","15":"tag-france","16":"tag-incendie","17":"tag-news","18":"tag-occitanie","19":"tag-republique-francaise","20":"tag-toulouse"},"share_on_mastodon":{"url":"https:\/\/pubeurope.com\/@fr\/114981328948397319","error":""},"_links":{"self":[{"href":"https:\/\/www.europesays.com\/fr\/wp-json\/wp\/v2\/posts\/300136","targetHints":{"allow":["GET"]}}],"collection":[{"href":"https:\/\/www.europesays.com\/fr\/wp-json\/wp\/v2\/posts"}],"about":[{"href":"https:\/\/www.europesays.com\/fr\/wp-json\/wp\/v2\/types\/post"}],"author":[{"embeddable":true,"href":"https:\/\/www.europesays.com\/fr\/wp-json\/wp\/v2\/users\/2"}],"replies":[{"embeddable":true,"href":"https:\/\/www.europesays.com\/fr\/wp-json\/wp\/v2\/comments?post=300136"}],"version-history":[{"count":0,"href":"https:\/\/www.europesays.com\/fr\/wp-json\/wp\/v2\/posts\/300136\/revisions"}],"wp:featuredmedia":[{"embeddable":true,"href":"https:\/\/www.europesays.com\/fr\/wp-json\/wp\/v2\/media\/300137"}],"wp:attachment":[{"href":"https:\/\/www.europesays.com\/fr\/wp-json\/wp\/v2\/media?parent=300136"}],"wp:term":[{"taxonomy":"category","embeddable":true,"href":"https:\/\/www.europesays.com\/fr\/wp-json\/wp\/v2\/categories?post=300136"},{"taxonomy":"post_tag","embeddable":true,"href":"https:\/\/www.europesays.com\/fr\/wp-json\/wp\/v2\/tags?post=300136"}],"curies":[{"name":"wp","href":"https:\/\/api.w.org\/{rel}","templated":true}]}}