{"id":300138,"date":"2025-08-06T10:23:27","date_gmt":"2025-08-06T10:23:27","guid":{"rendered":"https:\/\/www.europesays.com\/fr\/300138\/"},"modified":"2025-08-06T10:23:27","modified_gmt":"2025-08-06T10:23:27","slug":"lille-cette-enseigne-deco-et-maison-qui-cartonne-en-france-debarque-au-centre-commercial-lillenium","status":"publish","type":"post","link":"https:\/\/www.europesays.com\/fr\/300138\/","title":{"rendered":"Lille. Cette enseigne d\u00e9co et maison qui cartonne en France d\u00e9barque au centre commercial Lillenium"},"content":{"rendered":"<p>            Par<br \/>\n        <strong><br \/>\n            <a href=\"https:\/\/actu.fr\/auteur\/hervine-mahaud\" title=\"Consulter tous les articles de Hervine Mahaud\" target=\"_blank\" rel=\"noopener\">Hervine Mahaud<\/a><br \/>\n        <\/strong><\/p>\n<p>        Publi\u00e9 le<\/p>\n<p>            6 ao\u00fbt 2025 \u00e0 6h30        <\/p>\n<p>Une nouvelle ouverture est toujours un \u00e9v\u00e9nement pour un centre commercial. Et \u00e7a l\u2019est d\u2019autant plus lorsque l\u2019enseigne qui s\u2019installe est tr\u00e8s attendue par les clients. Avec son positionnement de <b>discounter<\/b>, m\u00ealant <b>petits prix<\/b> et offre renouvel\u00e9e constamment, le <b>March\u00e9 aux Affaires<\/b> a tout de suite trouv\u00e9 son public \u00e0 <b>Lillenium<\/b>, le <b>centre commercial<\/b> de <b>Lille-Sud<\/b>. Depuis son inauguration samedi 2\u00a0ao\u00fbt 2025, le <b>magasin<\/b>, qui propose de la <b>d\u00e9co<\/b> et des <b>accessoires pour la maison<\/b>, ne d\u00e9semplit pas.<\/p>\n<p>Juste \u00e0 c\u00f4t\u00e9 d\u2019Action<\/p>\n<p class=\" wall-content\">Le magasin de 619 m\u00b2 a parfaitement trouv\u00e9 sa place dans le centre commercial\u2009: au premier \u00e9tage, \u00e0 la place de la <a href=\"https:\/\/actu.fr\/hauts-de-france\/lille_59350\/vetements-a-petits-prix-pour-toute-la-famille-le-primark-francais-ouvre-a-lillenium_55076613.html\" target=\"_blank\" rel=\"noopener\">boutique de v\u00eatements Naumy<\/a> et juste \u00e0 c\u00f4t\u00e9 d\u2019<a href=\"https:\/\/actu.fr\/hauts-de-france\/lille_59350\/lille-sud-le-nouveau-magasin-action-pris-d-assaut-des-son-ouverture-a-lillenium_52358851.html\" target=\"_blank\" rel=\"noopener\">Action<\/a>. \u00ab\u2009On a pu constater que les clients faisaient les deux magasins\u2009\u00bb, souligne Sabine Gavin-Plagne, directrice de Lillenium.<\/p>\n<p class=\" wall-content\">Avec cette implantation, le centre commercial se r\u00e9jouit de pouvoir \u00e9toffer son offre maison et proposer \u00ab\u2009encore plus de produits de d\u00e9corations et d\u2019accessoires pour la maison\u2009\u00bb. Si le succ\u00e8s est au rendez-vous, il est m\u00eame possible de voir s\u2019installer dans le centre commercial lillois d\u2019autres concepts de ce type.<\/p>\n<p>    <img   decoding=\"async\" loading=\"lazy\" class=\"size-large\" src=\"https:\/\/www.europesays.com\/fr\/wp-content\/uploads\/2025\/08\/f1a226a922986e5a226a92298c9a22v-960x640.jpg\" alt=\"le march\u00e9 aux affaires centre commercial lillenium lille sud 1.\" width=\"960\" height=\"640\"\/><br \/>\n    Depuis l\u2019ouverture, les clients se pressent pour d\u00e9couvrir le nouveau magasin de Lillenium. \u00a9Hervine MahaudUne vari\u00e9t\u00e9 de produits \u00e0 prix discount<\/p>\n<p class=\" wall-content\">Le concept propos\u00e9 par Le March\u00e9 aux Affaires a en effet de quoi s\u00e9duire. \u00ab\u2009Notre force r\u00e9side dans la vari\u00e9t\u00e9 de produits de d\u00e9coration, d\u2019\u00e9quipement pour la maison et la personne, le tout \u00e0 prix discount\u2009\u00bb, explique Issam Salem, g\u00e9rant du point de vente. \u00ab\u2009Nous avons \u00e0 c\u0153ur de proposer une offre diversifi\u00e9e et compl\u00e9mentaire, en parfaite harmonie avec la dynamique du centre.\u2009\u00bb<\/p>\n<p>    <img   decoding=\"async\" loading=\"lazy\" class=\"size-large\" src=\"https:\/\/www.europesays.com\/fr\/wp-content\/uploads\/2025\/08\/b6ed36a922986eaed36a92298deed3v-960x640.jpg\" alt=\"le march\u00e9 aux affaires centre commercial lillenium lille sud 1.\" width=\"960\" height=\"640\"\/><br \/>\n    L\u2019offre du March\u00e9 aux Affaires est constamment renouvel\u00e9e. \u00a9Hervine Mahaud<\/p>\n<p class=\" wall-content\">Le magasin propose toute l\u2019ann\u00e9e \u00ab\u2009des prix tr\u00e8s bas\u2009\u00bb sur des articles aussi vari\u00e9s que le cadeau, la d\u00e9coration, l\u2019art de la table, le festif, la peinture, le bricolage et les produits m\u00e9nagers. \u00ab\u2009Les 15\u2009000 r\u00e9f\u00e9rences de produits permanents, d\u2019articles de d\u00e9stockage, ou de gammes saisonni\u00e8res, sont autant d\u2019opportunit\u00e9s \u00e0 saisir toute l\u2019ann\u00e9e\u2009\u00bb, explique l\u2019enseigne.<\/p>\n<p>Une entreprise familiale<\/p>\n<p class=\" wall-content\">\u00ab\u2009C\u2019est la premi\u00e8re fois que l\u2019enseigne s\u2019installe dans un centre commercial\u2009\u00bb, souligne la directrice de Lillenium. Pourtant, son histoire n\u2019est pas toute r\u00e9cente. La centrale du March\u00e9 aux Affaires d\u00e9nomm\u00e9e L3F (Les 3 Fr\u00e8res) a \u00e9t\u00e9 cr\u00e9\u00e9e le 5\u00a0octobre 2004 \u00e0 Corcelles-les-Monts (C\u00f4te-d\u2019Or) par Nahel, Sylvain et Wahel Jaghlit.<\/p>\n<p class=\" wall-content\">Forts de l\u2019exp\u00e9rience transmise par leur p\u00e8re Mouaz Jaghlit, qui ouvre son premier magasin de bazar en 1980, ils suivent l\u2019exemple paternel en exploitant 34 magasins en propre.<\/p>\n<p>    <img   decoding=\"async\" loading=\"lazy\" class=\"size-large\" src=\"https:\/\/www.europesays.com\/fr\/wp-content\/uploads\/2025\/08\/97f026a9229867cf026a9229840012v-960x640.jpg\" alt=\"le march\u00e9 aux affaires centre commercial lillenium lille sud 1.\" width=\"960\" height=\"640\"\/><br \/>\n    Les tout petits prix sont de mise. \u00a9Hervine Mahaud<\/p>\n<p class=\" wall-content\">\u00ab\u2009Ces derniers constituent le socle du savoir-faire en mati\u00e8re d\u2019achat, de merchandising, de techniques de vente, et de gestion profitable\u2009\u00bb, relate l\u2019enseigne.<\/p>\n<p class=\" wall-content\">S\u00e9duits par le concept, des amis commer\u00e7ants les suivent dans l\u2019aventure. Devant la r\u00e9ussite de la formule, les trois fr\u00e8res d\u00e9cident de faire profiter de leur exp\u00e9rience \u00e0 de nouveaux partenaires par le biais de la franchise. La r\u00e9ussite est au rendez-vous\u2009: en 2025, le r\u00e9seau compte plus de 350 magasins partout en France.<\/p>\n<p class=\" wall-content\">Suivez toute l\u2019actualit\u00e9 de vos villes et m\u00e9dias favoris en vous inscrivant \u00e0 <a href=\"https:\/\/moncompte.actu.fr\" title=\"D\u00e9couvez Mon Actu\" rel=\"nofollow noopener\" data-trk=\"{&quot;cta&quot;:{&quot;action&quot;:&quot;https:\\\/\\\/moncompte.actu.fr&quot;,&quot;category&quot;:&quot;mon compte&quot;,&quot;from&quot;:&quot;article footer&quot;,&quot;name&quot;:&quot;Mon actu&quot;,&quot;type&quot;:&quot;cta&quot;}}\" target=\"_blank\">Mon Actu<\/a>.<\/p>\n","protected":false},"excerpt":{"rendered":"Par Hervine Mahaud Publi\u00e9 le 6 ao\u00fbt 2025 \u00e0 6h30 Une nouvelle ouverture est toujours un \u00e9v\u00e9nement pour&hellip;\n","protected":false},"author":2,"featured_media":300139,"comment_status":"","ping_status":"","sticky":false,"template":"","format":"standard","meta":{"footnotes":""},"categories":[2815],"tags":[1111,11,33,1777,674,1011,27,811,1307,12,3147,25],"class_list":{"0":"post-300138","1":"post","2":"type-post","3":"status-publish","4":"format-standard","5":"has-post-thumbnail","7":"category-lille","8":"tag-actu","9":"tag-actualites","10":"tag-economie","11":"tag-eu","12":"tag-europe","13":"tag-fr","14":"tag-france","15":"tag-hauts-de-france","16":"tag-lille","17":"tag-news","18":"tag-nouveaux-commerces","19":"tag-republique-francaise"},"share_on_mastodon":{"url":"https:\/\/pubeurope.com\/@fr\/114981332953450066","error":""},"_links":{"self":[{"href":"https:\/\/www.europesays.com\/fr\/wp-json\/wp\/v2\/posts\/300138","targetHints":{"allow":["GET"]}}],"collection":[{"href":"https:\/\/www.europesays.com\/fr\/wp-json\/wp\/v2\/posts"}],"about":[{"href":"https:\/\/www.europesays.com\/fr\/wp-json\/wp\/v2\/types\/post"}],"author":[{"embeddable":true,"href":"https:\/\/www.europesays.com\/fr\/wp-json\/wp\/v2\/users\/2"}],"replies":[{"embeddable":true,"href":"https:\/\/www.europesays.com\/fr\/wp-json\/wp\/v2\/comments?post=300138"}],"version-history":[{"count":0,"href":"https:\/\/www.europesays.com\/fr\/wp-json\/wp\/v2\/posts\/300138\/revisions"}],"wp:featuredmedia":[{"embeddable":true,"href":"https:\/\/www.europesays.com\/fr\/wp-json\/wp\/v2\/media\/300139"}],"wp:attachment":[{"href":"https:\/\/www.europesays.com\/fr\/wp-json\/wp\/v2\/media?parent=300138"}],"wp:term":[{"taxonomy":"category","embeddable":true,"href":"https:\/\/www.europesays.com\/fr\/wp-json\/wp\/v2\/categories?post=300138"},{"taxonomy":"post_tag","embeddable":true,"href":"https:\/\/www.europesays.com\/fr\/wp-json\/wp\/v2\/tags?post=300138"}],"curies":[{"name":"wp","href":"https:\/\/api.w.org\/{rel}","templated":true}]}}