{"id":300140,"date":"2025-08-06T10:24:13","date_gmt":"2025-08-06T10:24:13","guid":{"rendered":"https:\/\/www.europesays.com\/fr\/300140\/"},"modified":"2025-08-06T10:24:13","modified_gmt":"2025-08-06T10:24:13","slug":"lucas-chevalier-au-psg-lechec-que-personne-na-vu-venir","status":"publish","type":"post","link":"https:\/\/www.europesays.com\/fr\/300140\/","title":{"rendered":"Lucas Chevalier au PSG, l\u2019\u00e9chec que personne n\u2019a vu venir"},"content":{"rendered":"<p><a href=\"https:\/\/www.goal.com\/fr\/listes\/contrat-salaire-interet-de-chelsea-pourquoi-la-prolongation-de-donnarumma-a-paris-bloque\/blt2ac43444981f00cc\" target=\"_self\" rel=\"nofollow noopener\">Gianluigi Donnarumma chamboule le mercato du Paris Saint-Germain. A un an de la fin de son contrat, le portier italien refuse de prolonger son bail, si les conditions financi\u00e8res qu\u2019il r\u00e9clame ne sont pas r\u00e9unies<\/a>. Ne voulant pas s\u2019aligner sur les exigences de son gardien, <a href=\"https:\/\/www.goal.com\/fr\/listes\/donnarumma-ou-lucas-chevalier-le-drole-de-choix-du-psg\/blt3dbcaa765f8ef560\" target=\"_self\" rel=\"nofollow noopener\">le PSG a activ\u00e9 son plan B, celui de recruter Lucas Chevalier, gardien de Lille<\/a>. Mais ce dernier pourrait finalement ne pas venir dans la capitale fran\u00e7aise cet \u00e9t\u00e9.<\/p>\n<p>Recommended external contentVideoWe need your consent to show you content our Editorial team embedded from Video. You can toggle this (and all other embeds from Video across goal.com) on with one click only and deactivate as well.Always display Video contentI confirm that I would like to see external content. Personal identifiable data could be transferred to Third parties. <a href=\"https:\/\/www.goal.com\/fr\/l%C3%A9gal\/politique-priv%C3%A9e\" target=\"_blank\" rel=\"noreferrer nofollow noopener\">Read more about it in our privacy policy<\/a>.<\/p>\n","protected":false},"excerpt":{"rendered":"Gianluigi Donnarumma chamboule le mercato du Paris Saint-Germain. A un an de la fin de son contrat, le&hellip;\n","protected":false},"author":2,"featured_media":277559,"comment_status":"","ping_status":"","sticky":false,"template":"","format":"standard","meta":{"footnotes":""},"categories":[2815],"tags":[1111,11,1777,674,1011,27,30055,811,28965,66,1307,1434,12,91,25,28401],"class_list":{"0":"post-300140","1":"post","2":"type-post","3":"status-publish","4":"format-standard","5":"has-post-thumbnail","7":"category-lille","8":"tag-actu","9":"tag-actualites","10":"tag-eu","11":"tag-europe","12":"tag-fr","13":"tag-france","14":"tag-g-donnarumma","15":"tag-hauts-de-france","16":"tag-l-chevalier","17":"tag-ligue-1","18":"tag-lille","19":"tag-mercato","20":"tag-news","21":"tag-paris-saint-germain","22":"tag-republique-francaise","23":"tag-transfers"},"share_on_mastodon":{"url":"https:\/\/pubeurope.com\/@fr\/114981336745725868","error":""},"_links":{"self":[{"href":"https:\/\/www.europesays.com\/fr\/wp-json\/wp\/v2\/posts\/300140","targetHints":{"allow":["GET"]}}],"collection":[{"href":"https:\/\/www.europesays.com\/fr\/wp-json\/wp\/v2\/posts"}],"about":[{"href":"https:\/\/www.europesays.com\/fr\/wp-json\/wp\/v2\/types\/post"}],"author":[{"embeddable":true,"href":"https:\/\/www.europesays.com\/fr\/wp-json\/wp\/v2\/users\/2"}],"replies":[{"embeddable":true,"href":"https:\/\/www.europesays.com\/fr\/wp-json\/wp\/v2\/comments?post=300140"}],"version-history":[{"count":0,"href":"https:\/\/www.europesays.com\/fr\/wp-json\/wp\/v2\/posts\/300140\/revisions"}],"wp:featuredmedia":[{"embeddable":true,"href":"https:\/\/www.europesays.com\/fr\/wp-json\/wp\/v2\/media\/277559"}],"wp:attachment":[{"href":"https:\/\/www.europesays.com\/fr\/wp-json\/wp\/v2\/media?parent=300140"}],"wp:term":[{"taxonomy":"category","embeddable":true,"href":"https:\/\/www.europesays.com\/fr\/wp-json\/wp\/v2\/categories?post=300140"},{"taxonomy":"post_tag","embeddable":true,"href":"https:\/\/www.europesays.com\/fr\/wp-json\/wp\/v2\/tags?post=300140"}],"curies":[{"name":"wp","href":"https:\/\/api.w.org\/{rel}","templated":true}]}}